{"id":50876,"date":"2023-07-27T09:31:51","date_gmt":"2023-07-27T14:31:51","guid":{"rendered":"https:\/\/revistazetta.com\/?p=50876"},"modified":"2023-07-27T09:31:51","modified_gmt":"2023-07-27T14:31:51","slug":"dau-y-su-candidata-pinedo-reciben-sacudon-politico-de-jacqueline-perea","status":"publish","type":"post","link":"https:\/\/revistazetta.com\/?p=50876","title":{"rendered":"Dau y su candidata Pinedo reciben sacud\u00f3n pol\u00edtico de Jacqueline Perea"},"content":{"rendered":"<p>La Mujer con Pantalones sorprendi\u00f3 con aval pastranista para llegar a la Alcald\u00eda de Cartagena<\/p>\n<p><strong>Cartagena de Indias, 27 de julio de 2023.-<\/strong> \u00abYo no amago, te voy a desenmascarar\u00bb fue la advertencia pol\u00edtica que lanz\u00f3 Jacqueline Perea contra Judith Pinedo, en el anuncio de su inscripci\u00f3n como candidata a la Alcald\u00eda de Cartagena con aval del pastranista partido Nueva Fuerza Democr\u00e1tica.<\/p>\n<p><img loading=\"lazy\" decoding=\"async\" class=\"alignnone size-medium wp-image-50878\" src=\"https:\/\/revistazetta.com\/wp-content\/uploads\/2023\/07\/ZZZ_0982-498x333.jpg\" alt=\"\" width=\"498\" height=\"333\" srcset=\"https:\/\/revistazetta.com\/wp-content\/uploads\/2023\/07\/ZZZ_0982-498x333.jpg 498w, https:\/\/revistazetta.com\/wp-content\/uploads\/2023\/07\/ZZZ_0982-1024x684.jpg 1024w, https:\/\/revistazetta.com\/wp-content\/uploads\/2023\/07\/ZZZ_0982-242x162.jpg 242w, https:\/\/revistazetta.com\/wp-content\/uploads\/2023\/07\/ZZZ_0982-1536x1027.jpg 1536w, https:\/\/revistazetta.com\/wp-content\/uploads\/2023\/07\/ZZZ_0982-2048x1369.jpg 2048w\" sizes=\"auto, (max-width: 498px) 100vw, 498px\" \/><\/p>\n<p>La candidata estuvo acompa\u00f1ada por el excancicller Fernando Ara\u00fajo Perdomo y el exgobernador Miguel Navas Meisel, dos \u00a0de los m\u00e1s cercanos dirigentes cartageneros del expresidente Andr\u00e9s Pastrana Arango.<\/p>\n<p>Perea explic\u00f3 que desarroll\u00f3 una juiciosa recolecci\u00f3n de m\u00e1s de 85 mil firmas, pero que los riesgos de la aprobaci\u00f3n y el hecho de una inscripci\u00f3n en suspenso, motivaron su aceptaci\u00f3n del aval otorgado por Nueva Fuerza Democr\u00e1tica.<\/p>\n<p><img loading=\"lazy\" decoding=\"async\" class=\"alignnone size-medium wp-image-50880\" src=\"https:\/\/revistazetta.com\/wp-content\/uploads\/2023\/07\/ZZZ_1002-498x333.jpg\" alt=\"\" width=\"498\" height=\"333\" srcset=\"https:\/\/revistazetta.com\/wp-content\/uploads\/2023\/07\/ZZZ_1002-498x333.jpg 498w, https:\/\/revistazetta.com\/wp-content\/uploads\/2023\/07\/ZZZ_1002-1024x684.jpg 1024w, https:\/\/revistazetta.com\/wp-content\/uploads\/2023\/07\/ZZZ_1002-242x162.jpg 242w, https:\/\/revistazetta.com\/wp-content\/uploads\/2023\/07\/ZZZ_1002-1536x1027.jpg 1536w, https:\/\/revistazetta.com\/wp-content\/uploads\/2023\/07\/ZZZ_1002-2048x1369.jpg 2048w\" sizes=\"auto, (max-width: 498px) 100vw, 498px\" \/><\/p>\n<p>Perea lanz\u00f3 una fuerte advertencia a la tambi\u00e9n candidata Judith Pinedo, a quien le dijo que la \u00abva a desenmascarar\u00bb porque es la candidata que impulsa el nefasto alcalde William Dau, y son la f\u00f3rmula continuista para mantener a Cartagena en el estado desastroso actual.<\/p>\n<p>Jacqueline Perea concedi\u00f3 una entrevista en profundidad a Revista Zetta, que estaremos publicando en breve.<\/p>\n<p><img loading=\"lazy\" decoding=\"async\" class=\"alignnone size-medium wp-image-50879\" src=\"https:\/\/revistazetta.com\/wp-content\/uploads\/2023\/07\/ZZZ_0986-498x333.jpg\" alt=\"\" width=\"498\" height=\"333\" srcset=\"https:\/\/revistazetta.com\/wp-content\/uploads\/2023\/07\/ZZZ_0986-498x333.jpg 498w, https:\/\/revistazetta.com\/wp-content\/uploads\/2023\/07\/ZZZ_0986-1024x684.jpg 1024w, https:\/\/revistazetta.com\/wp-content\/uploads\/2023\/07\/ZZZ_0986-242x162.jpg 242w, https:\/\/revistazetta.com\/wp-content\/uploads\/2023\/07\/ZZZ_0986-1536x1027.jpg 1536w, https:\/\/revistazetta.com\/wp-content\/uploads\/2023\/07\/ZZZ_0986-2048x1369.jpg 2048w\" sizes=\"auto, (max-width: 498px) 100vw, 498px\" \/>\u00a0\u00a0<img loading=\"lazy\" decoding=\"async\" class=\"alignnone size-medium wp-image-50881\" src=\"https:\/\/revistazetta.com\/wp-content\/uploads\/2023\/07\/ZZZ_1014-498x333.jpg\" alt=\"\" width=\"498\" height=\"333\" srcset=\"https:\/\/revistazetta.com\/wp-content\/uploads\/2023\/07\/ZZZ_1014-498x333.jpg 498w, https:\/\/revistazetta.com\/wp-content\/uploads\/2023\/07\/ZZZ_1014-1024x684.jpg 1024w, https:\/\/revistazetta.com\/wp-content\/uploads\/2023\/07\/ZZZ_1014-242x162.jpg 242w, https:\/\/revistazetta.com\/wp-content\/uploads\/2023\/07\/ZZZ_1014-1536x1027.jpg 1536w, https:\/\/revistazetta.com\/wp-content\/uploads\/2023\/07\/ZZZ_1014-2048x1369.jpg 2048w\" sizes=\"auto, (max-width: 498px) 100vw, 498px\" \/> <img loading=\"lazy\" decoding=\"async\" class=\"alignnone size-medium wp-image-50882\" src=\"https:\/\/revistazetta.com\/wp-content\/uploads\/2023\/07\/J-498x333.jpg\" alt=\"\" width=\"498\" height=\"333\" srcset=\"https:\/\/revistazetta.com\/wp-content\/uploads\/2023\/07\/J-498x333.jpg 498w, https:\/\/revistazetta.com\/wp-content\/uploads\/2023\/07\/J-1024x684.jpg 1024w, https:\/\/revistazetta.com\/wp-content\/uploads\/2023\/07\/J-242x162.jpg 242w, https:\/\/revistazetta.com\/wp-content\/uploads\/2023\/07\/J-1536x1027.jpg 1536w, https:\/\/revistazetta.com\/wp-content\/uploads\/2023\/07\/J-2048x1369.jpg 2048w\" sizes=\"auto, (max-width: 498px) 100vw, 498px\" \/><\/p>\n","protected":false},"excerpt":{"rendered":"<p>La Mujer con Pantalones sorprendi\u00f3 con aval pastranista para llegar a la Alcald\u00eda de Cartagena Cartagena de Indias, 27 de julio de 2023.- \u00abYo no amago, te voy a desenmascarar\u00bb fue la advertencia pol\u00edtica que lanz\u00f3 Jacqueline Perea contra Judith Pinedo, en el anuncio de su inscripci\u00f3n como candidata a la Alcald\u00eda de Cartagena con aval del pastranista partido Nueva Fuerza Democr\u00e1tica. La candidata estuvo acompa\u00f1ada por el excancicller Fernando Ara\u00fajo Perdomo y el exgobernador Miguel Navas Meisel, dos \u00a0de los m\u00e1s cercanos dirigentes cartageneros del expresidente Andr\u00e9s Pastrana Arango&#8230;. <\/p>\n","protected":false},"author":3,"featured_media":50877,"comment_status":"closed","ping_status":"closed","sticky":false,"template":"","format":"standard","meta":{"footnotes":"","_links_to":"","_links_to_target":""},"categories":[1450,1440,4],"tags":[1742,285,983,269,1623,298,431],"class_list":["post-50876","post","type-post","status-publish","format-standard","has-post-thumbnail","hentry","category-parasladers","category-elecciones-2023-politica","category-politica","tag-andres-pastrana","tag-destacada","tag-elecciones-2023","tag-jacqueline-perea","tag-judith-pinedo","tag-politica","tag-william-dau"],"_links":{"self":[{"href":"https:\/\/revistazetta.com\/index.php?rest_route=\/wp\/v2\/posts\/50876","targetHints":{"allow":["GET"]}}],"collection":[{"href":"https:\/\/revistazetta.com\/index.php?rest_route=\/wp\/v2\/posts"}],"about":[{"href":"https:\/\/revistazetta.com\/index.php?rest_route=\/wp\/v2\/types\/post"}],"author":[{"embeddable":true,"href":"https:\/\/revistazetta.com\/index.php?rest_route=\/wp\/v2\/users\/3"}],"replies":[{"embeddable":true,"href":"https:\/\/revistazetta.com\/index.php?rest_route=%2Fwp%2Fv2%2Fcomments&post=50876"}],"version-history":[{"count":0,"href":"https:\/\/revistazetta.com\/index.php?rest_route=\/wp\/v2\/posts\/50876\/revisions"}],"wp:featuredmedia":[{"embeddable":true,"href":"https:\/\/revistazetta.com\/index.php?rest_route=\/wp\/v2\/media\/50877"}],"wp:attachment":[{"href":"https:\/\/revistazetta.com\/index.php?rest_route=%2Fwp%2Fv2%2Fmedia&parent=50876"}],"wp:term":[{"taxonomy":"category","embeddable":true,"href":"https:\/\/revistazetta.com\/index.php?rest_route=%2Fwp%2Fv2%2Fcategories&post=50876"},{"taxonomy":"post_tag","embeddable":true,"href":"https:\/\/revistazetta.com\/index.php?rest_route=%2Fwp%2Fv2%2Ftags&post=50876"}],"curies":[{"name":"wp","href":"https:\/\/api.w.org\/{rel}","templated":true}]}}