{"id":50884,"date":"2023-07-27T15:21:05","date_gmt":"2023-07-27T20:21:05","guid":{"rendered":"https:\/\/revistazetta.com\/?p=50884"},"modified":"2023-07-27T15:21:05","modified_gmt":"2023-07-27T20:21:05","slug":"mery-luz-se-inscribe-en-marialabaja-como-candidata-a-la-gobernacion-de-bolivar","status":"publish","type":"post","link":"https:\/\/revistazetta.com\/?p=50884","title":{"rendered":"Mery Luz se inscribe en Mar\u00edalabaja como candidata a la Gobernaci\u00f3n de Bol\u00edvar"},"content":{"rendered":"<p style=\"padding-left: 40px;\"><span style=\"color: #0000ff;\"><em><b>Hay que llegar a todo Bol\u00edvar con oportunidades para generar progreso.<\/b><\/em><\/span><\/p>\n<p><strong>Cartagena de Indias, 27 de julio de 2023.- <\/strong>El emblem\u00e1tico territorio de Mar\u00edalabaja fue el escogido por Mery Luz Londo\u00f1o para inscribir su candidatura a la Gobernaci\u00f3 de Bol\u00edvar, con el aval del partido Liga de Gobernantes Anticorrupci\u00f3n.<\/p>\n<p>La ingeniera civil se desempe\u00f1\u00f3 por cinco a\u00f1os en el \u00e1rea de Planeaci\u00f3n de la Gobernaci\u00f3n de Bol\u00edvar y considera que tiene un conocimiento pleno del territorio y las necesidades del departamento, y que su propuesta de gobierno es la m\u00e1s indicada en este momento.<\/p>\n<p><img loading=\"lazy\" decoding=\"async\" class=\"alignnone wp-image-50885 size-large\" src=\"https:\/\/revistazetta.com\/wp-content\/uploads\/2023\/07\/WhatsApp-Image-2023-07-27-at-11.59.13-AM-1024x389.jpeg\" alt=\"\" width=\"1024\" height=\"389\" srcset=\"https:\/\/revistazetta.com\/wp-content\/uploads\/2023\/07\/WhatsApp-Image-2023-07-27-at-11.59.13-AM-1024x389.jpeg 1024w, https:\/\/revistazetta.com\/wp-content\/uploads\/2023\/07\/WhatsApp-Image-2023-07-27-at-11.59.13-AM-500x190.jpeg 500w, https:\/\/revistazetta.com\/wp-content\/uploads\/2023\/07\/WhatsApp-Image-2023-07-27-at-11.59.13-AM-250x95.jpeg 250w, https:\/\/revistazetta.com\/wp-content\/uploads\/2023\/07\/WhatsApp-Image-2023-07-27-at-11.59.13-AM-1536x584.jpeg 1536w, https:\/\/revistazetta.com\/wp-content\/uploads\/2023\/07\/WhatsApp-Image-2023-07-27-at-11.59.13-AM.jpeg 1600w\" sizes=\"auto, (max-width: 1024px) 100vw, 1024px\" \/><\/p>\n<p>Londo\u00f1o emiti\u00f3 un comunicado para anunciar el acto de inscripci\u00f3n en los siguientes t\u00e9rminos:<\/p>\n<p style=\"padding-left: 40px;\"><em><span style=\"color: #0000ff;\">Unidos s\u00ed podemos, soy Mery Luz Londo\u00f1o, cartagenera, esposa, madre y abuela. Tengo el deber de servir, tomando las banderas del liderazgo para contribuir desde la Gobernaci\u00f3n de Bol\u00edvar a generar progreso, desarrollo y bienestar al pueblo bolivarense, para que vivan en dignidad y en paz.<\/span><\/em><\/p>\n<p style=\"padding-left: 40px;\"><em><span style=\"color: #0000ff;\">Ya no se trata de lo que Bol\u00edvar puede hacer por m\u00ed, ahora se trata de lo que yo puedo hacer por Bol\u00edvar, el departamento que me ha dado tanto.<\/span><\/em><\/p>\n<p style=\"padding-left: 40px;\"><em><span style=\"color: #0000ff;\">Inscribo mi candidatura en Marialabaja, territorio de otrora desarrollo agr\u00edcola y pecuario de Bol\u00edvar, unidos con su gente podemos volver a generar el bienestar deseado.<span class=\"Apple-converted-space\">\u00a0<\/span><\/span><\/em><\/p>\n<p style=\"padding-left: 40px;\"><em><span style=\"color: #0000ff;\">Mi principal compromiso de este proyecto pol\u00edtico, es llegar a todo el territorio del Departamento de Bol\u00edvar y sus habitantes, hombres, mujeres, ni\u00f1os, ni\u00f1as, adultos mayores de cualquier condici\u00f3n, raza, credo u orientaci\u00f3n sexual. Deseo estar con ellos, y ellos conmigo para adquirir la seria responsabilidad de trabajar por sus intereses y necesidades.<\/span><\/em><\/p>\n<p style=\"padding-left: 40px;\"><em><span style=\"color: #0000ff;\">Me propongo convocar y utilizar la capacidad, la disposici\u00f3n, el amor y la fuerza de cada uno de los habitantes de Bol\u00edvar, para gobernar nuestro departamento en torno a cuatro pilares estrat\u00e9gicos:<\/span><\/em><\/p>\n<p style=\"padding-left: 40px;\"><em><span style=\"color: #0000ff;\">50 MIL OPORTUNIDADES PARA BOL\u00cdVAR<\/span><\/em><\/p>\n<ul>\n<li style=\"list-style-type: none;\">\n<ul>\n<li><em><span style=\"color: #0000ff;\">OPORTUNIDADES PARA EL PROGRESO Y LA VIDA DIGNA.<\/span><\/em><\/li>\n<li><em><span style=\"color: #0000ff;\">OPORTUNIDADES PARA LA RECONSTRUCCI\u00d3N TERRITORIAL SOSTENIBLE.<\/span><\/em><\/li>\n<li><em><span style=\"color: #0000ff;\">OPORTUNIDADES PARA EL DESARROLLO ECONOMICO.<\/span><\/em><\/li>\n<li><em><span style=\"color: #0000ff;\">OPORTUNIDADES PARA SEGURIDAD Y GOBERNABILIDAD.<\/span><\/em><\/li>\n<\/ul>\n<\/li>\n<\/ul>\n<p style=\"padding-left: 40px;\"><em><span style=\"color: #0000ff;\">Es una propuesta de gobierno construida con la colaboraci\u00f3n de la gente, alimentada con mi formaci\u00f3n profesional y sobre todo con la experiencia de haber liderado el proceso de planeaci\u00f3n del territorio del departamento de Bol\u00edvar por cerca de cinco a\u00f1os.<span class=\"Apple-converted-space\">\u00a0<\/span><\/span><\/em><\/p>\n<p style=\"padding-left: 40px;\"><em><span style=\"color: #0000ff;\">Nuestra plataforma program\u00e1tica, con la cual convertiremos a Bol\u00edvar en un departamento donde impere el bien com\u00fan y la fraternidad; un departamento seguro, innovador, altamente productivo y competitivo, reconstruido con el trabajo y la participaci\u00f3n de todos y todas.<span class=\"Apple-converted-space\">\u00a0<\/span><\/span><\/em><\/p>\n","protected":false},"excerpt":{"rendered":"<p>Hay que llegar a todo Bol\u00edvar con oportunidades para generar progreso. Cartagena de Indias, 27 de julio de 2023.- El emblem\u00e1tico territorio de Mar\u00edalabaja fue el escogido por Mery Luz Londo\u00f1o para inscribir su candidatura a la Gobernaci\u00f3 de Bol\u00edvar, con el aval del partido Liga de Gobernantes Anticorrupci\u00f3n. La ingeniera civil se desempe\u00f1\u00f3 por cinco a\u00f1os en el \u00e1rea de Planeaci\u00f3n de la Gobernaci\u00f3n de Bol\u00edvar y considera que tiene un conocimiento pleno del territorio y las necesidades del departamento, y que su propuesta de gobierno es la m\u00e1s&#8230; <\/p>\n","protected":false},"author":3,"featured_media":50886,"comment_status":"closed","ping_status":"closed","sticky":false,"template":"","format":"standard","meta":{"footnotes":"","_links_to":"","_links_to_target":""},"categories":[1450],"tags":[],"class_list":["post-50884","post","type-post","status-publish","format-standard","has-post-thumbnail","hentry","category-parasladers"],"_links":{"self":[{"href":"https:\/\/revistazetta.com\/index.php?rest_route=\/wp\/v2\/posts\/50884","targetHints":{"allow":["GET"]}}],"collection":[{"href":"https:\/\/revistazetta.com\/index.php?rest_route=\/wp\/v2\/posts"}],"about":[{"href":"https:\/\/revistazetta.com\/index.php?rest_route=\/wp\/v2\/types\/post"}],"author":[{"embeddable":true,"href":"https:\/\/revistazetta.com\/index.php?rest_route=\/wp\/v2\/users\/3"}],"replies":[{"embeddable":true,"href":"https:\/\/revistazetta.com\/index.php?rest_route=%2Fwp%2Fv2%2Fcomments&post=50884"}],"version-history":[{"count":0,"href":"https:\/\/revistazetta.com\/index.php?rest_route=\/wp\/v2\/posts\/50884\/revisions"}],"wp:featuredmedia":[{"embeddable":true,"href":"https:\/\/revistazetta.com\/index.php?rest_route=\/wp\/v2\/media\/50886"}],"wp:attachment":[{"href":"https:\/\/revistazetta.com\/index.php?rest_route=%2Fwp%2Fv2%2Fmedia&parent=50884"}],"wp:term":[{"taxonomy":"category","embeddable":true,"href":"https:\/\/revistazetta.com\/index.php?rest_route=%2Fwp%2Fv2%2Fcategories&post=50884"},{"taxonomy":"post_tag","embeddable":true,"href":"https:\/\/revistazetta.com\/index.php?rest_route=%2Fwp%2Fv2%2Ftags&post=50884"}],"curies":[{"name":"wp","href":"https:\/\/api.w.org\/{rel}","templated":true}]}}