{"id":50975,"date":"2023-08-01T10:30:36","date_gmt":"2023-08-01T15:30:36","guid":{"rendered":"https:\/\/revistazetta.com\/?p=50975"},"modified":"2023-08-01T10:32:47","modified_gmt":"2023-08-01T15:32:47","slug":"dile-que-vuelva-boris-garcia-mantiene-viva-la-esencia-del-sonido-cartagenero","status":"publish","type":"post","link":"https:\/\/revistazetta.com\/?p=50975","title":{"rendered":"\u00abDile que vuelva\u00bb: Boris Garc\u00eda mantiene viva la esencia del sonido cartagenero"},"content":{"rendered":"<p><strong>Cartagena de Indias, 1 de agosto de 2023.-<\/strong> Con una versi\u00f3n actual del cl\u00e1sico \u00abDile que vuelva\u00bb, el artista cartagenero Boris Garc\u00eda rinde honores a Hugo \u201cSabor\u201d Alandete y a Victor \u201cEl Nene\u201d del Real, manteniendo la esencia multisonora que \u00e9l mismo ha denominado el sonido cartagenero.<\/p>\n<p>La versi\u00f3n original de este tema de Sandy Rico, fue grabada en 1989 con el particular estilo del \u201cmelao\u201d cartagenero. Esta nueva interpretaci\u00f3n contempor\u00e1nea, realizada bajo el sello de Her\u00f3icos Record, conserva parte de los arreglos originales y agrega toques modernos y una interpretaci\u00f3n actual que une tiempos, logrando que lo cl\u00e1sico y lo nuevo sean protagonistas en la obra musical.<\/p>\n<p><img loading=\"lazy\" decoding=\"async\" class=\"size-medium wp-image-50978 alignright\" src=\"https:\/\/revistazetta.com\/wp-content\/uploads\/2023\/08\/WhatsApp-Image-2023-08-01-at-6.30.55-AM-3-333x333.jpeg\" alt=\"\" width=\"333\" height=\"333\" srcset=\"https:\/\/revistazetta.com\/wp-content\/uploads\/2023\/08\/WhatsApp-Image-2023-08-01-at-6.30.55-AM-3-333x333.jpeg 333w, https:\/\/revistazetta.com\/wp-content\/uploads\/2023\/08\/WhatsApp-Image-2023-08-01-at-6.30.55-AM-3-162x162.jpeg 162w, https:\/\/revistazetta.com\/wp-content\/uploads\/2023\/08\/WhatsApp-Image-2023-08-01-at-6.30.55-AM-3.jpeg 1024w\" sizes=\"auto, (max-width: 333px) 100vw, 333px\" \/><\/p>\n<p>Grabada en Infinity Sound estudio caribe en Cartagena, producida por Boris Garc\u00eda y masterizada en Estados Unidos por Classic Master, la canci\u00f3n \u00abDile que Vuelva\u00bb retoma gran parte del sabor identitario del caribe y nos plantea nuevas miradas sobre los ritmos nacidos en la heroica y que est\u00e1n llenos de un toque universal.<\/p>\n<p><img loading=\"lazy\" decoding=\"async\" class=\"size-medium wp-image-50977 alignleft\" src=\"https:\/\/revistazetta.com\/wp-content\/uploads\/2023\/08\/WhatsApp-Image-2023-08-01-at-6.30.55-AM-1-222x333.jpeg\" alt=\"\" width=\"222\" height=\"333\" srcset=\"https:\/\/revistazetta.com\/wp-content\/uploads\/2023\/08\/WhatsApp-Image-2023-08-01-at-6.30.55-AM-1-222x333.jpeg 222w, https:\/\/revistazetta.com\/wp-content\/uploads\/2023\/08\/WhatsApp-Image-2023-08-01-at-6.30.55-AM-1-108x162.jpeg 108w, https:\/\/revistazetta.com\/wp-content\/uploads\/2023\/08\/WhatsApp-Image-2023-08-01-at-6.30.55-AM-1.jpeg 683w\" sizes=\"auto, (max-width: 222px) 100vw, 222px\" \/>\u00abEstoy muy emocionado de compartir con todos ustedes este nuevo sencillo que rescata la esencia sonora de mi tierra y representa todo el esfuerzo que como embajador del Sonido Cartagenero he venido haciendo por la cultura musical del caribe colombiano. Esta versi\u00f3n de Dile que Vuelva me ha permitido hacer cosas que siempre hab\u00eda so\u00f1ado. Quer\u00eda un video que reflejara el encuentro de tiempos al que nos llama la m\u00fasica y eso lo entendi\u00f3 muy bien el equipo que me acompa\u00f1\u00f3 en la realizaci\u00f3n del mismo. Fue dirigido por Paul Zaid, teniendo como director de fotograf\u00eda a Frankie Jazz y coproducido por Amaury Padilla, quienes plasmaron en im\u00e1genes un recorrido por varias d\u00e9cadas con una est\u00e9tica retro que se une a la actualidad. Fue un trabajo hecho con mucho amor y que espero que todos puedan disfrutar y bailar\u00bb, asegur\u00f3 Boris Garc\u00eda.<\/p>\n<p>Dile que Vuelva, ya se encuentra disponible en todas las plataformas digitales y de video.<\/p>\n<p><iframe loading=\"lazy\" title=\"YouTube video player\" src=\"https:\/\/www.youtube.com\/embed\/H9lJc3UROcE\" width=\"560\" height=\"315\" frameborder=\"0\" allowfullscreen=\"allowfullscreen\"><\/iframe><\/p>\n","protected":false},"excerpt":{"rendered":"<p>Cartagena de Indias, 1 de agosto de 2023.- Con una versi\u00f3n actual del cl\u00e1sico \u00abDile que vuelva\u00bb, el artista cartagenero Boris Garc\u00eda rinde honores a Hugo \u201cSabor\u201d Alandete y a Victor \u201cEl Nene\u201d del Real, manteniendo la esencia multisonora que \u00e9l mismo ha denominado el sonido cartagenero. La versi\u00f3n original de este tema de Sandy Rico, fue grabada en 1989 con el particular estilo del \u201cmelao\u201d cartagenero. Esta nueva interpretaci\u00f3n contempor\u00e1nea, realizada bajo el sello de Her\u00f3icos Record, conserva parte de los arreglos originales y agrega toques modernos y una&#8230; <\/p>\n","protected":false},"author":3,"featured_media":50976,"comment_status":"closed","ping_status":"closed","sticky":false,"template":"","format":"standard","meta":{"footnotes":"","_links_to":"","_links_to_target":""},"categories":[1450,41,43],"tags":[156,290,285,157,304],"class_list":["post-50975","post","type-post","status-publish","format-standard","has-post-thumbnail","hentry","category-parasladers","category-cultura","category-cultura-musica","tag-boris-garcia","tag-cultura","tag-destacada","tag-heroicos","tag-musica"],"_links":{"self":[{"href":"https:\/\/revistazetta.com\/index.php?rest_route=\/wp\/v2\/posts\/50975","targetHints":{"allow":["GET"]}}],"collection":[{"href":"https:\/\/revistazetta.com\/index.php?rest_route=\/wp\/v2\/posts"}],"about":[{"href":"https:\/\/revistazetta.com\/index.php?rest_route=\/wp\/v2\/types\/post"}],"author":[{"embeddable":true,"href":"https:\/\/revistazetta.com\/index.php?rest_route=\/wp\/v2\/users\/3"}],"replies":[{"embeddable":true,"href":"https:\/\/revistazetta.com\/index.php?rest_route=%2Fwp%2Fv2%2Fcomments&post=50975"}],"version-history":[{"count":0,"href":"https:\/\/revistazetta.com\/index.php?rest_route=\/wp\/v2\/posts\/50975\/revisions"}],"wp:featuredmedia":[{"embeddable":true,"href":"https:\/\/revistazetta.com\/index.php?rest_route=\/wp\/v2\/media\/50976"}],"wp:attachment":[{"href":"https:\/\/revistazetta.com\/index.php?rest_route=%2Fwp%2Fv2%2Fmedia&parent=50975"}],"wp:term":[{"taxonomy":"category","embeddable":true,"href":"https:\/\/revistazetta.com\/index.php?rest_route=%2Fwp%2Fv2%2Fcategories&post=50975"},{"taxonomy":"post_tag","embeddable":true,"href":"https:\/\/revistazetta.com\/index.php?rest_route=%2Fwp%2Fv2%2Ftags&post=50975"}],"curies":[{"name":"wp","href":"https:\/\/api.w.org\/{rel}","templated":true}]}}