{"id":50980,"date":"2023-08-01T11:25:03","date_gmt":"2023-08-01T16:25:03","guid":{"rendered":"https:\/\/revistazetta.com\/?p=50980"},"modified":"2023-08-01T11:38:30","modified_gmt":"2023-08-01T16:38:30","slug":"champeta-por-la-paz-primera-accion-de-campana-de-mister-carvajalino","status":"publish","type":"post","link":"https:\/\/revistazetta.com\/?p=50980","title":{"rendered":"M\u00edster Carvajalino impulsa \u00abChampeta por la paz\u00bb, para turismo y econom\u00eda musical"},"content":{"rendered":"<p><strong>Cartagena de Indias, 1 de agosto de 2023.-<\/strong> La primera acci\u00f3n formal en la campa\u00f1a a la Alcald\u00eda del empresario y docente Luis Carvajalino es la presentaci\u00f3n del programa \u00abChampeta por la paz\u00bb, para el impulso del turismo y la econom\u00eda musical.<\/p>\n<p>Carvajalino, inscrito con aval de Liga de Gobernantes Anticorrupci\u00f3n, explic\u00f3 que se pretende articular a los artistas involucrados en el \u00e1mbito de la champeta con estrategias productivas asociadas al turismo, focalizando los esfuerzos en los barrios populares.<\/p>\n<p>La campa\u00f1a de Carvajalino expidi\u00f3 este comunicado:<\/p>\n<p><em><span style=\"color: #0000ff;\">Champeta por la Paz: Impulsando el turismo y la econom\u00eda musical en Cartagena<\/span><\/em><\/p>\n<p><em><span style=\"color: #0000ff;\">El d\u00eda de hoy, 01 de agosto 2023, nos complace presentar el programa \u00abChampeta por la Paz\u00bb, impulsado por Mister Carvajalino en su b\u00fasqueda por alcanzar la Alcald\u00eda de Cartagena.<\/span><\/em><\/p>\n<p><em><span style=\"color: #0000ff;\">Este innovador proyecto tiene como objetivo transformar la champeta, un g\u00e9nero musical caracter\u00edstico de la ciudad, en el programa tur\u00edstico m\u00e1s productivo de los barrios populares, generando oportunidades para que sus habitantes puedan vivir del turismo y de la m\u00fasica, adem\u00e1s de crear una econom\u00eda s\u00f3lida en los sectores.<\/span><\/em><\/p>\n<p><em><span style=\"color: #0000ff;\">El programa se enfoca en empoderar a la comunidad y enriquecer su cultura.<\/span><\/em><\/p>\n<p><em><span style=\"color: #0000ff;\">La visi\u00f3n de \u00abChampeta por la Paz\u00bb es brindar a los artistas locales y a los emprendedores del sector musical las herramientas necesarias para convertir esta expresi\u00f3n art\u00edstica en una fuente sostenible de ingresos.<\/span><\/em><\/p>\n<p><em><span style=\"color: #0000ff;\">\u00abChampeta por la Paz\u00bb se inici\u00f3 con el emotivo lanzamiento de un evento musical, demostrando que Cartagena es una ciudad llena de talento y potencial para promover la paz y la prosperidad a trav\u00e9s de la Champeta.<\/span><\/em><\/p>\n<p><em><span style=\"color: #0000ff;\">Hoy, nos enorgullece dar un paso m\u00e1s hacia la realizaci\u00f3n de este sue\u00f1o, demostrando a todos que somos capaces de lograrlo.<\/span><\/em><\/p>\n<p><em><span style=\"color: #0000ff;\">Este programa productivo se erige como un pilar fundamental para beneficiar a las clases populares de la ciudad. A trav\u00e9s del fomento del turismo cultural y el desarrollo econ\u00f3mico del sector musical, buscamos mejorar la calidad de vida de los ciudadanos, promoviendo la inclusi\u00f3n y el crecimiento colectivo.<\/span><\/em><\/p>\n<p><em><span style=\"color: #0000ff;\">\u00abChampeta por la Paz\u00bb se compromete a trabajar de la mano con la comunidad, las instituciones y los l\u00edderes locales para garantizar la sostenibilidad y el \u00e9xito de este proyecto. Juntos, construiremos un futuro prometedor para Cartagena y sus habitantes.<\/span><\/em><\/p>\n<p><em><span style=\"color: #0000ff;\">\u00danase a nosotros en esta emocionante traves\u00eda hacia un futuro pr\u00f3spero y armonioso. \u00a1Bienvenidos al nuevo programa de \u00abChampeta por la Paz\u00bb!<\/span><\/em><\/p>\n","protected":false},"excerpt":{"rendered":"<p>Cartagena de Indias, 1 de agosto de 2023.- La primera acci\u00f3n formal en la campa\u00f1a a la Alcald\u00eda del empresario y docente Luis Carvajalino es la presentaci\u00f3n del programa \u00abChampeta por la paz\u00bb, para el impulso del turismo y la econom\u00eda musical. Carvajalino, inscrito con aval de Liga de Gobernantes Anticorrupci\u00f3n, explic\u00f3 que se pretende articular a los artistas involucrados en el \u00e1mbito de la champeta con estrategias productivas asociadas al turismo, focalizando los esfuerzos en los barrios populares. La campa\u00f1a de Carvajalino expidi\u00f3 este comunicado: Champeta por la Paz:&#8230; <\/p>\n","protected":false},"author":3,"featured_media":50984,"comment_status":"closed","ping_status":"closed","sticky":false,"template":"","format":"standard","meta":{"footnotes":"","_links_to":"","_links_to_target":""},"categories":[1450,1440,4],"tags":[274,1239,285,983,1487,298],"class_list":["post-50980","post","type-post","status-publish","format-standard","has-post-thumbnail","hentry","category-parasladers","category-elecciones-2023-politica","category-politica","tag-alcaldia-de-cartagena","tag-champeta","tag-destacada","tag-elecciones-2023","tag-luis-carvajalino","tag-politica"],"_links":{"self":[{"href":"https:\/\/revistazetta.com\/index.php?rest_route=\/wp\/v2\/posts\/50980","targetHints":{"allow":["GET"]}}],"collection":[{"href":"https:\/\/revistazetta.com\/index.php?rest_route=\/wp\/v2\/posts"}],"about":[{"href":"https:\/\/revistazetta.com\/index.php?rest_route=\/wp\/v2\/types\/post"}],"author":[{"embeddable":true,"href":"https:\/\/revistazetta.com\/index.php?rest_route=\/wp\/v2\/users\/3"}],"replies":[{"embeddable":true,"href":"https:\/\/revistazetta.com\/index.php?rest_route=%2Fwp%2Fv2%2Fcomments&post=50980"}],"version-history":[{"count":0,"href":"https:\/\/revistazetta.com\/index.php?rest_route=\/wp\/v2\/posts\/50980\/revisions"}],"wp:featuredmedia":[{"embeddable":true,"href":"https:\/\/revistazetta.com\/index.php?rest_route=\/wp\/v2\/media\/50984"}],"wp:attachment":[{"href":"https:\/\/revistazetta.com\/index.php?rest_route=%2Fwp%2Fv2%2Fmedia&parent=50980"}],"wp:term":[{"taxonomy":"category","embeddable":true,"href":"https:\/\/revistazetta.com\/index.php?rest_route=%2Fwp%2Fv2%2Fcategories&post=50980"},{"taxonomy":"post_tag","embeddable":true,"href":"https:\/\/revistazetta.com\/index.php?rest_route=%2Fwp%2Fv2%2Ftags&post=50980"}],"curies":[{"name":"wp","href":"https:\/\/api.w.org\/{rel}","templated":true}]}}