{"id":51031,"date":"2023-08-04T12:38:09","date_gmt":"2023-08-04T17:38:09","guid":{"rendered":"https:\/\/revistazetta.com\/?p=51031"},"modified":"2023-08-04T12:39:21","modified_gmt":"2023-08-04T17:39:21","slug":"comienzan-a-perfilarse-las-tendencias-para-alcaldia","status":"publish","type":"post","link":"https:\/\/revistazetta.com\/?p=51031","title":{"rendered":"Comienzan a perfilarse las tendencias para Alcald\u00eda de Cartagena"},"content":{"rendered":"<p><strong>Cartagena de Indias, 4 de agosto de 2023.-<\/strong> La revista Semana public\u00f3 este viernes 4 de agosto la \u00abPrimera gran encuesta del Centro Nacional de Consultor\u00eda\u00bb sobre la carrera por las alcald\u00edas en las principales ciudades del pa\u00eds, y los resultados para Cartagena de Indias los encabeza Dumek\u00a0Dumek Turbay, con el 30,3 % de intenci\u00f3n de voto. Le siguen William Garc\u00eda (16,4 %) y Judith Pinedo (8,5 %).<\/p>\n<div class=\"prose mx-auto mb-5 max-w-screen-md\">\n<p data-type=\"text\">La primera gran encuesta del Centro Nacional de Consultor\u00eda (CNC) para SEMANA midi\u00f3 a los candidatos inscritos para las alcald\u00edas de Bogot\u00e1, Medell\u00edn, Cali, Barranquilla y Cartagena.<\/p>\n<\/div>\n<div class=\"prose mx-auto mb-5 max-w-screen-md\">\n<p data-type=\"text\">Los datos fueron recopilados de forma presencial entre el 31 de julio y el pasado 3 de agosto. El margen de error de la encuesta es del 4,3 % en los casos de Bogot\u00e1, Medell\u00edn, Cali y Cartagena, y del 4,4 % en Barranquilla. El margen de confianza es del 95 %.<\/p>\n<p data-type=\"text\">Se puede apreciar que las tendencias comienzan a perfilarse, pues el resultado tiene semejanza con la encuesta publicada por El Heraldo de Barranquilla, en d\u00edas pasados.<\/p>\n<p data-type=\"text\">Se puede apreciar un primer \u00ablote\u00bb de candidatos que est\u00e1n entre el 3% y el 31% de preferencia, y un segundo lote donde est\u00e1n los que registran menos del 3%<\/p>\n<p data-type=\"text\">Las inscripciones para candidaturas a Alcald\u00eda se cerraron el 29 de octubre, por lo que es el primer estudio con los candidatos oficiales.<\/p>\n<p data-type=\"text\">El primer lote es:<\/p>\n<p data-type=\"text\">Dumek Turbay 30,3%<\/p>\n<p data-type=\"text\">William Garc\u00eda 16,4%<\/p>\n<p data-type=\"text\">Judith Pinedo 8,5%<\/p>\n<p data-type=\"text\">Jacqueline Perea 4,5%<\/p>\n<p data-type=\"text\">Javier Julio 3,3%<\/p>\n<p data-type=\"text\">El segundo lote es:<\/p>\n<p data-type=\"text\">Gustavo Mart\u00ednez 2.3%<\/p>\n<p data-type=\"text\">Jos\u00e9 Osorio 2,0%<\/p>\n<p data-type=\"text\">Fernando Tinoco 1,7%<\/p>\n<p data-type=\"text\">Rey Tovar 1,5%<\/p>\n<p data-type=\"text\">Fabio Aristiz\u00e1bal 1,3%<\/p>\n<p data-type=\"text\">Richard Mart\u00ednez 1,3%<\/p>\n<p data-type=\"text\">Luis Carvajalino 1,2%<\/p>\n<p data-type=\"text\">Naus\u00edcrate P\u00e9rez 0,9%<\/p>\n<p data-type=\"text\">H\u00e9ctor P\u00e9rez 0,5%<\/p>\n<p data-type=\"text\">Javier Doria 0,4%<\/p>\n<p data-type=\"text\"><img loading=\"lazy\" decoding=\"async\" class=\"alignnone size-medium wp-image-51032\" src=\"https:\/\/revistazetta.com\/wp-content\/uploads\/2023\/08\/Revista-Zetta-Encuesta-Semana-500x333.jpg\" alt=\"\" width=\"500\" height=\"333\" srcset=\"https:\/\/revistazetta.com\/wp-content\/uploads\/2023\/08\/Revista-Zetta-Encuesta-Semana-500x333.jpg 500w, https:\/\/revistazetta.com\/wp-content\/uploads\/2023\/08\/Revista-Zetta-Encuesta-Semana-1024x683.jpg 1024w, https:\/\/revistazetta.com\/wp-content\/uploads\/2023\/08\/Revista-Zetta-Encuesta-Semana-243x162.jpg 243w, https:\/\/revistazetta.com\/wp-content\/uploads\/2023\/08\/Revista-Zetta-Encuesta-Semana.jpg 1500w\" sizes=\"auto, (max-width: 500px) 100vw, 500px\" \/><\/p>\n<\/div>\n","protected":false},"excerpt":{"rendered":"<p>Cartagena de Indias, 4 de agosto de 2023.- La revista Semana public\u00f3 este viernes 4 de agosto la \u00abPrimera gran encuesta del Centro Nacional de Consultor\u00eda\u00bb sobre la carrera por las alcald\u00edas en las principales ciudades del pa\u00eds, y los resultados para Cartagena de Indias los encabeza Dumek\u00a0Dumek Turbay, con el 30,3 % de intenci\u00f3n de voto. Le siguen William Garc\u00eda (16,4 %) y Judith Pinedo (8,5 %). La primera gran encuesta del Centro Nacional de Consultor\u00eda (CNC) para SEMANA midi\u00f3 a los candidatos inscritos para las alcald\u00edas de Bogot\u00e1,&#8230; <\/p>\n","protected":false},"author":3,"featured_media":51032,"comment_status":"closed","ping_status":"closed","sticky":false,"template":"","format":"standard","meta":{"footnotes":"","_links_to":"","_links_to_target":""},"categories":[1450,1440,4],"tags":[285,74,983,1744,1557,1753,1756,269,1400,787,1754,1623,1487,1717,298,1499,1755,1750],"class_list":["post-51031","post","type-post","status-publish","format-standard","has-post-thumbnail","hentry","category-parasladers","category-elecciones-2023-politica","category-politica","tag-destacada","tag-dumek-turbay","tag-elecciones-2023","tag-fabio-aristizabal","tag-fernando-tinoco","tag-gustavo-martinez","tag-hector-perez","tag-jacqueline-perea","tag-javier-doria","tag-javier-julio","tag-jose-osorio","tag-judith-pinedo","tag-luis-carvajalino","tag-nausicrate-perez","tag-politica","tag-rey-tovar","tag-richard-martinez","tag-william-garcia"],"_links":{"self":[{"href":"https:\/\/revistazetta.com\/index.php?rest_route=\/wp\/v2\/posts\/51031","targetHints":{"allow":["GET"]}}],"collection":[{"href":"https:\/\/revistazetta.com\/index.php?rest_route=\/wp\/v2\/posts"}],"about":[{"href":"https:\/\/revistazetta.com\/index.php?rest_route=\/wp\/v2\/types\/post"}],"author":[{"embeddable":true,"href":"https:\/\/revistazetta.com\/index.php?rest_route=\/wp\/v2\/users\/3"}],"replies":[{"embeddable":true,"href":"https:\/\/revistazetta.com\/index.php?rest_route=%2Fwp%2Fv2%2Fcomments&post=51031"}],"version-history":[{"count":0,"href":"https:\/\/revistazetta.com\/index.php?rest_route=\/wp\/v2\/posts\/51031\/revisions"}],"wp:featuredmedia":[{"embeddable":true,"href":"https:\/\/revistazetta.com\/index.php?rest_route=\/wp\/v2\/media\/51032"}],"wp:attachment":[{"href":"https:\/\/revistazetta.com\/index.php?rest_route=%2Fwp%2Fv2%2Fmedia&parent=51031"}],"wp:term":[{"taxonomy":"category","embeddable":true,"href":"https:\/\/revistazetta.com\/index.php?rest_route=%2Fwp%2Fv2%2Fcategories&post=51031"},{"taxonomy":"post_tag","embeddable":true,"href":"https:\/\/revistazetta.com\/index.php?rest_route=%2Fwp%2Fv2%2Ftags&post=51031"}],"curies":[{"name":"wp","href":"https:\/\/api.w.org\/{rel}","templated":true}]}}