{"id":51247,"date":"2023-08-20T09:01:13","date_gmt":"2023-08-20T14:01:13","guid":{"rendered":"https:\/\/revistazetta.com\/?p=51247"},"modified":"2023-08-20T09:01:13","modified_gmt":"2023-08-20T14:01:13","slug":"culmino-taller-de-apreciacion-musical-de-voces-del-jazz-un-pasaporte-al-mundo-sonoro","status":"publish","type":"post","link":"https:\/\/revistazetta.com\/?p=51247","title":{"rendered":"Culmin\u00f3 Taller de Apreciaci\u00f3n Musical de Voces del Jazz: Un pasaporte al mundo sonoro"},"content":{"rendered":"<p><strong>Cartagena 20 de agosto de 2023.-<\/strong> El Taller de Apreciaci\u00f3n Musical para Ni\u00f1os y Adolescentes, organizado por la Fundaci\u00f3n Cultural Voces del Jazz y la Fundaci\u00f3n Caribe Jazz Kids, concluy\u00f3 una huella significativa en la escena musical infantil y juvenil de Cartagena.<\/p>\n<p>El proyecto, respaldado por el Ministerio de Cultura a trav\u00e9s del Programa de Concertaci\u00f3n Cultural, as\u00ed como por instituciones como el Instituto de Patrimonio y Cultura, el Banco de La Rep\u00fablica, el Centro Comercial Caribe Plaza y la Corporaci\u00f3n Champeta Criolla, finaliz\u00f3 con una animada sesi\u00f3n\u00a0el pasado s\u00e1bado 19 de agosto.<\/p>\n<p><img loading=\"lazy\" decoding=\"async\" class=\"alignnone size-medium wp-image-51249\" src=\"https:\/\/revistazetta.com\/wp-content\/uploads\/2023\/08\/WhatsApp-Image-2023-08-20-at-8.25.22-AM-1-444x333.jpeg\" alt=\"\" width=\"444\" height=\"333\" srcset=\"https:\/\/revistazetta.com\/wp-content\/uploads\/2023\/08\/WhatsApp-Image-2023-08-20-at-8.25.22-AM-1-444x333.jpeg 444w, https:\/\/revistazetta.com\/wp-content\/uploads\/2023\/08\/WhatsApp-Image-2023-08-20-at-8.25.22-AM-1-1024x768.jpeg 1024w, https:\/\/revistazetta.com\/wp-content\/uploads\/2023\/08\/WhatsApp-Image-2023-08-20-at-8.25.22-AM-1-216x162.jpeg 216w, https:\/\/revistazetta.com\/wp-content\/uploads\/2023\/08\/WhatsApp-Image-2023-08-20-at-8.25.22-AM-1-1536x1152.jpeg 1536w, https:\/\/revistazetta.com\/wp-content\/uploads\/2023\/08\/WhatsApp-Image-2023-08-20-at-8.25.22-AM-1.jpeg 1600w\" sizes=\"auto, (max-width: 444px) 100vw, 444px\" \/><\/p>\n<p>El Taller, que tuvo lugar en el auditorio de la Megabiblioteca del Pie de la Popa y la C\u00e1mara de Comercio, cont\u00f3 con siete sesiones efectuadas los s\u00e1bados desde el 29 de abril hasta el 19 de agosto. Los participantes, seleccionados a trav\u00e9s de una convocatoria abierta, tuvieron la oportunidad de sumergirse en el mundo de la m\u00fasica a trav\u00e9s de enfoques creativos y pedag\u00f3gicos. Adem\u00e1s, se anunci\u00f3 que los participantes del taller tendr\u00e1n el honor de ser invitados especiales al pr\u00f3ximo Festival Voces del Jazz, que se celebrar\u00e1 del 19 al 23 de septiembre, y donde ser\u00e1 el estreno de la Orquesta Zetta, de Revista Zetta.<\/p>\n<p><img loading=\"lazy\" decoding=\"async\" class=\"alignnone size-medium wp-image-51252\" src=\"https:\/\/revistazetta.com\/wp-content\/uploads\/2023\/08\/Orquesta-Zetta-Partituras-promo-500x333.jpg\" alt=\"\" width=\"500\" height=\"333\" srcset=\"https:\/\/revistazetta.com\/wp-content\/uploads\/2023\/08\/Orquesta-Zetta-Partituras-promo-500x333.jpg 500w, https:\/\/revistazetta.com\/wp-content\/uploads\/2023\/08\/Orquesta-Zetta-Partituras-promo-1024x682.jpg 1024w, https:\/\/revistazetta.com\/wp-content\/uploads\/2023\/08\/Orquesta-Zetta-Partituras-promo-243x162.jpg 243w, https:\/\/revistazetta.com\/wp-content\/uploads\/2023\/08\/Orquesta-Zetta-Partituras-promo-1536x1023.jpg 1536w, https:\/\/revistazetta.com\/wp-content\/uploads\/2023\/08\/Orquesta-Zetta-Partituras-promo.jpg 1600w\" sizes=\"auto, (max-width: 500px) 100vw, 500px\" \/><\/p>\n<p>El evento formativo no solo brind\u00f3 a los ni\u00f1os y adolescentes la oportunidad de aprender sobre m\u00fasica y su apreciaci\u00f3n, sino que tambi\u00e9n los prepar\u00f3 para desempe\u00f1ar un papel activo en el X Festival Voces del Jazz. Durante el festival, actuar\u00e1n como invitados en los conciertos.<\/p>\n<p>El director del Festival Voces del Jazz, Manuel Lozano Pineda, resalt\u00f3 que esta actividad busca promover el autoestima, el pensamiento cr\u00edtico y los valores en los j\u00f3venes a trav\u00e9s de la m\u00fasica, as\u00ed como abordar temas importantes como la tolerancia y el respeto. La coordinadora General de Voces del Jazz, Roc\u00edo Bernate, destac\u00f3 que el taller fue gratuito y que la convocatoria tuvo una excelente respuesta.<\/p>\n<p><img loading=\"lazy\" decoding=\"async\" class=\"alignnone size-medium wp-image-51250\" src=\"https:\/\/revistazetta.com\/wp-content\/uploads\/2023\/08\/WhatsApp-Image-2023-08-20-at-8.25.22-AM-444x333.jpeg\" alt=\"\" width=\"444\" height=\"333\" srcset=\"https:\/\/revistazetta.com\/wp-content\/uploads\/2023\/08\/WhatsApp-Image-2023-08-20-at-8.25.22-AM-444x333.jpeg 444w, https:\/\/revistazetta.com\/wp-content\/uploads\/2023\/08\/WhatsApp-Image-2023-08-20-at-8.25.22-AM-1024x768.jpeg 1024w, https:\/\/revistazetta.com\/wp-content\/uploads\/2023\/08\/WhatsApp-Image-2023-08-20-at-8.25.22-AM-216x162.jpeg 216w, https:\/\/revistazetta.com\/wp-content\/uploads\/2023\/08\/WhatsApp-Image-2023-08-20-at-8.25.22-AM-1536x1152.jpeg 1536w, https:\/\/revistazetta.com\/wp-content\/uploads\/2023\/08\/WhatsApp-Image-2023-08-20-at-8.25.22-AM.jpeg 1600w\" sizes=\"auto, (max-width: 444px) 100vw, 444px\" \/><\/p>\n<p>El Taller de Apreciaci\u00f3n Musical logr\u00f3 estimular patrones cerebrales de razonamiento, concentraci\u00f3n, expresi\u00f3n y creatividad en los participantes. Mediante ejercicios pr\u00e1cticos, el uso de la voz y elementos musicales, se exploraron diversos g\u00e9neros musicales, desde lo folcl\u00f3rico hasta el jazz, con un enfoque en la tradici\u00f3n musical caribe\u00f1a.<\/p>\n<p>Jos\u00e9 Levi, director de la Fundaci\u00f3n Caribe Jazz Kids y responsable del dise\u00f1o y dictado del taller, resalt\u00f3 que la experiencia busc\u00f3 fomentar la apreciaci\u00f3n auditiva y la interpretaci\u00f3n musical en los j\u00f3venes de manera divertida y pedag\u00f3gica.<\/p>\n<p>Con el cierre exitoso de este Taller de Apreciaci\u00f3n Musical, Voces del Jazz reafirma su compromiso de enriquecer la escena musical y cultural para las nuevas generaciones, inspirando el amor y aprecio por la m\u00fasica desde temprana edad.<\/p>\n<p><img loading=\"lazy\" decoding=\"async\" class=\"alignnone size-medium wp-image-51251\" src=\"https:\/\/revistazetta.com\/wp-content\/uploads\/2023\/08\/WhatsApp-Image-2023-08-20-at-8.25.23-AM-500x243.jpeg\" alt=\"\" width=\"500\" height=\"243\" srcset=\"https:\/\/revistazetta.com\/wp-content\/uploads\/2023\/08\/WhatsApp-Image-2023-08-20-at-8.25.23-AM-500x243.jpeg 500w, https:\/\/revistazetta.com\/wp-content\/uploads\/2023\/08\/WhatsApp-Image-2023-08-20-at-8.25.23-AM-1024x499.jpeg 1024w, https:\/\/revistazetta.com\/wp-content\/uploads\/2023\/08\/WhatsApp-Image-2023-08-20-at-8.25.23-AM-250x122.jpeg 250w, https:\/\/revistazetta.com\/wp-content\/uploads\/2023\/08\/WhatsApp-Image-2023-08-20-at-8.25.23-AM-1536x748.jpeg 1536w, https:\/\/revistazetta.com\/wp-content\/uploads\/2023\/08\/WhatsApp-Image-2023-08-20-at-8.25.23-AM.jpeg 1600w\" sizes=\"auto, (max-width: 500px) 100vw, 500px\" \/><\/p>\n","protected":false},"excerpt":{"rendered":"<p>Cartagena 20 de agosto de 2023.- El Taller de Apreciaci\u00f3n Musical para Ni\u00f1os y Adolescentes, organizado por la Fundaci\u00f3n Cultural Voces del Jazz y la Fundaci\u00f3n Caribe Jazz Kids, concluy\u00f3 una huella significativa en la escena musical infantil y juvenil de Cartagena. El proyecto, respaldado por el Ministerio de Cultura a trav\u00e9s del Programa de Concertaci\u00f3n Cultural, as\u00ed como por instituciones como el Instituto de Patrimonio y Cultura, el Banco de La Rep\u00fablica, el Centro Comercial Caribe Plaza y la Corporaci\u00f3n Champeta Criolla, finaliz\u00f3 con una animada sesi\u00f3n\u00a0el pasado s\u00e1bado&#8230; <\/p>\n","protected":false},"author":3,"featured_media":51248,"comment_status":"closed","ping_status":"closed","sticky":false,"template":"","format":"standard","meta":{"footnotes":"","_links_to":"","_links_to_target":""},"categories":[41,1450,43],"tags":[290,285,304,732],"class_list":["post-51247","post","type-post","status-publish","format-standard","has-post-thumbnail","hentry","category-cultura","category-parasladers","category-cultura-musica","tag-cultura","tag-destacada","tag-musica","tag-voces-del-jazz"],"_links":{"self":[{"href":"https:\/\/revistazetta.com\/index.php?rest_route=\/wp\/v2\/posts\/51247","targetHints":{"allow":["GET"]}}],"collection":[{"href":"https:\/\/revistazetta.com\/index.php?rest_route=\/wp\/v2\/posts"}],"about":[{"href":"https:\/\/revistazetta.com\/index.php?rest_route=\/wp\/v2\/types\/post"}],"author":[{"embeddable":true,"href":"https:\/\/revistazetta.com\/index.php?rest_route=\/wp\/v2\/users\/3"}],"replies":[{"embeddable":true,"href":"https:\/\/revistazetta.com\/index.php?rest_route=%2Fwp%2Fv2%2Fcomments&post=51247"}],"version-history":[{"count":0,"href":"https:\/\/revistazetta.com\/index.php?rest_route=\/wp\/v2\/posts\/51247\/revisions"}],"wp:featuredmedia":[{"embeddable":true,"href":"https:\/\/revistazetta.com\/index.php?rest_route=\/wp\/v2\/media\/51248"}],"wp:attachment":[{"href":"https:\/\/revistazetta.com\/index.php?rest_route=%2Fwp%2Fv2%2Fmedia&parent=51247"}],"wp:term":[{"taxonomy":"category","embeddable":true,"href":"https:\/\/revistazetta.com\/index.php?rest_route=%2Fwp%2Fv2%2Fcategories&post=51247"},{"taxonomy":"post_tag","embeddable":true,"href":"https:\/\/revistazetta.com\/index.php?rest_route=%2Fwp%2Fv2%2Ftags&post=51247"}],"curies":[{"name":"wp","href":"https:\/\/api.w.org\/{rel}","templated":true}]}}