{"id":51318,"date":"2023-08-25T06:15:21","date_gmt":"2023-08-25T11:15:21","guid":{"rendered":"https:\/\/revistazetta.com\/?p=51318"},"modified":"2023-08-25T06:15:42","modified_gmt":"2023-08-25T11:15:42","slug":"senadora-maria-fernanda-cabal-pide-votar-por-yeida-bula-a-la-jal-1","status":"publish","type":"post","link":"https:\/\/revistazetta.com\/?p=51318","title":{"rendered":"Senadora Mar\u00eda Fernanda Cabal pide votar por Yeida Bula a la JAL 1"},"content":{"rendered":"<p><strong>Cartagena de Indias, 25 de agosto de 2023.-<\/strong> La senadora Mar\u00eda Fernanda Cabal dirigi\u00f3 un mensaje a la ciudadan\u00eda cartagenera para invitar a votar por Yeida Bula a la JAL Localidad 1.<\/p>\n<p>Cabal pidi\u00f3 espec\u00edficamente marcar en el tarjet\u00f3n el partido Centro Democr\u00e1tico y la casilla 89, correspondiente a Yaida Sof\u00eda Bula Dumar.<\/p>\n<p>\u00abJuntos m\u00e1s fuertes\u00bb es el lema de la candidata a la JAL, quien sostiene que \u00abescuchar, entender las necesidades de las comunidades es nuestro compromiso para poder gestionar y solucionar. Todos los d\u00edas trabajamos para lograr construir una mejor localidad 1\u00bb.<\/p>\n<p>Bula viene acompa\u00f1ando en sus recorridos por Cartagena al candidato a la Gobernaci\u00f3n Yamil Arana.<\/p>\n","protected":false},"excerpt":{"rendered":"<p>Cartagena de Indias, 25 de agosto de 2023.- La senadora Mar\u00eda Fernanda Cabal dirigi\u00f3 un mensaje a la ciudadan\u00eda cartagenera para invitar a votar por Yeida Bula a la JAL Localidad 1. Cabal pidi\u00f3 espec\u00edficamente marcar en el tarjet\u00f3n el partido Centro Democr\u00e1tico y la casilla 89, correspondiente a Yaida Sof\u00eda Bula Dumar. \u00abJuntos m\u00e1s fuertes\u00bb es el lema de la candidata a la JAL, quien sostiene que \u00abescuchar, entender las necesidades de las comunidades es nuestro compromiso para poder gestionar y solucionar. Todos los d\u00edas trabajamos para lograr construir&#8230; <\/p>\n","protected":false},"author":3,"featured_media":51319,"comment_status":"closed","ping_status":"closed","sticky":false,"template":"","format":"standard","meta":{"footnotes":"","_links_to":"","_links_to_target":""},"categories":[1450,1440,4],"tags":[285,983,1777,298,583,1759],"class_list":["post-51318","post","type-post","status-publish","format-standard","has-post-thumbnail","hentry","category-parasladers","category-elecciones-2023-politica","category-politica","tag-destacada","tag-elecciones-2023","tag-maria-fernanda-cabal","tag-politica","tag-yamil-arana","tag-yeida-bula"],"_links":{"self":[{"href":"https:\/\/revistazetta.com\/index.php?rest_route=\/wp\/v2\/posts\/51318","targetHints":{"allow":["GET"]}}],"collection":[{"href":"https:\/\/revistazetta.com\/index.php?rest_route=\/wp\/v2\/posts"}],"about":[{"href":"https:\/\/revistazetta.com\/index.php?rest_route=\/wp\/v2\/types\/post"}],"author":[{"embeddable":true,"href":"https:\/\/revistazetta.com\/index.php?rest_route=\/wp\/v2\/users\/3"}],"replies":[{"embeddable":true,"href":"https:\/\/revistazetta.com\/index.php?rest_route=%2Fwp%2Fv2%2Fcomments&post=51318"}],"version-history":[{"count":0,"href":"https:\/\/revistazetta.com\/index.php?rest_route=\/wp\/v2\/posts\/51318\/revisions"}],"wp:featuredmedia":[{"embeddable":true,"href":"https:\/\/revistazetta.com\/index.php?rest_route=\/wp\/v2\/media\/51319"}],"wp:attachment":[{"href":"https:\/\/revistazetta.com\/index.php?rest_route=%2Fwp%2Fv2%2Fmedia&parent=51318"}],"wp:term":[{"taxonomy":"category","embeddable":true,"href":"https:\/\/revistazetta.com\/index.php?rest_route=%2Fwp%2Fv2%2Fcategories&post=51318"},{"taxonomy":"post_tag","embeddable":true,"href":"https:\/\/revistazetta.com\/index.php?rest_route=%2Fwp%2Fv2%2Ftags&post=51318"}],"curies":[{"name":"wp","href":"https:\/\/api.w.org\/{rel}","templated":true}]}}