{"id":51320,"date":"2023-08-25T06:22:31","date_gmt":"2023-08-25T11:22:31","guid":{"rendered":"https:\/\/revistazetta.com\/?p=51320"},"modified":"2023-08-25T06:22:31","modified_gmt":"2023-08-25T11:22:31","slug":"los-violentos-no-tienen-cabida-en-turbaco-claudia-espinosa","status":"publish","type":"post","link":"https:\/\/revistazetta.com\/?p=51320","title":{"rendered":"\u201cLos violentos no tienen cabida en Turbaco\u00bb: Claudia Espinosa"},"content":{"rendered":"<p><strong>Turbaco, 25 de agosto de 2023.-<\/strong> Ante los hechos de \u00faltima hora que se registraron en el municipio de Turbaco que han generado una alteraci\u00f3n del orden p\u00fablico y la tranquilidad, la l\u00edder y candidata por el Partido Liberal a la Alcald\u00eda, Claudia Espinosa Puello, fue enf\u00e1tica al se\u00f1alar que hay un rechazo total contra los violentos, a\u00f1adiendo, que no se puede permitir que los escenarios de violencia y tensi\u00f3n que afronta Cartagena se trasladen a nuestra poblaci\u00f3n.<\/p>\n<p>La l\u00edder manifest\u00f3 adem\u00e1s que el pueblo turbaquero debe unirse en contra de actos como estos y rechazarlos. \u201cLos violentos no tienen cabida en Turbaco. A esta gente hay que perseguirla, capturarla y judicializarla a fin de garantizar la tranquilidad de nuestra poblaci\u00f3n. Y con preocupaci\u00f3n veo que es muy poco lo que se est\u00e1 haciendo\u201d, puntualiz\u00f3 la dirigente.<\/p>\n<p>Claudia Espinosa sostuvo que se hace imperativo que se trabaje de la mano con la fuerza p\u00fablica en completa armon\u00eda con la Fiscal\u00eda y la Armada Nacional. \u201cConmino hoy a la sociedad civil para que le cerremos el espacio a los violentos en el municipio de Turbaco que hoy pretenden trasladar las disputas que viven en Cartagena a nuestra poblaci\u00f3n\u201d, precis\u00f3.<\/p>\n<p><strong>Vigilia por la paz en Turbaco<\/strong><\/p>\n<p>Ante el escenario se vive en Turbaco en relaci\u00f3n con los hechos de inseguridad y los delitos que atentan contra la vida, Claudia Espinosa extendi\u00f3 la invitaci\u00f3n a una Vigilia y jornada de oraci\u00f3n por la paz y tranquilidad de Turbaco programada para el pr\u00f3ximo 6 de septiembre, \u201cNuestro municipio es una poblaci\u00f3n de paz y tranquilidad. No hay que darle cabida a los violentos y rechazamos de manera categ\u00f3rica su accionar\u201d, concluy\u00f3 Espinosa Puello.<\/p>\n","protected":false},"excerpt":{"rendered":"<p>Turbaco, 25 de agosto de 2023.- Ante los hechos de \u00faltima hora que se registraron en el municipio de Turbaco que han generado una alteraci\u00f3n del orden p\u00fablico y la tranquilidad, la l\u00edder y candidata por el Partido Liberal a la Alcald\u00eda, Claudia Espinosa Puello, fue enf\u00e1tica al se\u00f1alar que hay un rechazo total contra los violentos, a\u00f1adiendo, que no se puede permitir que los escenarios de violencia y tensi\u00f3n que afronta Cartagena se trasladen a nuestra poblaci\u00f3n. La l\u00edder manifest\u00f3 adem\u00e1s que el pueblo turbaquero debe unirse en contra&#8230; <\/p>\n","protected":false},"author":3,"featured_media":51321,"comment_status":"closed","ping_status":"closed","sticky":false,"template":"","format":"standard","meta":{"footnotes":"","_links_to":"","_links_to_target":""},"categories":[1450,83,80],"tags":[647,285,305,300,613],"class_list":["post-51320","post","type-post","status-publish","format-standard","has-post-thumbnail","hentry","category-parasladers","category-municipios","category-region","tag-claudia-espinosa","tag-destacada","tag-municipios","tag-region","tag-turbaco"],"_links":{"self":[{"href":"https:\/\/revistazetta.com\/index.php?rest_route=\/wp\/v2\/posts\/51320","targetHints":{"allow":["GET"]}}],"collection":[{"href":"https:\/\/revistazetta.com\/index.php?rest_route=\/wp\/v2\/posts"}],"about":[{"href":"https:\/\/revistazetta.com\/index.php?rest_route=\/wp\/v2\/types\/post"}],"author":[{"embeddable":true,"href":"https:\/\/revistazetta.com\/index.php?rest_route=\/wp\/v2\/users\/3"}],"replies":[{"embeddable":true,"href":"https:\/\/revistazetta.com\/index.php?rest_route=%2Fwp%2Fv2%2Fcomments&post=51320"}],"version-history":[{"count":0,"href":"https:\/\/revistazetta.com\/index.php?rest_route=\/wp\/v2\/posts\/51320\/revisions"}],"wp:featuredmedia":[{"embeddable":true,"href":"https:\/\/revistazetta.com\/index.php?rest_route=\/wp\/v2\/media\/51321"}],"wp:attachment":[{"href":"https:\/\/revistazetta.com\/index.php?rest_route=%2Fwp%2Fv2%2Fmedia&parent=51320"}],"wp:term":[{"taxonomy":"category","embeddable":true,"href":"https:\/\/revistazetta.com\/index.php?rest_route=%2Fwp%2Fv2%2Fcategories&post=51320"},{"taxonomy":"post_tag","embeddable":true,"href":"https:\/\/revistazetta.com\/index.php?rest_route=%2Fwp%2Fv2%2Ftags&post=51320"}],"curies":[{"name":"wp","href":"https:\/\/api.w.org\/{rel}","templated":true}]}}