{"id":51324,"date":"2023-08-25T12:49:05","date_gmt":"2023-08-25T17:49:05","guid":{"rendered":"https:\/\/revistazetta.com\/?p=51324"},"modified":"2023-08-25T12:49:05","modified_gmt":"2023-08-25T17:49:05","slug":"ejemplo-de-superacion-shirlis-beleno-candidata-al-concejo-se-gradua-de-administradora-publica","status":"publish","type":"post","link":"https:\/\/revistazetta.com\/?p=51324","title":{"rendered":"Ejemplo de superaci\u00f3n: Shirlis Bele\u00f1o, candidata al Concejo se grad\u00faa de administradora p\u00fablica"},"content":{"rendered":"<p><strong>Cartagena de Indias, 25 de agosto de 2023.-\u00a0<\/strong>Nacida en Olaya Herrera en medio de condiciones de vulnerabilidad, donde aprendi\u00f3 el valor de la humildad y la solidaridad, Shirlis Bele\u00f1o Zarza era consciente que deb\u00eda luchar d\u00eda a d\u00eda para alcanzar sus sue\u00f1os.<\/p>\n<p>Lo logr\u00f3 pero el camino no ha sido f\u00e1cil. Con una mano adelante y otra atr\u00e1s, lleg\u00f3 al mercado Bazurto hace m\u00e1s de 20 a\u00f1os, vendiendo pasteles que ella misma preparaba, fue degustando el paladar de los comerciantes de la plaza mayorista de v\u00edveres y abarrotes. Su dedicaci\u00f3n y carisma le valieron el reconocimiento de la gente.<\/p>\n<p><img loading=\"lazy\" decoding=\"async\" class=\"alignnone size-medium wp-image-51326\" src=\"https:\/\/revistazetta.com\/wp-content\/uploads\/2023\/08\/WhatsApp-Image-2023-08-25-at-12.37.14-PM-500x333.jpeg\" alt=\"\" width=\"500\" height=\"333\" srcset=\"https:\/\/revistazetta.com\/wp-content\/uploads\/2023\/08\/WhatsApp-Image-2023-08-25-at-12.37.14-PM-500x333.jpeg 500w, https:\/\/revistazetta.com\/wp-content\/uploads\/2023\/08\/WhatsApp-Image-2023-08-25-at-12.37.14-PM-1024x683.jpeg 1024w, https:\/\/revistazetta.com\/wp-content\/uploads\/2023\/08\/WhatsApp-Image-2023-08-25-at-12.37.14-PM-243x162.jpeg 243w, https:\/\/revistazetta.com\/wp-content\/uploads\/2023\/08\/WhatsApp-Image-2023-08-25-at-12.37.14-PM-1536x1024.jpeg 1536w, https:\/\/revistazetta.com\/wp-content\/uploads\/2023\/08\/WhatsApp-Image-2023-08-25-at-12.37.14-PM-2048x1366.jpeg 2048w\" sizes=\"auto, (max-width: 500px) 100vw, 500px\" \/><\/p>\n<p>Con el tiempo se fue convirtiendo en una l\u00edder y defensora de causas sociales de los peque\u00f1os vendedores. Se gan\u00f3 ese reconocimiento por su talante luchador y vocaci\u00f3n de servicio. Sin experiencia, asumi\u00f3 un reto propuesto por Guillermo Ram\u00edrez: realizar una encuesta con los m\u00e1s altos est\u00e1ndares estad\u00edsticos. Al final lo logr\u00f3. Eso le vali\u00f3 la oportunidad de trabajar en ACOVIBA, donde escal\u00f3 hasta llegar a ser su directora.<\/p>\n<p><img loading=\"lazy\" decoding=\"async\" class=\"alignnone size-medium wp-image-51327\" src=\"https:\/\/revistazetta.com\/wp-content\/uploads\/2023\/08\/WhatsApp-Image-2023-08-25-at-12.37.15-PM-1-500x333.jpeg\" alt=\"\" width=\"500\" height=\"333\" srcset=\"https:\/\/revistazetta.com\/wp-content\/uploads\/2023\/08\/WhatsApp-Image-2023-08-25-at-12.37.15-PM-1-500x333.jpeg 500w, https:\/\/revistazetta.com\/wp-content\/uploads\/2023\/08\/WhatsApp-Image-2023-08-25-at-12.37.15-PM-1-1024x683.jpeg 1024w, https:\/\/revistazetta.com\/wp-content\/uploads\/2023\/08\/WhatsApp-Image-2023-08-25-at-12.37.15-PM-1-243x162.jpeg 243w, https:\/\/revistazetta.com\/wp-content\/uploads\/2023\/08\/WhatsApp-Image-2023-08-25-at-12.37.15-PM-1-1536x1024.jpeg 1536w, https:\/\/revistazetta.com\/wp-content\/uploads\/2023\/08\/WhatsApp-Image-2023-08-25-at-12.37.15-PM-1-2048x1366.jpeg 2048w\" sizes=\"auto, (max-width: 500px) 100vw, 500px\" \/><\/p>\n<p><strong>Acompa\u00f1ada de amigos y familiares toma grado como Administradora P\u00fablica<\/strong><\/p>\n<p>Comprometida con su formaci\u00f3n, busc\u00f3 una profesi\u00f3n que le permitiera seguir siendo vocera de causas empresariales y liderar proyectos sociales. Esta ma\u00f1ana Shirlis tom\u00f3 grado como Administradora P\u00fablica de la ESAP.<\/p>\n<p>\u201cMe siento feliz por este t\u00edtulo como Administradora P\u00fablica. Pondr\u00e9 en pr\u00e1ctica los conocimientos adquiridos y las competencias y habilidades desarrolladas en mi formaci\u00f3n, al servicio de la ciudadan\u00eda\u201d, dijo.<\/p>\n<p>En la ceremonia estuvo acompa\u00f1ada por sus hijas, familiares y un destacado grupo de empresarios del mercado Bazurto entre los que se encuentras Guillermo Ram\u00edrez, de Megatiendas, y Leonardo Quintero, de El Gigante de El Hogar.<\/p>\n<p>Shirlis Bele\u00f1o aspira al Concejo de Cartagena por Centro Democr\u00e1tico, casilla 12 en el tarjet\u00f3n.<\/p>\n<p><img loading=\"lazy\" decoding=\"async\" class=\"alignnone size-medium wp-image-51329\" src=\"https:\/\/revistazetta.com\/wp-content\/uploads\/2023\/08\/WhatsApp-Image-2023-08-25-at-12.37.16-PM-1-500x333.jpeg\" alt=\"\" width=\"500\" height=\"333\" srcset=\"https:\/\/revistazetta.com\/wp-content\/uploads\/2023\/08\/WhatsApp-Image-2023-08-25-at-12.37.16-PM-1-500x333.jpeg 500w, https:\/\/revistazetta.com\/wp-content\/uploads\/2023\/08\/WhatsApp-Image-2023-08-25-at-12.37.16-PM-1-1024x683.jpeg 1024w, https:\/\/revistazetta.com\/wp-content\/uploads\/2023\/08\/WhatsApp-Image-2023-08-25-at-12.37.16-PM-1-243x162.jpeg 243w, https:\/\/revistazetta.com\/wp-content\/uploads\/2023\/08\/WhatsApp-Image-2023-08-25-at-12.37.16-PM-1-1536x1024.jpeg 1536w, https:\/\/revistazetta.com\/wp-content\/uploads\/2023\/08\/WhatsApp-Image-2023-08-25-at-12.37.16-PM-1-2048x1366.jpeg 2048w\" sizes=\"auto, (max-width: 500px) 100vw, 500px\" \/> <img loading=\"lazy\" decoding=\"async\" class=\"alignnone size-medium wp-image-51330\" src=\"https:\/\/revistazetta.com\/wp-content\/uploads\/2023\/08\/WhatsApp-Image-2023-08-25-at-12.37.16-PM-222x333.jpeg\" alt=\"\" width=\"222\" height=\"333\" srcset=\"https:\/\/revistazetta.com\/wp-content\/uploads\/2023\/08\/WhatsApp-Image-2023-08-25-at-12.37.16-PM-222x333.jpeg 222w, https:\/\/revistazetta.com\/wp-content\/uploads\/2023\/08\/WhatsApp-Image-2023-08-25-at-12.37.16-PM-683x1024.jpeg 683w, https:\/\/revistazetta.com\/wp-content\/uploads\/2023\/08\/WhatsApp-Image-2023-08-25-at-12.37.16-PM-108x162.jpeg 108w, https:\/\/revistazetta.com\/wp-content\/uploads\/2023\/08\/WhatsApp-Image-2023-08-25-at-12.37.16-PM-1024x1536.jpeg 1024w, https:\/\/revistazetta.com\/wp-content\/uploads\/2023\/08\/WhatsApp-Image-2023-08-25-at-12.37.16-PM-1366x2048.jpeg 1366w, https:\/\/revistazetta.com\/wp-content\/uploads\/2023\/08\/WhatsApp-Image-2023-08-25-at-12.37.16-PM-scaled.jpeg 1707w\" sizes=\"auto, (max-width: 222px) 100vw, 222px\" \/><\/p>\n","protected":false},"excerpt":{"rendered":"<p>Cartagena de Indias, 25 de agosto de 2023.-\u00a0Nacida en Olaya Herrera en medio de condiciones de vulnerabilidad, donde aprendi\u00f3 el valor de la humildad y la solidaridad, Shirlis Bele\u00f1o Zarza era consciente que deb\u00eda luchar d\u00eda a d\u00eda para alcanzar sus sue\u00f1os. Lo logr\u00f3 pero el camino no ha sido f\u00e1cil. Con una mano adelante y otra atr\u00e1s, lleg\u00f3 al mercado Bazurto hace m\u00e1s de 20 a\u00f1os, vendiendo pasteles que ella misma preparaba, fue degustando el paladar de los comerciantes de la plaza mayorista de v\u00edveres y abarrotes. Su dedicaci\u00f3n&#8230; <\/p>\n","protected":false},"author":3,"featured_media":51325,"comment_status":"closed","ping_status":"closed","sticky":false,"template":"","format":"standard","meta":{"footnotes":"","_links_to":"","_links_to_target":""},"categories":[1450,1440,4],"tags":[285,983,298,894],"class_list":["post-51324","post","type-post","status-publish","format-standard","has-post-thumbnail","hentry","category-parasladers","category-elecciones-2023-politica","category-politica","tag-destacada","tag-elecciones-2023","tag-politica","tag-shirlis-beleno"],"_links":{"self":[{"href":"https:\/\/revistazetta.com\/index.php?rest_route=\/wp\/v2\/posts\/51324","targetHints":{"allow":["GET"]}}],"collection":[{"href":"https:\/\/revistazetta.com\/index.php?rest_route=\/wp\/v2\/posts"}],"about":[{"href":"https:\/\/revistazetta.com\/index.php?rest_route=\/wp\/v2\/types\/post"}],"author":[{"embeddable":true,"href":"https:\/\/revistazetta.com\/index.php?rest_route=\/wp\/v2\/users\/3"}],"replies":[{"embeddable":true,"href":"https:\/\/revistazetta.com\/index.php?rest_route=%2Fwp%2Fv2%2Fcomments&post=51324"}],"version-history":[{"count":0,"href":"https:\/\/revistazetta.com\/index.php?rest_route=\/wp\/v2\/posts\/51324\/revisions"}],"wp:featuredmedia":[{"embeddable":true,"href":"https:\/\/revistazetta.com\/index.php?rest_route=\/wp\/v2\/media\/51325"}],"wp:attachment":[{"href":"https:\/\/revistazetta.com\/index.php?rest_route=%2Fwp%2Fv2%2Fmedia&parent=51324"}],"wp:term":[{"taxonomy":"category","embeddable":true,"href":"https:\/\/revistazetta.com\/index.php?rest_route=%2Fwp%2Fv2%2Fcategories&post=51324"},{"taxonomy":"post_tag","embeddable":true,"href":"https:\/\/revistazetta.com\/index.php?rest_route=%2Fwp%2Fv2%2Ftags&post=51324"}],"curies":[{"name":"wp","href":"https:\/\/api.w.org\/{rel}","templated":true}]}}