{"id":51530,"date":"2023-09-13T16:54:24","date_gmt":"2023-09-13T21:54:24","guid":{"rendered":"https:\/\/revistazetta.com\/?p=51530"},"modified":"2023-09-13T17:02:45","modified_gmt":"2023-09-13T22:02:45","slug":"fany-pachon-el-voto-diferente","status":"publish","type":"post","link":"https:\/\/revistazetta.com\/?p=51530","title":{"rendered":"Fany Pach\u00f3n: El voto diferente"},"content":{"rendered":"<p><strong>Cartagena de Indias, 13 de septiembre de 2023.-<\/strong> Fany Pach\u00f3n es diferente y su invitaci\u00f3n es a pensar diferente y votar diferente para el Concejo de Cartagena.<\/p>\n<p>Con trayectoria en la defensa de los Derechos Humanos y las causas ambientales y animalistas, sorprendi\u00f3 con su postulaci\u00f3n avalada en el Partido Conservador, donde figura en el N\u00ba14 de la lista.<\/p>\n<p>En el programa de entrevistas musicales \u00abDe la A a la Zetta\u00bb cant\u00f3 champeta y como antitaurina tambi\u00e9n le sac\u00f3 la bandera blanca blanca a John Zamora, reconocido taurino.<\/p>\n<p>Con sus cabellos rosados, se distingue desde lejos. En su mu\u00f1ecas lleva s\u00edmbolos, entre ellos la manilla que promociona a Yamil Arana como candidato a la Gobernaci\u00f3n de Bol\u00edvar y la manilla roja de Dumek Turbay a la Alcald\u00eda de Cartagena.<\/p>\n<p>Los recuerdos de su Santa Rosa de Lima natal, el amor por la tierra y lo que propone para el Concejo de Cartagena, en esta picante entrevista.<\/p>\n<p><iframe loading=\"lazy\" title=\"YouTube video player\" src=\"https:\/\/www.youtube.com\/embed\/IIZqQApEUZE?si=5XjATMD1jeinxJch\" width=\"560\" height=\"315\" frameborder=\"0\" allowfullscreen=\"allowfullscreen\"><\/iframe><\/p>\n<p><img loading=\"lazy\" decoding=\"async\" class=\"alignnone size-medium wp-image-51533\" src=\"https:\/\/revistazetta.com\/wp-content\/uploads\/2023\/09\/ZZZ_1487-498x333.jpg\" alt=\"\" width=\"498\" height=\"333\" srcset=\"https:\/\/revistazetta.com\/wp-content\/uploads\/2023\/09\/ZZZ_1487-498x333.jpg 498w, https:\/\/revistazetta.com\/wp-content\/uploads\/2023\/09\/ZZZ_1487-1024x684.jpg 1024w, https:\/\/revistazetta.com\/wp-content\/uploads\/2023\/09\/ZZZ_1487-242x162.jpg 242w, https:\/\/revistazetta.com\/wp-content\/uploads\/2023\/09\/ZZZ_1487-1536x1027.jpg 1536w, https:\/\/revistazetta.com\/wp-content\/uploads\/2023\/09\/ZZZ_1487-2048x1369.jpg 2048w\" sizes=\"auto, (max-width: 498px) 100vw, 498px\" \/> <img loading=\"lazy\" decoding=\"async\" class=\"alignnone size-medium wp-image-51534\" src=\"https:\/\/revistazetta.com\/wp-content\/uploads\/2023\/09\/ZZZ_1492-498x333.jpg\" alt=\"\" width=\"498\" height=\"333\" srcset=\"https:\/\/revistazetta.com\/wp-content\/uploads\/2023\/09\/ZZZ_1492-498x333.jpg 498w, https:\/\/revistazetta.com\/wp-content\/uploads\/2023\/09\/ZZZ_1492-1024x684.jpg 1024w, https:\/\/revistazetta.com\/wp-content\/uploads\/2023\/09\/ZZZ_1492-242x162.jpg 242w, https:\/\/revistazetta.com\/wp-content\/uploads\/2023\/09\/ZZZ_1492-1536x1027.jpg 1536w, https:\/\/revistazetta.com\/wp-content\/uploads\/2023\/09\/ZZZ_1492-2048x1369.jpg 2048w\" sizes=\"auto, (max-width: 498px) 100vw, 498px\" \/><\/p>\n","protected":false},"excerpt":{"rendered":"<p>Cartagena de Indias, 13 de septiembre de 2023.- Fany Pach\u00f3n es diferente y su invitaci\u00f3n es a pensar diferente y votar diferente para el Concejo de Cartagena. Con trayectoria en la defensa de los Derechos Humanos y las causas ambientales y animalistas, sorprendi\u00f3 con su postulaci\u00f3n avalada en el Partido Conservador, donde figura en el N\u00ba14 de la lista. En el programa de entrevistas musicales \u00abDe la A a la Zetta\u00bb cant\u00f3 champeta y como antitaurina tambi\u00e9n le sac\u00f3 la bandera blanca blanca a John Zamora, reconocido taurino. Con sus&#8230; <\/p>\n","protected":false},"author":3,"featured_media":51531,"comment_status":"closed","ping_status":"closed","sticky":false,"template":"","format":"standard","meta":{"footnotes":"","_links_to":"","_links_to_target":""},"categories":[1450,1344],"tags":[191,195,549,285,983,1796],"class_list":["post-51530","post","type-post","status-publish","format-standard","has-post-thumbnail","hentry","category-parasladers","category-de-la-a-a-la-zetta","tag-cartagena-de-indias","tag-concejo-de-cartagena","tag-de-la-a-a-la-zetta","tag-destacada","tag-elecciones-2023","tag-fany-pachon"],"_links":{"self":[{"href":"https:\/\/revistazetta.com\/index.php?rest_route=\/wp\/v2\/posts\/51530","targetHints":{"allow":["GET"]}}],"collection":[{"href":"https:\/\/revistazetta.com\/index.php?rest_route=\/wp\/v2\/posts"}],"about":[{"href":"https:\/\/revistazetta.com\/index.php?rest_route=\/wp\/v2\/types\/post"}],"author":[{"embeddable":true,"href":"https:\/\/revistazetta.com\/index.php?rest_route=\/wp\/v2\/users\/3"}],"replies":[{"embeddable":true,"href":"https:\/\/revistazetta.com\/index.php?rest_route=%2Fwp%2Fv2%2Fcomments&post=51530"}],"version-history":[{"count":0,"href":"https:\/\/revistazetta.com\/index.php?rest_route=\/wp\/v2\/posts\/51530\/revisions"}],"wp:featuredmedia":[{"embeddable":true,"href":"https:\/\/revistazetta.com\/index.php?rest_route=\/wp\/v2\/media\/51531"}],"wp:attachment":[{"href":"https:\/\/revistazetta.com\/index.php?rest_route=%2Fwp%2Fv2%2Fmedia&parent=51530"}],"wp:term":[{"taxonomy":"category","embeddable":true,"href":"https:\/\/revistazetta.com\/index.php?rest_route=%2Fwp%2Fv2%2Fcategories&post=51530"},{"taxonomy":"post_tag","embeddable":true,"href":"https:\/\/revistazetta.com\/index.php?rest_route=%2Fwp%2Fv2%2Ftags&post=51530"}],"curies":[{"name":"wp","href":"https:\/\/api.w.org\/{rel}","templated":true}]}}