{"id":5175,"date":"2015-03-20T07:54:36","date_gmt":"2015-03-20T12:54:36","guid":{"rendered":"http:\/\/www.revistazetta.com\/?p=5175"},"modified":"2015-03-20T08:00:04","modified_gmt":"2015-03-20T13:00:04","slug":"ha-muerto-maria-del-socorro-bustamante","status":"publish","type":"post","link":"https:\/\/revistazetta.com\/?p=5175","title":{"rendered":"Ha muerto Mar\u00eda del Socorro Bustamante"},"content":{"rendered":"<p>La dirigente Mar\u00eda del Socorro Bustamante muri\u00f3 la madrugada de este lunes en la ciudad de Medell\u00edn, a donde fue trasladada hace dos semanas tras sufrir un shock s\u00e9ptico consecuencia de inestabilidad tras una operaci\u00f3n de by-pass g\u00e1strico.<\/p>\n<p>La muerte fue confirmada por el Hospital San Vicente de Paul, seg\u00fan inform\u00f3 La W.<\/p>\n<p>La dirigente cartagenera fue internada el s\u00e1bado 21 de febrero en la Unidad de Cuidados Intensivos del Hospital de Bocagrande por una aparente descompensaci\u00f3n f\u00edsica causada por una afecci\u00f3n severa del h\u00edgado, luego de una operaci\u00f3n quir\u00fargica para combatir sus problemas de obesidad. Dos d\u00edas despu\u00e9s fue trasladada a Rionegro.<\/p>\n<p>La representante electa present\u00f3 un deterioro en su estado de salud luego de que le instalaran un bal\u00f3n g\u00e1strico por recomendaciones m\u00e9dicas.<\/p>\n<p>Al parecer, descuid\u00f3 la etapa posquir\u00fargica por trabajar en su campa\u00f1a pol\u00edtica de cara a las elecciones al Congreso de la Rep\u00fablica en el 2014 y en el posterior proceso legal para ocupar su curul especial de las negritudes.<\/p>\n<p>La dirigente tuvo una falla multiorg\u00e1nica, deficiencias renales y hep\u00e1ticas, que ameritaron atenci\u00f3n en cuidados intensivos en el hospital de Bocagrande, y luego su traslado al hospital San Vicente de Pa\u00fal donde no se descart\u00f3 un eventual transplante de h\u00edgado.<\/p>\n<p>Bustamante Ibarra era fisioterapeuta, hab\u00eda sido miembro de la C\u00e1mara Junio de Colombia y luego Concejal de Cartagena. Fue protagonista de primera l\u00ednea de la actividad pol\u00edtica en Cartagena en los \u00faltimos cuatro a\u00f1os, pues aspir\u00f3 en dos ocasiones seguidas a la Alcald\u00eda de Cartagena y, el a\u00f1o pasado, a la C\u00e1mara de Representantes circunscripci\u00f3n de las comunidades afro.<\/p>\n<p>Precisamente esa elecci\u00f3n le dio dimensi\u00f3n nacional por la pol\u00e9mica generada ya que a pesar de lograr la m\u00e1s alta votaci\u00f3n, nunca se pudo posesionar por objeciones jur\u00eddicas a su calidad de persona afro.<\/p>\n<p>Para este viernes se ten\u00eda prevista una eucarist\u00eda para orar por su recuperaci\u00f3n en la iglesia de Manga, pero la muerte la sorprendi\u00f3.<\/p>\n<p>Seg\u00fan se conoci\u00f3, la paciente tuvo un episodio cr\u00edtico en la madrugada y fue reanimada inicialmente, pero finalmente falleci\u00f3.<\/p>\n","protected":false},"excerpt":{"rendered":"<p>La dirigente Mar\u00eda del Socorro Bustamante muri\u00f3 la madrugada de este lunes en la ciudad de Medell\u00edn, a donde fue trasladada hace dos semanas tras sufrir un shock s\u00e9ptico consecuencia de inestabilidad tras una operaci\u00f3n de by-pass g\u00e1strico. La muerte fue confirmada por el Hospital San Vicente de Paul, seg\u00fan inform\u00f3 La W. La dirigente cartagenera fue internada el s\u00e1bado 21 de febrero en la Unidad de Cuidados Intensivos del Hospital de Bocagrande por una aparente descompensaci\u00f3n f\u00edsica causada por una afecci\u00f3n severa del h\u00edgado, luego de una operaci\u00f3n quir\u00fargica&#8230; <\/p>\n","protected":false},"author":3,"featured_media":5176,"comment_status":"open","ping_status":"closed","sticky":false,"template":"","format":"standard","meta":{"footnotes":"","_links_to":"","_links_to_target":""},"categories":[2,35],"tags":[],"class_list":["post-5175","post","type-post","status-publish","format-standard","has-post-thumbnail","hentry","category-actualidad","category-actualidad-nacion"],"_links":{"self":[{"href":"https:\/\/revistazetta.com\/index.php?rest_route=\/wp\/v2\/posts\/5175","targetHints":{"allow":["GET"]}}],"collection":[{"href":"https:\/\/revistazetta.com\/index.php?rest_route=\/wp\/v2\/posts"}],"about":[{"href":"https:\/\/revistazetta.com\/index.php?rest_route=\/wp\/v2\/types\/post"}],"author":[{"embeddable":true,"href":"https:\/\/revistazetta.com\/index.php?rest_route=\/wp\/v2\/users\/3"}],"replies":[{"embeddable":true,"href":"https:\/\/revistazetta.com\/index.php?rest_route=%2Fwp%2Fv2%2Fcomments&post=5175"}],"version-history":[{"count":0,"href":"https:\/\/revistazetta.com\/index.php?rest_route=\/wp\/v2\/posts\/5175\/revisions"}],"wp:featuredmedia":[{"embeddable":true,"href":"https:\/\/revistazetta.com\/index.php?rest_route=\/wp\/v2\/media\/5176"}],"wp:attachment":[{"href":"https:\/\/revistazetta.com\/index.php?rest_route=%2Fwp%2Fv2%2Fmedia&parent=5175"}],"wp:term":[{"taxonomy":"category","embeddable":true,"href":"https:\/\/revistazetta.com\/index.php?rest_route=%2Fwp%2Fv2%2Fcategories&post=5175"},{"taxonomy":"post_tag","embeddable":true,"href":"https:\/\/revistazetta.com\/index.php?rest_route=%2Fwp%2Fv2%2Ftags&post=5175"}],"curies":[{"name":"wp","href":"https:\/\/api.w.org\/{rel}","templated":true}]}}