{"id":51757,"date":"2023-10-02T16:48:49","date_gmt":"2023-10-02T21:48:49","guid":{"rendered":"https:\/\/revistazetta.com\/?p=51757"},"modified":"2023-10-02T16:48:49","modified_gmt":"2023-10-02T21:48:49","slug":"san-cayetano-lo-sono-y-nosotros-lo-hicimos-posible-gobernador-blel-entrego-puente-a-la-comunidad","status":"publish","type":"post","link":"https:\/\/revistazetta.com\/?p=51757","title":{"rendered":"\u00abSan Cayetano lo so\u00f1\u00f3 y nosotros lo hicimos posible\u00bb: Gobernador Blel entreg\u00f3 puente a la comunidad"},"content":{"rendered":"<p><strong>San Cayetano, Bol\u00edvar, 2 de octubre de 2023.-<\/strong>\u00a0El gobernador de Bol\u00edvar, Vicente Blel Scaff, entreg\u00f3 este lunes a la comunidad del corregimiento de San Cayetano, en el municipio de San Juan Nepomuceno, un nuevo y moderno puente vehicular que beneficiar\u00e1 a m\u00e1s de 8.600 pobladores.<\/p>\n<p>Esta obra de infraestructura vial hoy es una realidad gracias al compromiso del &#8216;Bol\u00edvar Primero&#8217; con esta poblaci\u00f3n. El nuevo puente est\u00e1 ubicado en el casco urbano del corregimiento y conecta a los sectores de Cristo Rey y El Campo.<\/p>\n<p>\u00abSan Cayetano lo so\u00f1\u00f3 y nosotros lo hicimos posible, por eso hoy nuevamente estamos en esta hermosa poblaci\u00f3n entreg\u00e1ndole un puente vehicular, el cual cuenta con un dise\u00f1o moderno y funcional\u00bb, dijo el gobernador Blel.<\/p>\n<p>Gertrudis Bedoya, habitante del corregimiento, manifest\u00f3 que \u00abantes ten\u00edamos un peque\u00f1o puente peatonal que estaba en mal estado y cuando llov\u00eda represaba el agua; ahora tenemos un nuevo puente y es vehicular, y estamos muy felices\u00bb.<\/p>\n<p>La obra cuenta con una longitud de 42,3 metros de largo y 5,7 metros de ancho, y tuvo una inversi\u00f3n cercana a $2 mil millones.<\/p>\n<p>&nbsp;<\/p>\n","protected":false},"excerpt":{"rendered":"<p>San Cayetano, Bol\u00edvar, 2 de octubre de 2023.-\u00a0El gobernador de Bol\u00edvar, Vicente Blel Scaff, entreg\u00f3 este lunes a la comunidad del corregimiento de San Cayetano, en el municipio de San Juan Nepomuceno, un nuevo y moderno puente vehicular que beneficiar\u00e1 a m\u00e1s de 8.600 pobladores. Esta obra de infraestructura vial hoy es una realidad gracias al compromiso del &#8216;Bol\u00edvar Primero&#8217; con esta poblaci\u00f3n. El nuevo puente est\u00e1 ubicado en el casco urbano del corregimiento y conecta a los sectores de Cristo Rey y El Campo. \u00abSan Cayetano lo so\u00f1\u00f3 y&#8230; <\/p>\n","protected":false},"author":3,"featured_media":51758,"comment_status":"closed","ping_status":"closed","sticky":false,"template":"","format":"standard","meta":{"footnotes":"","_links_to":"","_links_to_target":""},"categories":[1450,33,80],"tags":[73,285,365,300,164],"class_list":["post-51757","post","type-post","status-publish","format-standard","has-post-thumbnail","hentry","category-parasladers","category-actualidad-bolivar","category-region","tag-bolivar","tag-destacada","tag-gobernacion-de-bolivar","tag-region","tag-vicente-blel"],"_links":{"self":[{"href":"https:\/\/revistazetta.com\/index.php?rest_route=\/wp\/v2\/posts\/51757","targetHints":{"allow":["GET"]}}],"collection":[{"href":"https:\/\/revistazetta.com\/index.php?rest_route=\/wp\/v2\/posts"}],"about":[{"href":"https:\/\/revistazetta.com\/index.php?rest_route=\/wp\/v2\/types\/post"}],"author":[{"embeddable":true,"href":"https:\/\/revistazetta.com\/index.php?rest_route=\/wp\/v2\/users\/3"}],"replies":[{"embeddable":true,"href":"https:\/\/revistazetta.com\/index.php?rest_route=%2Fwp%2Fv2%2Fcomments&post=51757"}],"version-history":[{"count":0,"href":"https:\/\/revistazetta.com\/index.php?rest_route=\/wp\/v2\/posts\/51757\/revisions"}],"wp:featuredmedia":[{"embeddable":true,"href":"https:\/\/revistazetta.com\/index.php?rest_route=\/wp\/v2\/media\/51758"}],"wp:attachment":[{"href":"https:\/\/revistazetta.com\/index.php?rest_route=%2Fwp%2Fv2%2Fmedia&parent=51757"}],"wp:term":[{"taxonomy":"category","embeddable":true,"href":"https:\/\/revistazetta.com\/index.php?rest_route=%2Fwp%2Fv2%2Fcategories&post=51757"},{"taxonomy":"post_tag","embeddable":true,"href":"https:\/\/revistazetta.com\/index.php?rest_route=%2Fwp%2Fv2%2Ftags&post=51757"}],"curies":[{"name":"wp","href":"https:\/\/api.w.org\/{rel}","templated":true}]}}