{"id":5179,"date":"2015-03-23T21:30:48","date_gmt":"2015-03-24T02:30:48","guid":{"rendered":"http:\/\/www.revistazetta.com\/?p=5179"},"modified":"2015-03-23T21:30:48","modified_gmt":"2015-03-24T02:30:48","slug":"coro-cubano-inicia-la-agenda-previa-de-semana-santa-preparada-por-el-ipcc-en-cartagena","status":"publish","type":"post","link":"https:\/\/revistazetta.com\/?p=5179","title":{"rendered":"Coro cubano inicia la agenda previa de Semana Santa\u00a0preparada por el IPCC en Cartagena"},"content":{"rendered":"<p><a href=\"https:\/\/www.revistazetta.com\/wp-content\/uploads\/2015\/03\/coro-cubano-camerata.jpg\"><img loading=\"lazy\" decoding=\"async\" class=\" size-medium wp-image-5181 alignright\" src=\"https:\/\/www.revistazetta.com\/wp-content\/uploads\/2015\/03\/coro-cubano-camerata-300x188.jpg\" alt=\"coro cubano camerata\" width=\"300\" height=\"188\" srcset=\"https:\/\/revistazetta.com\/wp-content\/uploads\/2015\/03\/coro-cubano-camerata-300x188.jpg 300w, https:\/\/revistazetta.com\/wp-content\/uploads\/2015\/03\/coro-cubano-camerata.jpg 576w\" sizes=\"auto, (max-width: 300px) 100vw, 300px\" \/><\/a>El coro cubano Sine Nomine har\u00e1 por primera vez presentaciones continuas en la ciudad desde el martes 24 hasta el jueves 26 de marzo.<\/p>\n<p>El coro cubano Sine Nomine llega y se presenta por primera vez en Cartagena ofreciendo talleres y tres conciertos con entrada libre en diferentes escenarios de la ciudad. La prestigiosa coral de la isla inicia la temporada de actividades programadas por el IPCC previas a la Semana Mayor.<\/p>\n<p>La presentaci\u00f3n de la agrupaci\u00f3n cubana en Cartagena se realiza tambi\u00e9n gracias al apoyo de la Fundaci\u00f3n Vocal Arte de San Juan de Pasto y la coral Voci del Mare de Cartagena.<\/p>\n<p>El martes 24 la coral cubana integrada por nueve voces masculinas se presentar\u00e1 en le Iglesia de la Trinidad \u00a0a partir de las seis de la tarde. Previamente su directora la Maestra Leonor Su\u00e1rez Dulzaides estar\u00e1 dictando talleres gratuitos sobre el tema de las corales y manejo vocal para el p\u00fablico interesado en la Instituci\u00f3n Educativa de Bellas Artes y Ciencias de Bol\u00edvar a partir de las nueve de la ma\u00f1ana.<\/p>\n<p>La presentaci\u00f3n de la coral cubana contin\u00faa en la ciudad los d\u00edas mi\u00e9rcoles 25 y jueves 26 de marzo de la siguiente manera:<\/p>\n<p>&nbsp;<\/p>\n<p><strong><em><span style=\"text-decoration: underline;\">Mi\u00e9rcoles 25 de\u00a0 Marzo 2015<\/span><\/em><\/strong><\/p>\n<p><strong>Talleres de t\u00e9cnica Coral Director Coro SINE NOMINE de Cuba<\/strong><\/p>\n<p>Lugar: Escuela de Bellas Artes<\/p>\n<p>Hora: 9: 00 am a 12:00 m<\/p>\n<p>&nbsp;<\/p>\n<p><strong>Concierto<\/strong> <strong>Coro SINE NOMINE de Cuba<\/strong><\/p>\n<p>Lugar: Teatro Adolfo Mejia<\/p>\n<p>Hora: 6:00 pm a 7:00 pm<\/p>\n<p>&nbsp;<\/p>\n<p><strong><em><span style=\"text-decoration: underline;\">Jueves 26 de Marzo 2015<\/span><\/em><\/strong><\/p>\n<p><strong>Talleres de t\u00e9cnica Coral Director Coro SINE NOMINE de Cuba<\/strong><\/p>\n<p>Lugar: Escuela de Bellas Artes<\/p>\n<p>Hora: 9: 00 am a 12:00 m<\/p>\n<p>&nbsp;<\/p>\n<p><strong>Concierto<\/strong> <strong>Coro SINE NOMINE de Cuba<\/strong><\/p>\n<p>Lugar: Sal\u00f3n PIERRE DAGET Escuela de Bellas Artes<\/p>\n<p>Hora: 6:00 pm a 7:00 pm<\/p>\n<p>&nbsp;<\/p>\n<p>\u201cLa presentaci\u00f3n de la coral cubana es s\u00edmbolo de la fuerza y acogida que ha tenido el evento de coros\u00a0 en iglesias y teatros de la ciudad programado dentro del denominado encuentro de los mismos en Cartagena; la m\u00edstica de estas presentaciones y lo magistral que resultan las interpretaciones que realizan voces de nuevos talentos de nuestra ciudad el exterior y el pa\u00eds nos hacen disfrutar y a la vez reflexionar sobre la importancia de estos d\u00edas. La invitaci\u00f3n est\u00e1 abierta\u00a0 para que tambi\u00e9n disfruten a partir del 29 de este mes \u00a0del\u00a0\u00a0 IV festival del dulce y\u00a0 la II Muestra Gastron\u00f3mica de Platos t\u00edpicos de Semana Santa\u201d, expres\u00f3 la Directora del IPCC, Nacira Ayos Figueroa al referirse a la agenda cultural y gastron\u00f3mica preparada por el IPCC a prop\u00f3sito de la Semana Mayor.<\/p>\n<p><strong>La camerata cubana Sine Nomine:<\/strong><\/p>\n<div id=\"attachment_5182\" style=\"width: 310px\" class=\"wp-caption alignleft\"><a href=\"https:\/\/www.revistazetta.com\/wp-content\/uploads\/2015\/03\/coro-cubano-directora.jpg\"><img loading=\"lazy\" decoding=\"async\" aria-describedby=\"caption-attachment-5182\" class=\"wp-image-5182 size-medium\" src=\"https:\/\/www.revistazetta.com\/wp-content\/uploads\/2015\/03\/coro-cubano-directora-300x188.jpg\" alt=\"SONY DSC\" width=\"300\" height=\"188\" srcset=\"https:\/\/revistazetta.com\/wp-content\/uploads\/2015\/03\/coro-cubano-directora-300x188.jpg 300w, https:\/\/revistazetta.com\/wp-content\/uploads\/2015\/03\/coro-cubano-directora.jpg 576w\" sizes=\"auto, (max-width: 300px) 100vw, 300px\" \/><\/a><p id=\"caption-attachment-5182\" class=\"wp-caption-text\">Leonor Su\u00e1rez, directora.<\/p><\/div>\n<p>Fundada en septiembre de 2003 por su primer director Enrique Fili\u00fa O\u00b4Reilly, la Camerata Vocale Sine Nomine es un proyecto de marcada singularidad dentro del rico contexto del actual movimiento coral en Cuba.<\/p>\n<p>Esta agrupaci\u00f3n, \u00fanica en su tipo en nuestro pa\u00eds, es un coro masculino que emplea las voces de contratenor (soprano y alto), tenor y bajo, con el prop\u00f3sito de\u00a0 seguir un criterio de interpretaci\u00f3n de la m\u00fasica escrita originalmente para este tipo de formato, con un repertorio que abarca obras desde los inicios de la polifon\u00eda hasta la actualidad.<\/p>\n<p>Desde su debut, ocurrido en 2004 durante el II Festival Internacional de M\u00fasica Antigua \u201cEsteban Salas\u201d, Sine Nomine atesora un largo listado de presentaciones en los principales auditorios de nuestra Capital y el pa\u00eds. En 2005 asume la direcci\u00f3n uno de sus cantores, Alexis Rodr\u00edguez Mart\u00ednez, con quien efect\u00faan una gira en el a\u00f1o 2007 por varias ciudades espa\u00f1olas y participan en la 39 Edici\u00f3n del Certamen Internacional de Masas Corales de Tolosa obteniendo una favorable acogida de la cr\u00edtica y el p\u00fablico.\u00a0 A su regreso trabajan, por un tiempo, bajo el asesoramiento de la Maestra Digna Guerra.\u00a0 Desde 2008 son dirigidos por la Maestra Leonor Su\u00e1rez Dulzaides.<\/p>\n<p>La agrupaci\u00f3n ha incrementado su repertorio que si bien se centra en la m\u00fasica antigua no desde\u00f1a g\u00e9neros como el spiritual o la m\u00fasica cubana y contempor\u00e1nea. Su singular formaci\u00f3n ha inspirado a compositores que han escrito obras atra\u00eddos por su novedoso formato.<\/p>\n","protected":false},"excerpt":{"rendered":"<p>El coro cubano Sine Nomine har\u00e1 por primera vez presentaciones continuas en la ciudad desde el martes 24 hasta el jueves 26 de marzo. El coro cubano Sine Nomine llega y se presenta por primera vez en Cartagena ofreciendo talleres y tres conciertos con entrada libre en diferentes escenarios de la ciudad. La prestigiosa coral de la isla inicia la temporada de actividades programadas por el IPCC previas a la Semana Mayor. La presentaci\u00f3n de la agrupaci\u00f3n cubana en Cartagena se realiza tambi\u00e9n gracias al apoyo de la Fundaci\u00f3n Vocal&#8230; <\/p>\n","protected":false},"author":3,"featured_media":5180,"comment_status":"open","ping_status":"closed","sticky":false,"template":"","format":"standard","meta":{"footnotes":"","_links_to":"","_links_to_target":""},"categories":[41,43],"tags":[],"class_list":["post-5179","post","type-post","status-publish","format-standard","has-post-thumbnail","hentry","category-cultura","category-cultura-musica"],"_links":{"self":[{"href":"https:\/\/revistazetta.com\/index.php?rest_route=\/wp\/v2\/posts\/5179","targetHints":{"allow":["GET"]}}],"collection":[{"href":"https:\/\/revistazetta.com\/index.php?rest_route=\/wp\/v2\/posts"}],"about":[{"href":"https:\/\/revistazetta.com\/index.php?rest_route=\/wp\/v2\/types\/post"}],"author":[{"embeddable":true,"href":"https:\/\/revistazetta.com\/index.php?rest_route=\/wp\/v2\/users\/3"}],"replies":[{"embeddable":true,"href":"https:\/\/revistazetta.com\/index.php?rest_route=%2Fwp%2Fv2%2Fcomments&post=5179"}],"version-history":[{"count":0,"href":"https:\/\/revistazetta.com\/index.php?rest_route=\/wp\/v2\/posts\/5179\/revisions"}],"wp:featuredmedia":[{"embeddable":true,"href":"https:\/\/revistazetta.com\/index.php?rest_route=\/wp\/v2\/media\/5180"}],"wp:attachment":[{"href":"https:\/\/revistazetta.com\/index.php?rest_route=%2Fwp%2Fv2%2Fmedia&parent=5179"}],"wp:term":[{"taxonomy":"category","embeddable":true,"href":"https:\/\/revistazetta.com\/index.php?rest_route=%2Fwp%2Fv2%2Fcategories&post=5179"},{"taxonomy":"post_tag","embeddable":true,"href":"https:\/\/revistazetta.com\/index.php?rest_route=%2Fwp%2Fv2%2Ftags&post=5179"}],"curies":[{"name":"wp","href":"https:\/\/api.w.org\/{rel}","templated":true}]}}