{"id":5209,"date":"2015-03-24T21:36:28","date_gmt":"2015-03-25T02:36:28","guid":{"rendered":"http:\/\/www.revistazetta.com\/?p=5209"},"modified":"2015-03-24T21:36:28","modified_gmt":"2015-03-25T02:36:28","slug":"presidente-de-asamblea-de-bolivar-asiste-a-cumbre-por-equilibrio-de-poderes","status":"publish","type":"post","link":"https:\/\/revistazetta.com\/?p=5209","title":{"rendered":"Presidente de Asamblea de Bol\u00edvar asiste a cumbre por Equilibrio de Poderes"},"content":{"rendered":"<p>El presidente de la Asamblea de Bol\u00edvar, Jorge Rodr\u00edguez Sosa, fue convocado por el Gobierno Nacional a una cumbre pol\u00edtica para ventilar el proyecto de Equilibrio de Poderes.<\/p>\n<p>La reuni\u00f3n se cumplir\u00e1 este mi\u00e9rcoles en Bogot\u00e1, a donde acudir\u00e1n tambi\u00e9n los presidentes de las dem\u00e1s Asambleas Departamentales del pa\u00eds.<\/p>\n<p>Los anfitriones de la cumbre ser\u00e1n el ministro del Interior, Juan Fernando Cristo, y el ministro de la Presidencia, N\u00e9stor Humberto Mart\u00ednez.<\/p>\n<p>Dicho proyecto busca establecer la gerencia en la administraci\u00f3n de justicia, m\u00e1s requisitos para acceder a las altas magistraturas del Estado y la garant\u00eda de que todos los colombianos tendr\u00e1n un juez natural, como algunos de los avances en materia judicial que incluye la reforma al Equilibrio de Poderes.<\/p>\n<p>El presidente de la Asamblea de Bol\u00edvar dijo que una de las preocupaciones que expondr\u00e1 es el de la Administraci\u00f3n de Justicia en la provincia colombiana, pues si hay dificultades para los grandes centros urbanos, \u00e9stas son mucho mayores en las poblaciones menores.<\/p>\n<p>Rodr\u00edguez Sosa dijo que la ciudadan\u00eda de Bol\u00edvar aspira que la Justicia sea cercana, con resultados prontos y en derecho. \u201cUna de las expectativas es que la transparencia sea un atributo permanente en la Administraci\u00f3n de Justicia\u201d, dijo el presidente de la Asamblea de Bol\u00edvar.<\/p>\n<p>Seg\u00fan el Gobierno nacional, la reforma nace de la necesidad de corregir los defectos en el sistema judicial. \u201cQueremos fortalecer y corregir nuestras falencias y permitir que el pueblo colombiano recobre su confianza en la institucionalidad, que es la base de la democracia\u201d, dijo el presidente Juan Manuel Santos.<\/p>\n<p>Es por esto, seg\u00fan el Presidente, que en la reforma se incluyen m\u00e1s requisitos para acceder al cargo de Magistrado. As\u00ed mismo, se crean inhabilidades para acabar con la \u2018puerta giratoria\u2019 en las Altas Cortes.<\/p>\n<p>\u201cTodos los procesos de selecci\u00f3n se har\u00e1n por meritocracia. Eso tendr\u00e1 un impacto muy positivo. En la medida en que se dan garant\u00edas para la escogencia de las personas con los mejores procesos posibles. As\u00ed fortalecemos la justicia\u201d, explic\u00f3 el Presidente.<\/p>\n<p>Para garantizar el derecho del acceso a la justicia, la reforma ataca el problema del manejo de la rama, a trav\u00e9s de la eliminaci\u00f3n del Consejo de la Judicatura y la creaci\u00f3n de un organismo gerencial que \u201cdeterminar\u00e1 sus resultados, su relaci\u00f3n con la ciudadan\u00eda\u201d.<\/p>\n<p>El presidente Santos reiter\u00f3 la necesidad de crear el Tribunal de Aforados, que reemplaza a la Comisi\u00f3n de Acusaci\u00f3n de la C\u00e1mara de Representantes, porque \u201cnadie puede quedarse sin un juez\u201d.<\/p>\n<p>Finalmente, el mandatario se\u00f1al\u00f3 que en estos momentos se necesita una reforma estructural a la justicia, para corregir falencias y permitir que \u201cel pueblo colombiano recobre su confianza en la institucionalidad\u201d.<\/p>\n","protected":false},"excerpt":{"rendered":"<p>El presidente de la Asamblea de Bol\u00edvar, Jorge Rodr\u00edguez Sosa, fue convocado por el Gobierno Nacional a una cumbre pol\u00edtica para ventilar el proyecto de Equilibrio de Poderes. La reuni\u00f3n se cumplir\u00e1 este mi\u00e9rcoles en Bogot\u00e1, a donde acudir\u00e1n tambi\u00e9n los presidentes de las dem\u00e1s Asambleas Departamentales del pa\u00eds. Los anfitriones de la cumbre ser\u00e1n el ministro del Interior, Juan Fernando Cristo, y el ministro de la Presidencia, N\u00e9stor Humberto Mart\u00ednez. Dicho proyecto busca establecer la gerencia en la administraci\u00f3n de justicia, m\u00e1s requisitos para acceder a las altas magistraturas&#8230; <\/p>\n","protected":false},"author":3,"featured_media":5210,"comment_status":"open","ping_status":"closed","sticky":false,"template":"","format":"standard","meta":{"footnotes":"","_links_to":"","_links_to_target":""},"categories":[28,4],"tags":[],"class_list":["post-5209","post","type-post","status-publish","format-standard","has-post-thumbnail","hentry","category-politica-asamblea","category-politica"],"_links":{"self":[{"href":"https:\/\/revistazetta.com\/index.php?rest_route=\/wp\/v2\/posts\/5209","targetHints":{"allow":["GET"]}}],"collection":[{"href":"https:\/\/revistazetta.com\/index.php?rest_route=\/wp\/v2\/posts"}],"about":[{"href":"https:\/\/revistazetta.com\/index.php?rest_route=\/wp\/v2\/types\/post"}],"author":[{"embeddable":true,"href":"https:\/\/revistazetta.com\/index.php?rest_route=\/wp\/v2\/users\/3"}],"replies":[{"embeddable":true,"href":"https:\/\/revistazetta.com\/index.php?rest_route=%2Fwp%2Fv2%2Fcomments&post=5209"}],"version-history":[{"count":0,"href":"https:\/\/revistazetta.com\/index.php?rest_route=\/wp\/v2\/posts\/5209\/revisions"}],"wp:featuredmedia":[{"embeddable":true,"href":"https:\/\/revistazetta.com\/index.php?rest_route=\/wp\/v2\/media\/5210"}],"wp:attachment":[{"href":"https:\/\/revistazetta.com\/index.php?rest_route=%2Fwp%2Fv2%2Fmedia&parent=5209"}],"wp:term":[{"taxonomy":"category","embeddable":true,"href":"https:\/\/revistazetta.com\/index.php?rest_route=%2Fwp%2Fv2%2Fcategories&post=5209"},{"taxonomy":"post_tag","embeddable":true,"href":"https:\/\/revistazetta.com\/index.php?rest_route=%2Fwp%2Fv2%2Ftags&post=5209"}],"curies":[{"name":"wp","href":"https:\/\/api.w.org\/{rel}","templated":true}]}}