{"id":5211,"date":"2015-03-24T22:04:22","date_gmt":"2015-03-25T03:04:22","guid":{"rendered":"http:\/\/www.revistazetta.com\/?p=5211"},"modified":"2015-03-24T22:04:22","modified_gmt":"2015-03-25T03:04:22","slug":"quinto-renuncia-con-el-aval-en-la-mano","status":"publish","type":"post","link":"https:\/\/revistazetta.com\/?p=5211","title":{"rendered":"Quinto renuncia con el aval en la mano"},"content":{"rendered":"<p>La campa\u00f1a a la Alcald\u00eda de Cartagena de Antonio Quinto Guerra dio este martes dos pasos sincronizados: primero, el Directorio Conservador Distrital aprob\u00f3 por unanimidad otorgarle el aval y, despu\u00e9s, el dirigente present\u00f3 su carta de renuncia a la curul que sostuvo durante tres periodos consecutivos.<\/p>\n<p>Ahora solo falta darle el protocolo pol\u00edtico a ambos actos, y todo parece indicar que ser\u00e1 el 6 de abril pr\u00f3ximo: ese d\u00eda, vendr\u00e1 el director del Partido Conservador, David Barguil, y el secretario general, Juan Carlos Wills, para entregarle formalmente el aval que lo acredita como candidato oficial a la Alcald\u00eda de Cartagena. Ese d\u00eda, tambi\u00e9n, se espera que el Concejo acepte su renuncia irrevocable.<\/p>\n<p>En \u201czona de calentamiento\u201d se encuentra desde hace tiempo el veterano dirigente Luis Guti\u00e9rrez G\u00f3mez, quien ya pas\u00f3 por el Concejo en varios periodos y alcanz\u00f3 a ser Senador de la Rep\u00fablica.<\/p>\n<p>La decisi\u00f3n de presentar renuncia se anticip\u00f3 casi un mes, pues se ten\u00eda como fecha tentativa el 23 de abril.<\/p>\n<p>Una vez le sea aceptada la renuncia, Quinto Guerra podr\u00e1 dedicarse de lleno a la campa\u00f1a, en la que lleva casi dos a\u00f1os visitando barrios y construyendo su propuesta de gobierno.<\/p>\n<p>\u201cLa experiencia vivida en esta Corporaci\u00f3n durante m\u00e1s de diez (10) a\u00f1os, me dio la oportunidad de conocer en forma amplia los m\u00faltiples problemas que aquejan a nuestra querida Cartagena de Indias y considero que lleg\u00f3 el momento de liderar el proceso de su\u00a0 soluci\u00f3n\u201d, expres\u00f3 Guerra Varela al entregar su carta de renuncia.<\/p>\n<p>Manifest\u00f3 a todos los miembros del Concejo Distrital de Cartagena de Indias su complacencia y gratitud al igual que a toda su familia por la ense\u00f1anza recibida, de la cual le permite sentirse orgulloso y honrado.<\/p>\n<p>La Mesa Directiva de la corporaci\u00f3n deleg\u00f3 a Wilson Toncel y a David M\u00fanera en comisi\u00f3n accidental para estudiar conveniencia y legalidad de la renuncia presentada, en un tiempo no mayor al 6 de abril venidero.<\/p>\n<p>Quinto Guerra tiene definidos cinco ejes en su propuesta b\u00e1sica, que est\u00e1n siendo analizados y consultados con la ciudadan\u00eda a la que visita, en una construcci\u00f3n colectiva de la propuesta que finalmente se presentar\u00e1 a los cartageneros.<\/p>\n<p><em>Una <strong>ciudad segura y gobernable<\/strong> en donde haya reglas claras y se respeten los derechos fundamentales sobre todas las cosas.<\/em><\/p>\n<p><em>Una <strong>ciudad solidaria e incluyente<\/strong> con una poblaci\u00f3n educada y trabajando, en donde la oferta de servicios sociales sean oportunos y de calidad, que nos permita avanzar en la superaci\u00f3n de la pobreza y los altos niveles de inequidad.<\/em><\/p>\n<p><em>Una <strong>ciudad emprendedora y competitiva<\/strong> que potencie el empe\u00f1o de los cartageneros y sus empresarios en su aspiraci\u00f3n de tener unas condiciones de vida mejor, avanzando hacia una promisoria clase media y alcanzar una mejor productividad.<\/em><\/p>\n<p><em>Una <strong>ciudad sostenible y ordenada<\/strong> con vivienda digna y equipamiento urbano que permita disfrutar espacios planificados y sostenibles.<\/em><\/p>\n<p><em>Una <strong>ciudad descentralizada y participativa<\/strong> con localidades y corregimientos fortalecidos, donde lo fundamental sea mejorar de manera concertada la calidad de vida que quienes habitan en la ciudad.<\/em><\/p>\n<p>&nbsp;<\/p>\n","protected":false},"excerpt":{"rendered":"<p>La campa\u00f1a a la Alcald\u00eda de Cartagena de Antonio Quinto Guerra dio este martes dos pasos sincronizados: primero, el Directorio Conservador Distrital aprob\u00f3 por unanimidad otorgarle el aval y, despu\u00e9s, el dirigente present\u00f3 su carta de renuncia a la curul que sostuvo durante tres periodos consecutivos. Ahora solo falta darle el protocolo pol\u00edtico a ambos actos, y todo parece indicar que ser\u00e1 el 6 de abril pr\u00f3ximo: ese d\u00eda, vendr\u00e1 el director del Partido Conservador, David Barguil, y el secretario general, Juan Carlos Wills, para entregarle formalmente el aval que&#8230; <\/p>\n","protected":false},"author":3,"featured_media":5212,"comment_status":"open","ping_status":"closed","sticky":false,"template":"","format":"standard","meta":{"footnotes":"","_links_to":"","_links_to_target":""},"categories":[27,4],"tags":[],"class_list":["post-5211","post","type-post","status-publish","format-standard","has-post-thumbnail","hentry","category-politicaconcejo","category-politica"],"_links":{"self":[{"href":"https:\/\/revistazetta.com\/index.php?rest_route=\/wp\/v2\/posts\/5211","targetHints":{"allow":["GET"]}}],"collection":[{"href":"https:\/\/revistazetta.com\/index.php?rest_route=\/wp\/v2\/posts"}],"about":[{"href":"https:\/\/revistazetta.com\/index.php?rest_route=\/wp\/v2\/types\/post"}],"author":[{"embeddable":true,"href":"https:\/\/revistazetta.com\/index.php?rest_route=\/wp\/v2\/users\/3"}],"replies":[{"embeddable":true,"href":"https:\/\/revistazetta.com\/index.php?rest_route=%2Fwp%2Fv2%2Fcomments&post=5211"}],"version-history":[{"count":0,"href":"https:\/\/revistazetta.com\/index.php?rest_route=\/wp\/v2\/posts\/5211\/revisions"}],"wp:featuredmedia":[{"embeddable":true,"href":"https:\/\/revistazetta.com\/index.php?rest_route=\/wp\/v2\/media\/5212"}],"wp:attachment":[{"href":"https:\/\/revistazetta.com\/index.php?rest_route=%2Fwp%2Fv2%2Fmedia&parent=5211"}],"wp:term":[{"taxonomy":"category","embeddable":true,"href":"https:\/\/revistazetta.com\/index.php?rest_route=%2Fwp%2Fv2%2Fcategories&post=5211"},{"taxonomy":"post_tag","embeddable":true,"href":"https:\/\/revistazetta.com\/index.php?rest_route=%2Fwp%2Fv2%2Ftags&post=5211"}],"curies":[{"name":"wp","href":"https:\/\/api.w.org\/{rel}","templated":true}]}}