{"id":52139,"date":"2023-10-28T09:37:21","date_gmt":"2023-10-28T14:37:21","guid":{"rendered":"https:\/\/revistazetta.com\/?p=52139"},"modified":"2023-10-28T09:47:44","modified_gmt":"2023-10-28T14:47:44","slug":"analisis-revista-zetta-dumek-se-metio-en-la-mente-y-el-corazon-para-ganar-la-alcaldia-de-cartagena","status":"publish","type":"post","link":"https:\/\/revistazetta.com\/?p=52139","title":{"rendered":"An\u00e1lisis Revista Zetta: Dumek se meti\u00f3 en la mente y el coraz\u00f3n para ganar la Alcald\u00eda de Cartagena"},"content":{"rendered":"<p><strong>Cartagena de Indias, 28 de octubre de 2023.-<\/strong> El noticiero CM&amp; public\u00f3 este viernes 27 de octubre el resultado de la encuesta de intenci\u00f3n de voto para Cartagena, realizada por la firma Centro Nacional de Consultor\u00eda, donde los resultados indican que Dumek Turbay triplica en favoritismo, con un 45%, a quien le sigue, que es William Garc\u00eda Tirado, con 15%, y en el tercer lugar hay un empate entre Judith Pinedo y Javier Julio con 11%.<\/p>\n<p>El mismo informativo, con la misma firma encuestadora, han venido dando cuenta de la tendencia ganadora de Dumek, que victorioso en todas las encuestas. Sea cual fuere el encuestador y el m\u00e9todo, el exgobernador siempre apareci\u00f3 en el primer lugar de preferencia.<\/p>\n<p><img loading=\"lazy\" decoding=\"async\" class=\"alignnone size-medium wp-image-52147\" src=\"https:\/\/revistazetta.com\/wp-content\/uploads\/2023\/10\/Dumek-alcalde-500x333.jpg\" alt=\"\" width=\"500\" height=\"333\" srcset=\"https:\/\/revistazetta.com\/wp-content\/uploads\/2023\/10\/Dumek-alcalde-500x333.jpg 500w, https:\/\/revistazetta.com\/wp-content\/uploads\/2023\/10\/Dumek-alcalde-1024x683.jpg 1024w, https:\/\/revistazetta.com\/wp-content\/uploads\/2023\/10\/Dumek-alcalde-243x162.jpg 243w, https:\/\/revistazetta.com\/wp-content\/uploads\/2023\/10\/Dumek-alcalde.jpg 1440w\" sizes=\"auto, (max-width: 500px) 100vw, 500px\" \/><\/p>\n<p>William Garc\u00eda Tirado ni creci\u00f3 ni decreci\u00f3. Siempre se ha mantenido estable, en el segundo puesto de preferencia, pero sin bajar la guardia. Se le reconoce su inagotable capacidad de trabajo en los barrios.<\/p>\n<p>El caso de Javier Julio es interesante. Hace cuatro a\u00f1os era un perfecto desconocido y lleg\u00f3 al Concejo con una escasa votaci\u00f3n, gracias al sistema que le guarda cupo a las minor\u00edas. Fue amigo y aliado de Dau hasta que pronto pelearon. Luego vino el \u00abboom\u00bb del petrismo y la izquierda lleg\u00f3 a la Presidencia, y eso lo envalenton\u00f3 para afianzar sus esperanzas, eso si, en medio de las frecuentes \u00abpu\u00f1adadas\u00bb pol\u00edticas provenientes de su mismo sector. Incluso, desde la Presidencia se le tild\u00f3 de \u00abinhabilitado\u00bb, lo que a\u00fan aparece en la p\u00e1gina de la oficina de Transparencia.<\/p>\n<p>Con estas circunstancias, Julio ya empata a la archiconocida y victimizada exalcaldesa Judith Pinedo, quien \u00abni peg\u00f3, ni despeg\u00f3\u00bb, en una campa\u00f1a l\u00e1nguida, llena de lugares comunes y con un discurso que record\u00f3 a su negado aliado William Dau: dividir a la ciudad entre buenos y malos, entre castos y ladrones, entre probos y necios. Tambi\u00e9n jugaron en contra sus titubeos, su expresi\u00f3n corporal y sus imprecisiones discursivas, que siempre corrigi\u00f3 Jacqueline Perea y ante quien se vio derrotada: nunca la pudo corregir, siempre fue la corregida.<\/p>\n<div id=\"attachment_52129\" style=\"width: 398px\" class=\"wp-caption alignnone\"><img loading=\"lazy\" decoding=\"async\" aria-describedby=\"caption-attachment-52129\" class=\"wp-image-52129 size-medium\" src=\"https:\/\/revistazetta.com\/wp-content\/uploads\/2023\/10\/Dau-Pinedo-abrazo-2-388x333.jpg\" alt=\"\" width=\"388\" height=\"333\" srcset=\"https:\/\/revistazetta.com\/wp-content\/uploads\/2023\/10\/Dau-Pinedo-abrazo-2-388x333.jpg 388w, https:\/\/revistazetta.com\/wp-content\/uploads\/2023\/10\/Dau-Pinedo-abrazo-2-1024x879.jpg 1024w, https:\/\/revistazetta.com\/wp-content\/uploads\/2023\/10\/Dau-Pinedo-abrazo-2-189x162.jpg 189w, https:\/\/revistazetta.com\/wp-content\/uploads\/2023\/10\/Dau-Pinedo-abrazo-2.jpg 1080w\" sizes=\"auto, (max-width: 388px) 100vw, 388px\" \/><p id=\"caption-attachment-52129\" class=\"wp-caption-text\">El abrazo que mat\u00f3 su candidatura.<\/p><\/div>\n<p>Los adversarios de Dumek, con el alcalde Dau a la cabeza, jugaron espl\u00e9ndido papel de \u00abjefes de debate\u00bb, y se encargaron de auparlo. Que lo ponen preso, que lo destituyen, que lo sancionan&#8230; y nada. \u00abEst\u00e1s inhabilitado y lo sabes\u00bb lleg\u00f3 a decir con desparpajo el feroz abogado Javier Doria desde el s\u00f3tano de las encuestas. Con el \u00abfarolillo rojo\u00bb desmont\u00f3 su campa\u00f1a c\u00edvica para hincarse a hacerle el favor a Mariamulata y atacar destempladamente a Dumek, pero ni demandas ni tutelas funcionaron, y termin\u00f3 favoreciendo a quien tanto atac\u00f3. La guerra sucia no funcion\u00f3.<\/p>\n<div id=\"attachment_52132\" style=\"width: 343px\" class=\"wp-caption alignnone\"><img loading=\"lazy\" decoding=\"async\" aria-describedby=\"caption-attachment-52132\" class=\"wp-image-52132 size-medium\" src=\"https:\/\/revistazetta.com\/wp-content\/uploads\/2023\/10\/Error-3-333x333.jpg\" alt=\"\" width=\"333\" height=\"333\" srcset=\"https:\/\/revistazetta.com\/wp-content\/uploads\/2023\/10\/Error-3-333x333.jpg 333w, https:\/\/revistazetta.com\/wp-content\/uploads\/2023\/10\/Error-3-1024x1024.jpg 1024w, https:\/\/revistazetta.com\/wp-content\/uploads\/2023\/10\/Error-3-162x162.jpg 162w, https:\/\/revistazetta.com\/wp-content\/uploads\/2023\/10\/Error-3.jpg 1440w\" sizes=\"auto, (max-width: 333px) 100vw, 333px\" \/><p id=\"caption-attachment-52132\" class=\"wp-caption-text\">La comedia, la gaminer\u00eda, el insulto fueron derrotados.<\/p><\/div>\n<p>Dumek se mantuvo altivo, imperturbable ante el insulto, la provocaci\u00f3n o la \u00abgaminer\u00eda\u00bb. Quienes esperaban que se \u00abdesinflara\u00bb en la \u00faltima semana, al igual que pas\u00f3 con Juan Carlos Gossa\u00edn, Quinto Guerra o el mismo William Garc\u00eda, olvidaron que Dumek tiene otro talante y ni comenzando, ni en la intensidad, ni en el final de la campa\u00f1a, afloja el paso. Se le vio en los barrios, caminando con la gente, y tambi\u00e9n en foros y debates. Bueno, hasta que la gaminer\u00eda fue inmanejable, como sucedi\u00f3 con Funcicar, con buenas y acad\u00e9micas intenciones, pero aparatosos y desgastantes debates.<\/p>\n<p>El discurso de unidad, de esperanza, de salir de la oscuridad, de pensar en grande, de orgullo c\u00edvico, de restauraci\u00f3n de la seguridad&#8230; todo eso fue sumando e hizo que Dumek se fuera ganando la confianza de todos los sectores, en su mayor\u00eda.<\/p>\n<p>Con un 45% de favorabilidad, y m\u00e1s de 30 puntos de diferencia, es poco probable que pierda, es decir, lo m\u00e1s factible es que sea elegido para posesionarse el 1 de enero de 2024 como nuevo alcalde de Cartagena. Supo meterse en la mente y el coraz\u00f3n de los electores.<\/p>\n<p>&nbsp;<\/p>\n<p>Evoluci\u00f3n de las encuestas<\/p>\n<p>Esta es de Revista Semana, del 4 de agosto de 2023<\/p>\n<p><img loading=\"lazy\" decoding=\"async\" class=\"alignnone size-medium wp-image-52146\" src=\"https:\/\/revistazetta.com\/wp-content\/uploads\/2023\/10\/Revista-Zetta-Encuesta-Semana-500x333.jpg\" alt=\"\" width=\"500\" height=\"333\" srcset=\"https:\/\/revistazetta.com\/wp-content\/uploads\/2023\/10\/Revista-Zetta-Encuesta-Semana-500x333.jpg 500w, https:\/\/revistazetta.com\/wp-content\/uploads\/2023\/10\/Revista-Zetta-Encuesta-Semana-1024x683.jpg 1024w, https:\/\/revistazetta.com\/wp-content\/uploads\/2023\/10\/Revista-Zetta-Encuesta-Semana-243x162.jpg 243w, https:\/\/revistazetta.com\/wp-content\/uploads\/2023\/10\/Revista-Zetta-Encuesta-Semana.jpg 1500w\" sizes=\"auto, (max-width: 500px) 100vw, 500px\" \/><\/p>\n<p>&nbsp;<\/p>\n<p>Esta es de CM&amp;, del 14 de septiembre de 2023<\/p>\n<p><img loading=\"lazy\" decoding=\"async\" class=\"alignnone size-medium wp-image-52144\" src=\"https:\/\/revistazetta.com\/wp-content\/uploads\/2023\/10\/Revista-Zetta-Encuesta-CM-500x333.jpg\" alt=\"\" width=\"500\" height=\"333\" srcset=\"https:\/\/revistazetta.com\/wp-content\/uploads\/2023\/10\/Revista-Zetta-Encuesta-CM-500x333.jpg 500w, https:\/\/revistazetta.com\/wp-content\/uploads\/2023\/10\/Revista-Zetta-Encuesta-CM-1024x683.jpg 1024w, https:\/\/revistazetta.com\/wp-content\/uploads\/2023\/10\/Revista-Zetta-Encuesta-CM-243x162.jpg 243w, https:\/\/revistazetta.com\/wp-content\/uploads\/2023\/10\/Revista-Zetta-Encuesta-CM.jpg 1500w\" sizes=\"auto, (max-width: 500px) 100vw, 500px\" \/><\/p>\n<p>&nbsp;<\/p>\n<p>Esta es de Zona Cero, de 26 y 27 de septiembre de 2023<\/p>\n<p><img loading=\"lazy\" decoding=\"async\" class=\"alignnone size-medium wp-image-52145\" src=\"https:\/\/revistazetta.com\/wp-content\/uploads\/2023\/10\/Revista-Zetta-Encuesta-Datanalisis-500x333.jpg\" alt=\"\" width=\"500\" height=\"333\" srcset=\"https:\/\/revistazetta.com\/wp-content\/uploads\/2023\/10\/Revista-Zetta-Encuesta-Datanalisis-500x333.jpg 500w, https:\/\/revistazetta.com\/wp-content\/uploads\/2023\/10\/Revista-Zetta-Encuesta-Datanalisis-1024x683.jpg 1024w, https:\/\/revistazetta.com\/wp-content\/uploads\/2023\/10\/Revista-Zetta-Encuesta-Datanalisis-243x162.jpg 243w, https:\/\/revistazetta.com\/wp-content\/uploads\/2023\/10\/Revista-Zetta-Encuesta-Datanalisis.jpg 1500w\" sizes=\"auto, (max-width: 500px) 100vw, 500px\" \/><\/p>\n<p>&nbsp;<\/p>\n<p>Esta es del 5 de octubre de 2023, de CM&amp;<\/p>\n<p><img loading=\"lazy\" decoding=\"async\" class=\"alignnone size-medium wp-image-52143\" src=\"https:\/\/revistazetta.com\/wp-content\/uploads\/2023\/10\/Revista-Zetta-Encuesta-CM-5-oct-1-500x333.jpg\" alt=\"\" width=\"500\" height=\"333\" srcset=\"https:\/\/revistazetta.com\/wp-content\/uploads\/2023\/10\/Revista-Zetta-Encuesta-CM-5-oct-1-500x333.jpg 500w, https:\/\/revistazetta.com\/wp-content\/uploads\/2023\/10\/Revista-Zetta-Encuesta-CM-5-oct-1-1024x683.jpg 1024w, https:\/\/revistazetta.com\/wp-content\/uploads\/2023\/10\/Revista-Zetta-Encuesta-CM-5-oct-1-243x162.jpg 243w, https:\/\/revistazetta.com\/wp-content\/uploads\/2023\/10\/Revista-Zetta-Encuesta-CM-5-oct-1.jpg 1500w\" sizes=\"auto, (max-width: 500px) 100vw, 500px\" \/><\/p>\n<p>&nbsp;<\/p>\n<p>&nbsp;<\/p>\n","protected":false},"excerpt":{"rendered":"<p>Cartagena de Indias, 28 de octubre de 2023.- El noticiero CM&amp; public\u00f3 este viernes 27 de octubre el resultado de la encuesta de intenci\u00f3n de voto para Cartagena, realizada por la firma Centro Nacional de Consultor\u00eda, donde los resultados indican que Dumek Turbay triplica en favoritismo, con un 45%, a quien le sigue, que es William Garc\u00eda Tirado, con 15%, y en el tercer lugar hay un empate entre Judith Pinedo y Javier Julio con 11%. El mismo informativo, con la misma firma encuestadora, han venido dando cuenta de la&#8230; <\/p>\n","protected":false},"author":3,"featured_media":52141,"comment_status":"closed","ping_status":"closed","sticky":false,"template":"","format":"standard","meta":{"footnotes":"","_links_to":"","_links_to_target":""},"categories":[1450,66,44],"tags":[314,285,74,288],"class_list":["post-52139","post","type-post","status-publish","format-standard","has-post-thumbnail","hentry","category-parasladers","category-analisis","category-materiagris","tag-analisis","tag-destacada","tag-dumek-turbay","tag-materia-gris"],"_links":{"self":[{"href":"https:\/\/revistazetta.com\/index.php?rest_route=\/wp\/v2\/posts\/52139","targetHints":{"allow":["GET"]}}],"collection":[{"href":"https:\/\/revistazetta.com\/index.php?rest_route=\/wp\/v2\/posts"}],"about":[{"href":"https:\/\/revistazetta.com\/index.php?rest_route=\/wp\/v2\/types\/post"}],"author":[{"embeddable":true,"href":"https:\/\/revistazetta.com\/index.php?rest_route=\/wp\/v2\/users\/3"}],"replies":[{"embeddable":true,"href":"https:\/\/revistazetta.com\/index.php?rest_route=%2Fwp%2Fv2%2Fcomments&post=52139"}],"version-history":[{"count":0,"href":"https:\/\/revistazetta.com\/index.php?rest_route=\/wp\/v2\/posts\/52139\/revisions"}],"wp:featuredmedia":[{"embeddable":true,"href":"https:\/\/revistazetta.com\/index.php?rest_route=\/wp\/v2\/media\/52141"}],"wp:attachment":[{"href":"https:\/\/revistazetta.com\/index.php?rest_route=%2Fwp%2Fv2%2Fmedia&parent=52139"}],"wp:term":[{"taxonomy":"category","embeddable":true,"href":"https:\/\/revistazetta.com\/index.php?rest_route=%2Fwp%2Fv2%2Fcategories&post=52139"},{"taxonomy":"post_tag","embeddable":true,"href":"https:\/\/revistazetta.com\/index.php?rest_route=%2Fwp%2Fv2%2Ftags&post=52139"}],"curies":[{"name":"wp","href":"https:\/\/api.w.org\/{rel}","templated":true}]}}