{"id":52160,"date":"2023-10-30T09:32:43","date_gmt":"2023-10-30T14:32:43","guid":{"rendered":"https:\/\/revistazetta.com\/?p=52160"},"modified":"2023-10-30T09:32:43","modified_gmt":"2023-10-30T14:32:43","slug":"luz-marina-paria-fenomeno-electoral-que-irrumpe-en-el-concejo-de-cartagena-con-casi-16-mil-votos","status":"publish","type":"post","link":"https:\/\/revistazetta.com\/?p=52160","title":{"rendered":"Luz Marina Paria: fen\u00f3meno electoral que irrumpe en el Concejo de Cartagena con casi 16 mil votos"},"content":{"rendered":"<p><strong>Cartagena de Indias, 30 de octubre de 2023.-<\/strong> Ser\u00e1 novata en el Concejo de Concejo pero con m\u00e1s de 30 a\u00f1os de servicio en los barrios. Es Luz Marina Paria, el fen\u00f3meno electoral con casi 16 mil votos, una cifra hist\u00f3rica para esta corporaci\u00f3n.<\/p>\n<p>\u00abEstoy recogiendo la cosecha\u00bb. Esa es su explicaci\u00f3n para tan abultada cantidad de votos, y comenta que es un camino recorrido durante 30 a\u00f1os de trabajo social en los barrios.<\/p>\n<p>Como madre y abuela, sabe hablarle a la gente y explicarle la importancia de llevar al Concejo a personas con vocaci\u00f3n de servicio.<\/p>\n<p>Gracias a su registro, el partido ASI se coloc\u00f3 al frente como la colectividad m\u00e1s votada para el Concejo de Cartagena con 50.776 votos (Bolet\u00edn 47 de la Registradur\u00eda &#8211; 98.63% mesas informadas), con lo que estar\u00eda asegurando cuatro curules, as\u00ed:<\/p>\n<p>Luz Mar\u00eda Paria 15.707<\/p>\n<p>Edgar Mendoza 8.732<\/p>\n<p>Carlos Guerra 7.164<\/p>\n<p>Laureano Curi 7.075<\/p>\n<p>&nbsp;<\/p>\n","protected":false},"excerpt":{"rendered":"<p>Cartagena de Indias, 30 de octubre de 2023.- Ser\u00e1 novata en el Concejo de Concejo pero con m\u00e1s de 30 a\u00f1os de servicio en los barrios. Es Luz Marina Paria, el fen\u00f3meno electoral con casi 16 mil votos, una cifra hist\u00f3rica para esta corporaci\u00f3n. \u00abEstoy recogiendo la cosecha\u00bb. Esa es su explicaci\u00f3n para tan abultada cantidad de votos, y comenta que es un camino recorrido durante 30 a\u00f1os de trabajo social en los barrios. Como madre y abuela, sabe hablarle a la gente y explicarle la importancia de llevar al&#8230; <\/p>\n","protected":false},"author":3,"featured_media":52161,"comment_status":"closed","ping_status":"closed","sticky":false,"template":"","format":"standard","meta":{"footnotes":"","_links_to":"","_links_to_target":""},"categories":[1450,1440,4],"tags":[285,983,298],"class_list":["post-52160","post","type-post","status-publish","format-standard","has-post-thumbnail","hentry","category-parasladers","category-elecciones-2023-politica","category-politica","tag-destacada","tag-elecciones-2023","tag-politica"],"_links":{"self":[{"href":"https:\/\/revistazetta.com\/index.php?rest_route=\/wp\/v2\/posts\/52160","targetHints":{"allow":["GET"]}}],"collection":[{"href":"https:\/\/revistazetta.com\/index.php?rest_route=\/wp\/v2\/posts"}],"about":[{"href":"https:\/\/revistazetta.com\/index.php?rest_route=\/wp\/v2\/types\/post"}],"author":[{"embeddable":true,"href":"https:\/\/revistazetta.com\/index.php?rest_route=\/wp\/v2\/users\/3"}],"replies":[{"embeddable":true,"href":"https:\/\/revistazetta.com\/index.php?rest_route=%2Fwp%2Fv2%2Fcomments&post=52160"}],"version-history":[{"count":0,"href":"https:\/\/revistazetta.com\/index.php?rest_route=\/wp\/v2\/posts\/52160\/revisions"}],"wp:featuredmedia":[{"embeddable":true,"href":"https:\/\/revistazetta.com\/index.php?rest_route=\/wp\/v2\/media\/52161"}],"wp:attachment":[{"href":"https:\/\/revistazetta.com\/index.php?rest_route=%2Fwp%2Fv2%2Fmedia&parent=52160"}],"wp:term":[{"taxonomy":"category","embeddable":true,"href":"https:\/\/revistazetta.com\/index.php?rest_route=%2Fwp%2Fv2%2Fcategories&post=52160"},{"taxonomy":"post_tag","embeddable":true,"href":"https:\/\/revistazetta.com\/index.php?rest_route=%2Fwp%2Fv2%2Ftags&post=52160"}],"curies":[{"name":"wp","href":"https:\/\/api.w.org\/{rel}","templated":true}]}}