{"id":52163,"date":"2023-10-30T14:42:35","date_gmt":"2023-10-30T19:42:35","guid":{"rendered":"https:\/\/revistazetta.com\/?p=52163"},"modified":"2023-10-30T16:02:49","modified_gmt":"2023-10-30T21:02:49","slug":"el-nuevo-mapa-de-la-asamblea-departamental","status":"publish","type":"post","link":"https:\/\/revistazetta.com\/?p=52163","title":{"rendered":"El nuevo mapa de la Asamblea Departamental"},"content":{"rendered":"<p><strong>Cartagena de Indias, 30 de octubre de 2023.-<\/strong> La nueva composici\u00f3n de la Asamblea Departamental refleja el actual momento del Partido Conservador en la regi\u00f3n, que pas\u00f3 de tres a cinco curules, y la confirmaci\u00f3n de liderazgos estructurales.<\/p>\n<p>Zaith Adechine, que obtuvo la segunda votaci\u00f3n despu\u00e9s de la astron\u00f3mica cifra lograda por Yamil Arana para la Gobernaci\u00f3n de Bol\u00edvar, acept\u00f3 ser diputado, lo que deja en 13 el n\u00famero de curules a proveer.<\/p>\n<p>Cinco de esas curules ir\u00e1n para el partido Conservador, donde desembarcan cuatro nuevos diputados y uno reelecto. Se trata del actual diputado Juan Mej\u00eda y Javid Benavides, LuisRo Ballestas, Alonso del R\u00edo y Eugenio Mart\u00ednez.<\/p>\n<p>La segunda fuerza es la de Cambio Radical, donde se confirm\u00f3 por tercera elecci\u00f3n consecutiva que V\u00edctor Mendoza es la m\u00e1xima votaci\u00f3n. Tambi\u00e9n se reeligi\u00f3 la din\u00e1mica Viviana Villlalobos y les acompa\u00f1ar\u00e1 la excongresista Karen Cure. El diputado Libardo Simancas Guardo no pudo en esta ocasi\u00f3n reelegirse como ocurri\u00f3 en los dos periodos pasados, con baja votaci\u00f3n pero \u00abarrastrado\u00bb por la cifra repartidora.<\/p>\n<p>El partido Liberal sostuvo su espacio con los diputados reelectos Jos\u00e9 F\u00e9lix Turbay y Ever Rico.<\/p>\n<p>La joven diputada Sof\u00eda Ricardo Villadiego mantuvo su curul y es la cuota del partido ASI.<\/p>\n<p>El decano de los diputados, Jorge Rodr\u00edguez Sosa, gan\u00f3 el re\u00f1ido pulso dentro del partido de la U, y se qued\u00f3 con la curul, dejando por fuera al actual diputado Juan Puente, y al veterano Jes\u00fas Payares.<\/p>\n<p>El \u00faltimo puesto result\u00f3 ocupado sorpresivamente por \u00d3scar de Le\u00f3n, del partido Alianza Verde.<\/p>\n<p>Estos son los datos que arroj\u00f3 el bolet\u00edn n\u00famero 45 de la registradur\u00eda, con el 96,15% de mesas informadas.<\/p>\n<p>CONSERVADOR<\/p>\n<p>Javid Benavides 39.105<\/p>\n<p>LuisRo Ballestas 35.398<\/p>\n<p>Juan Mej\u00eda 29.644<\/p>\n<p>Alonso del R\u00edo 26.180<\/p>\n<p>Eugenio Mart\u00ednez 16.204<\/p>\n<p>CAMBIO RADICAL<\/p>\n<p>V\u00edctor Mendoza 33.639<\/p>\n<p>Viviana Villalobos 24.817<\/p>\n<p>Karen Cure 21.357<\/p>\n<p>LIBERAL<\/p>\n<p>Jos\u00e9 F Garc\u00eda 30.992<\/p>\n<p>Ever Rico 17.986<\/p>\n<p>ASI<\/p>\n<p>Sof\u00eda Ricardo 23.220<\/p>\n<p>DE LA U<\/p>\n<p>Jorge Rodr\u00edguez 23.137<\/p>\n<p>VERDE<\/p>\n<p>Oscar de Le\u00f3n 6.150<\/p>\n","protected":false},"excerpt":{"rendered":"<p>Cartagena de Indias, 30 de octubre de 2023.- La nueva composici\u00f3n de la Asamblea Departamental refleja el actual momento del Partido Conservador en la regi\u00f3n, que pas\u00f3 de tres a cinco curules, y la confirmaci\u00f3n de liderazgos estructurales. Zaith Adechine, que obtuvo la segunda votaci\u00f3n despu\u00e9s de la astron\u00f3mica cifra lograda por Yamil Arana para la Gobernaci\u00f3n de Bol\u00edvar, acept\u00f3 ser diputado, lo que deja en 13 el n\u00famero de curules a proveer. Cinco de esas curules ir\u00e1n para el partido Conservador, donde desembarcan cuatro nuevos diputados y uno reelecto&#8230;. <\/p>\n","protected":false},"author":3,"featured_media":52164,"comment_status":"closed","ping_status":"closed","sticky":false,"template":"","format":"standard","meta":{"footnotes":"","_links_to":"","_links_to_target":""},"categories":[1450,1440,4],"tags":[285,983,298],"class_list":["post-52163","post","type-post","status-publish","format-standard","has-post-thumbnail","hentry","category-parasladers","category-elecciones-2023-politica","category-politica","tag-destacada","tag-elecciones-2023","tag-politica"],"_links":{"self":[{"href":"https:\/\/revistazetta.com\/index.php?rest_route=\/wp\/v2\/posts\/52163","targetHints":{"allow":["GET"]}}],"collection":[{"href":"https:\/\/revistazetta.com\/index.php?rest_route=\/wp\/v2\/posts"}],"about":[{"href":"https:\/\/revistazetta.com\/index.php?rest_route=\/wp\/v2\/types\/post"}],"author":[{"embeddable":true,"href":"https:\/\/revistazetta.com\/index.php?rest_route=\/wp\/v2\/users\/3"}],"replies":[{"embeddable":true,"href":"https:\/\/revistazetta.com\/index.php?rest_route=%2Fwp%2Fv2%2Fcomments&post=52163"}],"version-history":[{"count":0,"href":"https:\/\/revistazetta.com\/index.php?rest_route=\/wp\/v2\/posts\/52163\/revisions"}],"wp:featuredmedia":[{"embeddable":true,"href":"https:\/\/revistazetta.com\/index.php?rest_route=\/wp\/v2\/media\/52164"}],"wp:attachment":[{"href":"https:\/\/revistazetta.com\/index.php?rest_route=%2Fwp%2Fv2%2Fmedia&parent=52163"}],"wp:term":[{"taxonomy":"category","embeddable":true,"href":"https:\/\/revistazetta.com\/index.php?rest_route=%2Fwp%2Fv2%2Fcategories&post=52163"},{"taxonomy":"post_tag","embeddable":true,"href":"https:\/\/revistazetta.com\/index.php?rest_route=%2Fwp%2Fv2%2Ftags&post=52163"}],"curies":[{"name":"wp","href":"https:\/\/api.w.org\/{rel}","templated":true}]}}