{"id":52166,"date":"2023-10-30T15:31:40","date_gmt":"2023-10-30T20:31:40","guid":{"rendered":"https:\/\/revistazetta.com\/?p=52166"},"modified":"2023-10-30T16:36:06","modified_gmt":"2023-10-30T21:36:06","slug":"sacudon-electoral-en-el-concejo-de-cartagena","status":"publish","type":"post","link":"https:\/\/revistazetta.com\/?p=52166","title":{"rendered":"Sacud\u00f3n electoral en el Concejo de Cartagena"},"content":{"rendered":"<p><strong>Cartagena de Indias, 30 de octubre de 2023.-<\/strong> Son 10 los rostros que no est\u00e1n en la actual composici\u00f3n del Concejo los que llegar\u00e1n a ocupar curules, en un sacud\u00f3n donde Luz Marina Paria, del partido ASI, se erige como la m\u00e1xima electora con casi 16 mil votos.<\/p>\n<p>Es precisamente esa colectividad la que m\u00e1s curules tendr\u00eda a su haber, con cuatro, seguida de Cambio Radical y el Partido Conservador con tres curules cada una. El partido Alianza Verde conservar\u00eda dos curules pero en manos de concejales nuevo, y el partido Liberal dos curules en manos de concejales reelectos. Con una curul quedar\u00edan la U, Nuevo Liberalismo\/En Marcha, Cartagena Mejor y Centro Democr\u00e1tico.<\/p>\n<p>Adem\u00e1s de Paria, con ASI llegan Edgar Mendoza (que hab\u00eda sido concejal con el P. Conservador hace dos periodos), y Carlos Guerra, hijo del fugaz exalcalde Quinto Guerra. Junto a ellos estar\u00e1 el actual concejal Laureano Curi, quien debe defender con ah\u00ednco ese espacio en los escrutinios.<\/p>\n<p>El partido Conservador sufre las bajas de \u00d3scar Mar\u00edn y Rodrigo Reyes, solo se reeligen David Caballero y Rafael Meza, a quienes llega a acompa\u00f1arles Emanuel Vergara.<\/p>\n<p>En el partido Liberal se reeligen Gloria Estrada y Hernando Pi\u00f1a, y en la puerta se ha quedado Ricardo Pi\u00f3n, hijo del actual concejal C\u00e9sar Pi\u00f3n.<\/p>\n<p>En el partido Alianza Verde no pudieron sostenerse L\u00fader Ariza y Sergio Mendoza, pero llegan Laura D\u00edaz, hija del exalcalde Carlos D\u00edaz y la notaria Eudenis Casas, y Carlos Raad, a quien casi no le dan el aval, hijo del exconcejal Adolfo Raad.<\/p>\n<p>Del partido de la U solo se salva del naufragio el veteran\u00edsimo Lewis Montero, actual presidente del Concejo. El colectivo Cartagena Mejor llega con M\u00f3nica Villalobos, mientras que Centro Democr\u00e1tico por fin logra una curul en cabeza de William P\u00e9rez, quien hace dos periodos hab\u00eda sido concejal del partido de la U. El Nuevo Liberalismo \/ En Marcha llega con Johan Correa, esposo de la actual concejal Carolina Lozano, del partido ASI.<\/p>\n<p>Estos datos provienen del bolet\u00edn 47 de la Registradur\u00eda, que reporta el 98,63% de las mesas informadas.<\/p>\n<p>Junto a los 18 concejales electos este 29 de octubre estar\u00e1 el exconcejal Javier Julio, quien obtuvo el segundo lugar en la elecci\u00f3n de alcalde, a m\u00e1s de 100 mil votos del ganador Dumek Turbay Paz.<\/p>\n<p>Ser\u00e1 en los escrutinios donde voto a voto se confirmen estas curules, o se den cambios dado el estrecho margen de votos en algunos casos.<\/p>\n<p>Por ejemplo: se despejar\u00e1 si Laureano Curi se confirma como cuarta curul de ASI; si Carlos Barrios ingresa como cuarta curul de Cambio Radical, o si desplaza a Luis Cassiani; si Armando C\u00f3rdoba entre como tercera curul de Alianza Verde, o Ricardo Pi\u00f3n Botero llega en el partido Liberal.<\/p>\n<p>El exalcalde Pedrito Pereira no logr\u00f3 una curul en Cambio Radical y envi\u00f3 un mensaje de agradecimiento a quienes le acompa\u00f1aron; la actual concejal Claudia Arboleda sufri\u00f3 estrepitosa ahogada y no le funcion\u00f3\u00b4la estrategia de cuatro a\u00f1os atr\u00e1s, cuando se vali\u00f3 de los votos de Centro Democr\u00e1tico para llegar.<\/p>\n<p>&nbsp;<\/p>\n","protected":false},"excerpt":{"rendered":"<p>Cartagena de Indias, 30 de octubre de 2023.- Son 10 los rostros que no est\u00e1n en la actual composici\u00f3n del Concejo los que llegar\u00e1n a ocupar curules, en un sacud\u00f3n donde Luz Marina Paria, del partido ASI, se erige como la m\u00e1xima electora con casi 16 mil votos. Es precisamente esa colectividad la que m\u00e1s curules tendr\u00eda a su haber, con cuatro, seguida de Cambio Radical y el Partido Conservador con tres curules cada una. El partido Alianza Verde conservar\u00eda dos curules pero en manos de concejales nuevo, y el&#8230; <\/p>\n","protected":false},"author":3,"featured_media":52165,"comment_status":"closed","ping_status":"closed","sticky":false,"template":"","format":"standard","meta":{"footnotes":"","_links_to":"","_links_to_target":""},"categories":[1450,1440,4],"tags":[285,983,298],"class_list":["post-52166","post","type-post","status-publish","format-standard","has-post-thumbnail","hentry","category-parasladers","category-elecciones-2023-politica","category-politica","tag-destacada","tag-elecciones-2023","tag-politica"],"_links":{"self":[{"href":"https:\/\/revistazetta.com\/index.php?rest_route=\/wp\/v2\/posts\/52166","targetHints":{"allow":["GET"]}}],"collection":[{"href":"https:\/\/revistazetta.com\/index.php?rest_route=\/wp\/v2\/posts"}],"about":[{"href":"https:\/\/revistazetta.com\/index.php?rest_route=\/wp\/v2\/types\/post"}],"author":[{"embeddable":true,"href":"https:\/\/revistazetta.com\/index.php?rest_route=\/wp\/v2\/users\/3"}],"replies":[{"embeddable":true,"href":"https:\/\/revistazetta.com\/index.php?rest_route=%2Fwp%2Fv2%2Fcomments&post=52166"}],"version-history":[{"count":0,"href":"https:\/\/revistazetta.com\/index.php?rest_route=\/wp\/v2\/posts\/52166\/revisions"}],"wp:featuredmedia":[{"embeddable":true,"href":"https:\/\/revistazetta.com\/index.php?rest_route=\/wp\/v2\/media\/52165"}],"wp:attachment":[{"href":"https:\/\/revistazetta.com\/index.php?rest_route=%2Fwp%2Fv2%2Fmedia&parent=52166"}],"wp:term":[{"taxonomy":"category","embeddable":true,"href":"https:\/\/revistazetta.com\/index.php?rest_route=%2Fwp%2Fv2%2Fcategories&post=52166"},{"taxonomy":"post_tag","embeddable":true,"href":"https:\/\/revistazetta.com\/index.php?rest_route=%2Fwp%2Fv2%2Ftags&post=52166"}],"curies":[{"name":"wp","href":"https:\/\/api.w.org\/{rel}","templated":true}]}}