{"id":52168,"date":"2023-10-30T17:08:28","date_gmt":"2023-10-30T22:08:28","guid":{"rendered":"https:\/\/revistazetta.com\/?p=52168"},"modified":"2023-10-30T17:23:47","modified_gmt":"2023-10-30T22:23:47","slug":"david-caballero-con-votos-y-liderazgo-expande-su-plataforma-politica-en-bolivar","status":"publish","type":"post","link":"https:\/\/revistazetta.com\/?p=52168","title":{"rendered":"David Caballero, con votos y liderazgo expande su plataforma pol\u00edtica en Bol\u00edvar"},"content":{"rendered":"<p><strong>Cartagena de Indias, 30 de octubre de 2023.-<\/strong> Poco dado a mostrarse en redes sociales o en dar declaraciones a la prensa, el concejal David Caballero es un trabajador sistem\u00e1tico de la pol\u00edtica, y en estas elecciones decidi\u00f3 apostarle a la expansi\u00f3n de su \u00f3rbita electoral en el Departamento.<\/p>\n<p>Encontr\u00f3 f\u00f3rmula en Eugenio Mart\u00ednez, quien se postul\u00f3 a la Asamblea Departamental, y es uno de los cinco diputados elegidos en el Partido Conservador junto con Juan Mej\u00eda, actual diputado, y Javid Benav\u00eddez, LuisRo Ballestas y Alonso del R\u00edo jr.<\/p>\n<p>Caballero super\u00f3 la barrera de 10 mil votos para su reelecci\u00f3n, siendo una de las m\u00e1ximas votaciones para Concejo en Cartagena de Indias, y solo espera que la autoridad electoral formalice los resultados luego de los escrutinios.<\/p>\n<p>Desde luego, el concejal est\u00e1 satisfecho con su reelecci\u00f3n as\u00ed como la elecci\u00f3n de su f\u00f3rmula a Asamblea, y estima que se podr\u00e1 articular un mejor trabajo pensando contribuir en articular los esfuerzos del nuevo alcalde Dumek Turbay y el nuevo gobernador Yamil Arana.<\/p>\n<p>En la din\u00e1mica interna del partido Conservador, Caballero ha logrado consolidar estos espacios, que son mirados con respeto y admiraci\u00f3n entre sus copartidarios.<\/p>\n<p>En la din\u00e1mica ciudadana, Caballero espera optimizar su gesti\u00f3n en el Concejo de Cartagena, con un clima de mayor cooperaci\u00f3n con la Administraci\u00f3n para sacar adelante los nuevos horizontes planteados por el alcalde electo Dumek Turbay.<\/p>\n","protected":false},"excerpt":{"rendered":"<p>Cartagena de Indias, 30 de octubre de 2023.- Poco dado a mostrarse en redes sociales o en dar declaraciones a la prensa, el concejal David Caballero es un trabajador sistem\u00e1tico de la pol\u00edtica, y en estas elecciones decidi\u00f3 apostarle a la expansi\u00f3n de su \u00f3rbita electoral en el Departamento. Encontr\u00f3 f\u00f3rmula en Eugenio Mart\u00ednez, quien se postul\u00f3 a la Asamblea Departamental, y es uno de los cinco diputados elegidos en el Partido Conservador junto con Juan Mej\u00eda, actual diputado, y Javid Benav\u00eddez, LuisRo Ballestas y Alonso del R\u00edo jr. Caballero&#8230; <\/p>\n","protected":false},"author":3,"featured_media":52171,"comment_status":"closed","ping_status":"closed","sticky":false,"template":"","format":"standard","meta":{"footnotes":"","_links_to":"","_links_to_target":""},"categories":[1450,1440,4],"tags":[684,195,163,285,983,1851,298],"class_list":["post-52168","post","type-post","status-publish","format-standard","has-post-thumbnail","hentry","category-parasladers","category-elecciones-2023-politica","category-politica","tag-asamblea-de-bolivar","tag-concejo-de-cartagena","tag-david-caballero","tag-destacada","tag-elecciones-2023","tag-eugenio-martinez","tag-politica"],"_links":{"self":[{"href":"https:\/\/revistazetta.com\/index.php?rest_route=\/wp\/v2\/posts\/52168","targetHints":{"allow":["GET"]}}],"collection":[{"href":"https:\/\/revistazetta.com\/index.php?rest_route=\/wp\/v2\/posts"}],"about":[{"href":"https:\/\/revistazetta.com\/index.php?rest_route=\/wp\/v2\/types\/post"}],"author":[{"embeddable":true,"href":"https:\/\/revistazetta.com\/index.php?rest_route=\/wp\/v2\/users\/3"}],"replies":[{"embeddable":true,"href":"https:\/\/revistazetta.com\/index.php?rest_route=%2Fwp%2Fv2%2Fcomments&post=52168"}],"version-history":[{"count":0,"href":"https:\/\/revistazetta.com\/index.php?rest_route=\/wp\/v2\/posts\/52168\/revisions"}],"wp:featuredmedia":[{"embeddable":true,"href":"https:\/\/revistazetta.com\/index.php?rest_route=\/wp\/v2\/media\/52171"}],"wp:attachment":[{"href":"https:\/\/revistazetta.com\/index.php?rest_route=%2Fwp%2Fv2%2Fmedia&parent=52168"}],"wp:term":[{"taxonomy":"category","embeddable":true,"href":"https:\/\/revistazetta.com\/index.php?rest_route=%2Fwp%2Fv2%2Fcategories&post=52168"},{"taxonomy":"post_tag","embeddable":true,"href":"https:\/\/revistazetta.com\/index.php?rest_route=%2Fwp%2Fv2%2Ftags&post=52168"}],"curies":[{"name":"wp","href":"https:\/\/api.w.org\/{rel}","templated":true}]}}