{"id":52202,"date":"2023-11-07T07:17:40","date_gmt":"2023-11-07T12:17:40","guid":{"rendered":"https:\/\/revistazetta.com\/?p=52202"},"modified":"2023-11-07T07:17:40","modified_gmt":"2023-11-07T12:17:40","slug":"patinador-andres-jimenez-recibio-en-chile-la-bandera-de-bolivar-para-juegos-nacionales","status":"publish","type":"post","link":"https:\/\/revistazetta.com\/?p=52202","title":{"rendered":"Patinador Andr\u00e9s Jim\u00e9nez recibi\u00f3 en Chile la bandera de Bol\u00edvar para Juegos Nacionales"},"content":{"rendered":"<p>En los Juegos Panamericanos de Chile, el patinador Andr\u00e9s Jim\u00e9nez recibi\u00f3 la bandera de Bol\u00edvar por parte del gerente de Iderbol, Ariel Zambrano<\/p>\n<p><strong>Santiago de Chile, 7 de noviembre de 2023.-<\/strong> El excelente a\u00f1o que ha tenido el patinador bolivarense Andr\u00e9s Jim\u00e9nez en sus presentaciones nacionales e internacionales, jugaron un papel importante para que en nombre del gobernador Vicente Blel y el gerente de Iderbol, Ariel Zambrano, se trasladaran desde la c\u00e1lida Cartagena hasta la fr\u00eda tierra chilena para hacerle entrega de la bandera de Bol\u00edvar y de esta manera ratificarlo como el deportista abanderado que estar\u00e1 encabezando y guiando a la delegaci\u00f3n del Bol\u00edvar Primero en el desfile inaugural de los XXII Juegos Nacionales del Eje Cafetero.<\/p>\n<p><img loading=\"lazy\" decoding=\"async\" class=\"alignnone size-medium wp-image-52204\" src=\"https:\/\/revistazetta.com\/wp-content\/uploads\/2023\/11\/WhatsApp-Image-2023-11-05-at-14.41.11-1-445x333.jpeg\" alt=\"\" width=\"445\" height=\"333\" srcset=\"https:\/\/revistazetta.com\/wp-content\/uploads\/2023\/11\/WhatsApp-Image-2023-11-05-at-14.41.11-1-445x333.jpeg 445w, https:\/\/revistazetta.com\/wp-content\/uploads\/2023\/11\/WhatsApp-Image-2023-11-05-at-14.41.11-1-1024x766.jpeg 1024w, https:\/\/revistazetta.com\/wp-content\/uploads\/2023\/11\/WhatsApp-Image-2023-11-05-at-14.41.11-1-216x162.jpeg 216w, https:\/\/revistazetta.com\/wp-content\/uploads\/2023\/11\/WhatsApp-Image-2023-11-05-at-14.41.11-1.jpeg 1280w\" sizes=\"auto, (max-width: 445px) 100vw, 445px\" \/><\/p>\n<p>Fue un momento emotivo que se vivi\u00f3 en la pista del Patin\u00f3dromo Nacional de la ciudad de Santiago, Chile, donde el patinador cartagenero, en medio de abrazos, besos y felicitaciones por parte de sus compa\u00f1eros de la selecci\u00f3n Colombia de Patinaje, dej\u00f3 ver su alegr\u00eda con una gran sonrisa en su rostro. Jim\u00e9nez agradeci\u00f3 la confianza brindada por el gobierno departamental y manifest\u00f3 que el compromiso con Bol\u00edvar ser\u00e1 100 %<\/p>\n<p>\u201cLa verdad estoy muy feliz de que est\u00e9n ac\u00e1 en Chile, para darme esta gran noticia y poder representar al departamento no s\u00f3lo como patinador, sino como abanderado, representando a todo el deporte bolivarense. Gracias de verdad al gobernador Vicente Blel por esta confianza que ha depositado en mi y junto a todos mis compa\u00f1eros deportistas vamos a darla toda por ese cuarto lugar \u201c indic\u00f3 Andr\u00e9s Jim\u00e9nez, patinador de Bol\u00edvar.<\/p>\n<p>Sin duda alguna para Zambrano, como gerente del deporte de Bol\u00edvar, no fue una decisi\u00f3n f\u00e1cil tener entre sus filas deportistas con un excelente nivel y con grandes logros en el \u00e1mbito internacional, lo pusieron a pensar bastante, pero al final la las marcas y los t\u00edtulos obtenidos en este 2023 inclinaron la decisi\u00f3n hacia \u201cEl Mono Jim\u00e9nez\u201d.<\/p>\n<p><img loading=\"lazy\" decoding=\"async\" class=\"alignnone size-medium wp-image-52205\" src=\"https:\/\/revistazetta.com\/wp-content\/uploads\/2023\/11\/WhatsApp-Image-2023-11-05-at-14.41.11-500x333.jpeg\" alt=\"\" width=\"500\" height=\"333\" srcset=\"https:\/\/revistazetta.com\/wp-content\/uploads\/2023\/11\/WhatsApp-Image-2023-11-05-at-14.41.11-500x333.jpeg 500w, https:\/\/revistazetta.com\/wp-content\/uploads\/2023\/11\/WhatsApp-Image-2023-11-05-at-14.41.11-1024x683.jpeg 1024w, https:\/\/revistazetta.com\/wp-content\/uploads\/2023\/11\/WhatsApp-Image-2023-11-05-at-14.41.11-243x162.jpeg 243w, https:\/\/revistazetta.com\/wp-content\/uploads\/2023\/11\/WhatsApp-Image-2023-11-05-at-14.41.11.jpeg 1280w\" sizes=\"auto, (max-width: 500px) 100vw, 500px\" \/><\/p>\n<p>\u201cLlegamos hasta Chile para acompa\u00f1ar a nuestros deportistas bolivarenses que hacen parte de la delegaci\u00f3n colombiana, en especial a nuestros patinadores que hoy volvieron a dejar en alto los colores de Colombia y Bol\u00edvar con las diferentes medallas obtenidas en estos panamericanos; adem\u00e1s, en nombre de nuestro gobernador Vicente Antonio Blel hoy hicimos entrega de la bandera del departamento al patinador bolivarense nacido en el municipio de Turbaco, Andr\u00e9s Jim\u00e9nez, para que sea quien lidere el desfile inaugural de las Justas Nacionales. Andr\u00e9s en este 2023 ha tenido un a\u00f1o genial donde ha logrado t\u00edtulos naciones e internacionales, por eso hoy, es el nuestro abanderado\u201c expres\u00f3 Ariel Zambrano, Gerente de Iderbol.<\/p>\n<p><strong>T\u00edtulos Andr\u00e9s Jim\u00e9nez<\/strong><br \/>\nInici\u00f3 a los 6 a\u00f1os en el Club Universidad de Cartagena, a\u00fan ostenta el r\u00e9cord de los 300 Mts, en el mundial de 2015 en Kaohsiung, Taiw\u00e1n, con un tiempo de 23,415. Ha vestido el uniforme de Colombia por 14\u00aa ocasiones, tiempo durante el cual ha conseguido:<\/p>\n<p>14 t\u00edtulos Mundiales<br \/>\n2 t\u00edtulos de World Games.<br \/>\n4 t\u00edtulos Centroamericanos.<br \/>\n1 t\u00edtulo Suramericano.<br \/>\n1 t\u00edtulo Bolivariano.<br \/>\n8 t\u00edtulos de Juegos Deportivos Nacionales.<\/p>\n<p><strong>Delegaci\u00f3n de Bol\u00edvar<\/strong><\/p>\n<p>Con una delegaci\u00f3n de 356 deportistas convencionales y 121 deportistas paranacionales, Bol\u00edvar viajar\u00e1 a las Justas del Eje Cafetero, donde estar\u00e1 compitiendo en 46 deportes y 52 modalidades.<\/p>\n<p>El objetivo bolivarenses es mantener el cuarto lugar obtenido en los pasados Juegos Nacionales, donde fuimos anfitri\u00f3n y logramos 57 medallas de oro, 43 medallas de plata y 47 bronce.<\/p>\n<p>&nbsp;<\/p>\n","protected":false},"excerpt":{"rendered":"<p>En los Juegos Panamericanos de Chile, el patinador Andr\u00e9s Jim\u00e9nez recibi\u00f3 la bandera de Bol\u00edvar por parte del gerente de Iderbol, Ariel Zambrano Santiago de Chile, 7 de noviembre de 2023.- El excelente a\u00f1o que ha tenido el patinador bolivarense Andr\u00e9s Jim\u00e9nez en sus presentaciones nacionales e internacionales, jugaron un papel importante para que en nombre del gobernador Vicente Blel y el gerente de Iderbol, Ariel Zambrano, se trasladaran desde la c\u00e1lida Cartagena hasta la fr\u00eda tierra chilena para hacerle entrega de la bandera de Bol\u00edvar y de esta manera&#8230; <\/p>\n","protected":false},"author":3,"featured_media":52203,"comment_status":"closed","ping_status":"closed","sticky":false,"template":"","format":"standard","meta":{"footnotes":"","_links_to":"","_links_to_target":""},"categories":[53,90],"tags":[308,333],"class_list":["post-52202","post","type-post","status-publish","format-standard","has-post-thumbnail","hentry","category-deportes","category-iderbol","tag-deportes","tag-iderbol"],"_links":{"self":[{"href":"https:\/\/revistazetta.com\/index.php?rest_route=\/wp\/v2\/posts\/52202","targetHints":{"allow":["GET"]}}],"collection":[{"href":"https:\/\/revistazetta.com\/index.php?rest_route=\/wp\/v2\/posts"}],"about":[{"href":"https:\/\/revistazetta.com\/index.php?rest_route=\/wp\/v2\/types\/post"}],"author":[{"embeddable":true,"href":"https:\/\/revistazetta.com\/index.php?rest_route=\/wp\/v2\/users\/3"}],"replies":[{"embeddable":true,"href":"https:\/\/revistazetta.com\/index.php?rest_route=%2Fwp%2Fv2%2Fcomments&post=52202"}],"version-history":[{"count":0,"href":"https:\/\/revistazetta.com\/index.php?rest_route=\/wp\/v2\/posts\/52202\/revisions"}],"wp:featuredmedia":[{"embeddable":true,"href":"https:\/\/revistazetta.com\/index.php?rest_route=\/wp\/v2\/media\/52203"}],"wp:attachment":[{"href":"https:\/\/revistazetta.com\/index.php?rest_route=%2Fwp%2Fv2%2Fmedia&parent=52202"}],"wp:term":[{"taxonomy":"category","embeddable":true,"href":"https:\/\/revistazetta.com\/index.php?rest_route=%2Fwp%2Fv2%2Fcategories&post=52202"},{"taxonomy":"post_tag","embeddable":true,"href":"https:\/\/revistazetta.com\/index.php?rest_route=%2Fwp%2Fv2%2Ftags&post=52202"}],"curies":[{"name":"wp","href":"https:\/\/api.w.org\/{rel}","templated":true}]}}