{"id":52206,"date":"2023-11-09T12:35:08","date_gmt":"2023-11-09T17:35:08","guid":{"rendered":"https:\/\/revistazetta.com\/?p=52206"},"modified":"2023-11-09T12:40:04","modified_gmt":"2023-11-09T17:40:04","slug":"conclusiones-de-la-eleccion-del-concejo-de-cartagena-2024-2027","status":"publish","type":"post","link":"https:\/\/revistazetta.com\/?p=52206","title":{"rendered":"Conclusiones de la elecci\u00f3n del Concejo de Cartagena 2024-2027"},"content":{"rendered":"<p><strong>Cartagena de Indias, 9 de noviembre de 2023.-<\/strong> Terminaron los escrutinios de las elecciones del pasado 29 de octubre y se tiene la conformaci\u00f3n definitiva del Concejo de Cartagena para el periodo 2024-2027.<\/p>\n<p><strong>Partido ASI<\/strong><\/p>\n<ul>\n<li>Luz Marina Paria<\/li>\n<li>Edgar Mendoza<\/li>\n<li>Laureano Curi<\/li>\n<\/ul>\n<p><strong>Partido Cambio Radical<\/strong><\/p>\n<ul>\n<li>Wilson Toncel<\/li>\n<li>Pedro Aponte<\/li>\n<li>Carlos Barrios<\/li>\n<\/ul>\n<p><strong>Partido Conservador<\/strong><\/p>\n<ul>\n<li>Emmanuel Vergara Mart\u00ednez<\/li>\n<li>David Caballero<\/li>\n<li>Rafael Meza<\/li>\n<\/ul>\n<p><strong>Partido Verde<\/strong><\/p>\n<ul>\n<li>Laura D\u00edaz<\/li>\n<li>Carlos Raad<\/li>\n<li>Armando C\u00f3rdoba<\/li>\n<\/ul>\n<p><strong>Partido Liberal<\/strong><\/p>\n<ul>\n<li>Gloria Estrada<\/li>\n<li>Hernando Pi\u00f1a<\/li>\n<\/ul>\n<p><strong>Centro Democr\u00e1tico<\/strong><\/p>\n<ul>\n<li>William P\u00e9rez<\/li>\n<\/ul>\n<p><strong>Partido de la U<\/strong><\/p>\n<ul>\n<li>Lewis Montero<\/li>\n<\/ul>\n<p><strong>Partido Cartagena Mejor<\/strong><\/p>\n<ul>\n<li>M\u00f3nica Villalobos<\/li>\n<\/ul>\n<p><strong>Nuevo Liberalismo \/ En Marcha<\/strong><\/p>\n<ul>\n<li>Johan Correa<\/li>\n<\/ul>\n<p><strong>Partido Pacto Hist\u00f3rico<\/strong><\/p>\n<ul>\n<li>Javier Julio Bejarano<\/li>\n<\/ul>\n<p>Hay 8 nuevos rostros, dirigentes que por primera vez llegan al Concejo de Cartagena, y hay 11 que ya han estado.<\/p>\n<p><img loading=\"lazy\" decoding=\"async\" class=\"alignnone size-medium wp-image-52209\" src=\"https:\/\/revistazetta.com\/wp-content\/uploads\/2023\/11\/Nuevos-en-el-Concejo-500x333.jpg\" alt=\"\" width=\"500\" height=\"333\" srcset=\"https:\/\/revistazetta.com\/wp-content\/uploads\/2023\/11\/Nuevos-en-el-Concejo-500x333.jpg 500w, https:\/\/revistazetta.com\/wp-content\/uploads\/2023\/11\/Nuevos-en-el-Concejo-1024x683.jpg 1024w, https:\/\/revistazetta.com\/wp-content\/uploads\/2023\/11\/Nuevos-en-el-Concejo-243x162.jpg 243w, https:\/\/revistazetta.com\/wp-content\/uploads\/2023\/11\/Nuevos-en-el-Concejo.jpg 1500w\" sizes=\"auto, (max-width: 500px) 100vw, 500px\" \/><\/p>\n<p>De los 11 reelegidos, hay 8 que repiten periodo. Hay dos que hab\u00edan sido concejales por otros partidos, estuvieron un periodo fuera, y ahora regresan con aval de otra colectividad. Hay uno que fue elegido concejal hace cuatro a\u00f1os, y vuelve a la curul como derecho por haber resultado 2\u00ba en las elecciones para alcalde.<\/p>\n<p><img loading=\"lazy\" decoding=\"async\" class=\"alignnone size-medium wp-image-52210\" src=\"https:\/\/revistazetta.com\/wp-content\/uploads\/2023\/11\/Reelegidos-500x333.jpg\" alt=\"\" width=\"500\" height=\"333\" srcset=\"https:\/\/revistazetta.com\/wp-content\/uploads\/2023\/11\/Reelegidos-500x333.jpg 500w, https:\/\/revistazetta.com\/wp-content\/uploads\/2023\/11\/Reelegidos-1024x683.jpg 1024w, https:\/\/revistazetta.com\/wp-content\/uploads\/2023\/11\/Reelegidos-243x162.jpg 243w, https:\/\/revistazetta.com\/wp-content\/uploads\/2023\/11\/Reelegidos.jpg 1500w\" sizes=\"auto, (max-width: 500px) 100vw, 500px\" \/><\/p>\n<p>De los 19 concejales, hay 14 que acompa\u00f1aron al alcalde electo Dumek Turbay, y se presume que har\u00e1n bancada de gobierno en gran coalici\u00f3n.<\/p>\n<p><img loading=\"lazy\" decoding=\"async\" class=\"alignnone size-medium wp-image-52212\" src=\"https:\/\/revistazetta.com\/wp-content\/uploads\/2023\/11\/Votaron-por-Dumek-500x333.jpg\" alt=\"\" width=\"500\" height=\"333\" srcset=\"https:\/\/revistazetta.com\/wp-content\/uploads\/2023\/11\/Votaron-por-Dumek-500x333.jpg 500w, https:\/\/revistazetta.com\/wp-content\/uploads\/2023\/11\/Votaron-por-Dumek-1024x683.jpg 1024w, https:\/\/revistazetta.com\/wp-content\/uploads\/2023\/11\/Votaron-por-Dumek-243x162.jpg 243w, https:\/\/revistazetta.com\/wp-content\/uploads\/2023\/11\/Votaron-por-Dumek.jpg 1500w\" sizes=\"auto, (max-width: 500px) 100vw, 500px\" \/><\/p>\n<p>La \u00fanica bancada que se renov\u00f3 por completo es la del partido Alianza Verde, que <span class=\"OYPEnA text-decoration-none text-strikethrough-none\">tiene dos concejales actuales: L\u00fader Ariza y Sergio Mendoza, que no lograron la reelecci\u00f3n. Esta colectividad aument\u00f3 una curul para el per\u00edodo 2024-2027 y sus tres miembros llegan por primera vez.<\/span><\/p>\n<p><img loading=\"lazy\" decoding=\"async\" class=\"alignnone size-medium wp-image-52211\" src=\"https:\/\/revistazetta.com\/wp-content\/uploads\/2023\/11\/Verde-renovada-500x333.jpg\" alt=\"\" width=\"500\" height=\"333\" srcset=\"https:\/\/revistazetta.com\/wp-content\/uploads\/2023\/11\/Verde-renovada-500x333.jpg 500w, https:\/\/revistazetta.com\/wp-content\/uploads\/2023\/11\/Verde-renovada-1024x683.jpg 1024w, https:\/\/revistazetta.com\/wp-content\/uploads\/2023\/11\/Verde-renovada-243x162.jpg 243w, https:\/\/revistazetta.com\/wp-content\/uploads\/2023\/11\/Verde-renovada.jpg 1500w\" sizes=\"auto, (max-width: 500px) 100vw, 500px\" \/><\/p>\n<p>En el actual Concejo hay cuatro mujeres, y se conservaron los cuatro cupos. Solo una repite, y las otras tres son nuevas.<\/p>\n<p><img loading=\"lazy\" decoding=\"async\" class=\"alignnone size-medium wp-image-52208\" src=\"https:\/\/revistazetta.com\/wp-content\/uploads\/2023\/11\/Mujeres-Concejo-500x333.jpg\" alt=\"\" width=\"500\" height=\"333\" srcset=\"https:\/\/revistazetta.com\/wp-content\/uploads\/2023\/11\/Mujeres-Concejo-500x333.jpg 500w, https:\/\/revistazetta.com\/wp-content\/uploads\/2023\/11\/Mujeres-Concejo-1024x683.jpg 1024w, https:\/\/revistazetta.com\/wp-content\/uploads\/2023\/11\/Mujeres-Concejo-243x162.jpg 243w, https:\/\/revistazetta.com\/wp-content\/uploads\/2023\/11\/Mujeres-Concejo.jpg 1500w\" sizes=\"auto, (max-width: 500px) 100vw, 500px\" \/><\/p>\n<p>Los partidos Nuevo Liberalismo y En Marcha son debutantes en el pa\u00eds en estas elecciones, y en Cartagena acordaron ir en alianza y lograron una curul.<\/p>\n<p>La agrupaci\u00f3n Cartagena Mejor, que re\u00fane varias organizaciones, debuta en estas elecciones y logr\u00f3 una curul.<\/p>\n<p>El Centro Democr\u00e1tico por primera vez logra una curul en cabeza de William P\u00e9rez, que ya hab\u00eda sido concejal por el Partido de la U, hace dos periodos.<\/p>\n<p>Lewis Montero es el sobreviviente del Partido de la U, y es el decano de los concejales con su sexto periodo consecutivo. Es el actual presidente del Concejo.<\/p>\n<p>&nbsp;<\/p>\n","protected":false},"excerpt":{"rendered":"<p>Cartagena de Indias, 9 de noviembre de 2023.- Terminaron los escrutinios de las elecciones del pasado 29 de octubre y se tiene la conformaci\u00f3n definitiva del Concejo de Cartagena para el periodo 2024-2027. Partido ASI Luz Marina Paria Edgar Mendoza Laureano Curi Partido Cambio Radical Wilson Toncel Pedro Aponte Carlos Barrios Partido Conservador Emmanuel Vergara Mart\u00ednez David Caballero Rafael Meza Partido Verde Laura D\u00edaz Carlos Raad Armando C\u00f3rdoba Partido Liberal Gloria Estrada Hernando Pi\u00f1a Centro Democr\u00e1tico William P\u00e9rez Partido de la U Lewis Montero Partido Cartagena Mejor M\u00f3nica Villalobos Nuevo&#8230; <\/p>\n","protected":false},"author":3,"featured_media":52207,"comment_status":"closed","ping_status":"closed","sticky":false,"template":"","format":"standard","meta":{"footnotes":"","_links_to":"","_links_to_target":""},"categories":[1450,1440,4],"tags":[191,195,285,74,983,298],"class_list":["post-52206","post","type-post","status-publish","format-standard","has-post-thumbnail","hentry","category-parasladers","category-elecciones-2023-politica","category-politica","tag-cartagena-de-indias","tag-concejo-de-cartagena","tag-destacada","tag-dumek-turbay","tag-elecciones-2023","tag-politica"],"_links":{"self":[{"href":"https:\/\/revistazetta.com\/index.php?rest_route=\/wp\/v2\/posts\/52206","targetHints":{"allow":["GET"]}}],"collection":[{"href":"https:\/\/revistazetta.com\/index.php?rest_route=\/wp\/v2\/posts"}],"about":[{"href":"https:\/\/revistazetta.com\/index.php?rest_route=\/wp\/v2\/types\/post"}],"author":[{"embeddable":true,"href":"https:\/\/revistazetta.com\/index.php?rest_route=\/wp\/v2\/users\/3"}],"replies":[{"embeddable":true,"href":"https:\/\/revistazetta.com\/index.php?rest_route=%2Fwp%2Fv2%2Fcomments&post=52206"}],"version-history":[{"count":0,"href":"https:\/\/revistazetta.com\/index.php?rest_route=\/wp\/v2\/posts\/52206\/revisions"}],"wp:featuredmedia":[{"embeddable":true,"href":"https:\/\/revistazetta.com\/index.php?rest_route=\/wp\/v2\/media\/52207"}],"wp:attachment":[{"href":"https:\/\/revistazetta.com\/index.php?rest_route=%2Fwp%2Fv2%2Fmedia&parent=52206"}],"wp:term":[{"taxonomy":"category","embeddable":true,"href":"https:\/\/revistazetta.com\/index.php?rest_route=%2Fwp%2Fv2%2Fcategories&post=52206"},{"taxonomy":"post_tag","embeddable":true,"href":"https:\/\/revistazetta.com\/index.php?rest_route=%2Fwp%2Fv2%2Ftags&post=52206"}],"curies":[{"name":"wp","href":"https:\/\/api.w.org\/{rel}","templated":true}]}}