{"id":52524,"date":"2023-12-09T18:14:13","date_gmt":"2023-12-09T23:14:13","guid":{"rendered":"https:\/\/revistazetta.com\/?p=52524"},"modified":"2023-12-09T18:14:13","modified_gmt":"2023-12-09T23:14:13","slug":"asamblea-da-la-cara-ante-tormenta-por-tasa-de-seguridad","status":"publish","type":"post","link":"https:\/\/revistazetta.com\/?p=52524","title":{"rendered":"Asamblea da la cara ante tormenta por Tasa de Seguridad"},"content":{"rendered":"<p><strong>Cartagena de Indias, 9 de diciembre de 2023.-<\/strong> La Asamblea Departamental de Bol\u00edvar explic\u00f3 en un comunicado los alcances de la ordenanza que crea una Tasas de Seguridad y convivencia, que se cobrar\u00e1 en el recibo de la luz, y que gener\u00f3 reacci\u00f3n adversa del Consejo Gremial del Bol\u00edvar, del alcalde electo de Cartagena Dumek Turbay y del gerente de Afinia Javier Lastra.<\/p>\n<p>La Asamblea se\u00f1al\u00f3 que se trata de un instrumento para generar recursos para la seguridad ciudadana, y que la tarifa es tan baja que tiene poco impacto en el recibo, acotando que est\u00e1n exentos los estratos uno y dos, y las instituciones educativas y de salud.<\/p>\n<p>El Consejo Gremial de Bol\u00edvar prendi\u00f3 la pol\u00e9mica a calificar de inconveniente la ordenanza, lo que fue respaldado por el alcalde electo Dumek Turbay, quien dijo:<\/p>\n<p><span class=\"css-1qaijid r-bcqeeo r-qvutc0 r-poiln3\">Respeto la autonom\u00eda de la Asamblea Departamental <\/span>y al gobernador Vicente Blel<span class=\"css-1qaijid r-bcqeeo r-qvutc0 r-poiln3\">, pero como alcalde electo de los cartageneros <\/span><span class=\"css-1qaijid r-bcqeeo r-qvutc0 r-poiln3\">insisto en rechazar el cobro de esta \u00abTasa Especial de Seguridad y Convivencia\u00bb, que tambi\u00e9n toca el bolsillo de los cartageneros. Es inoportuna, inconveniente y hasta desconsiderada, pues se cobra v\u00eda recibo de Afinia, <\/span>que bastante caro que s\u00ed llega\u00bb.<\/p>\n<p>Por primera vez Turbay y el gerente de Afinia, Javier Lastra, est\u00e1n de acuerdo, pues el funcionario de la empresa el\u00e9ctrica emiti\u00f3 un comunicado donde se\u00f1ala los aspectos adversos de la decisi\u00f3n.<\/p>\n<p>El presidente de la Asamblea, Jos\u00e9 F\u00e9lix Garc\u00eda Turbay, emiti\u00f3 este comunicado:<\/p>\n<h3><em><span style=\"color: #0000ff;\"><b>Tasa de Seguridad: Recursos para <\/b><b>defender la vida de la ciudadan\u00eda Bolivarense.<\/b><\/span><\/em><\/h3>\n<blockquote><p><em><span style=\"color: #0000ff;\">El recaudo se viene aplicando en Atl\u00e1ntico, Magdalena o Valle del Cauca, pero en Bol\u00edvar su tarifa ser\u00e1 menor<\/span><\/em><\/p>\n<p><em><span style=\"color: #0000ff;\">No aplica para estratos 1 y 2, ni para instituciones de educaci\u00f3n y salud<\/span><\/em><\/p><\/blockquote>\n<p><em><span style=\"color: #0000ff;\">Bol\u00edvar dispondr\u00e1 de recursos frescos para que la Fuerza P\u00fablica pueda defender la vida y bienes de la ciudadan\u00eda, gracias a la Tasa de Seguridad y Convivencia Ciudadana aprobada por la Asamblea Departamental.<\/span><\/em><\/p>\n<p><em><span style=\"color: #0000ff;\">Los positivos resultados de esta medida en Departamentos como Atl\u00e1ntico, Magdalena o Valle del Cauca, donde se viene aplicando desde 2012, son un referente para incorporar esta actualizaci\u00f3n legal en Bol\u00edvar, con una tarifa menor a la cobrada en dichos Departamentos.<\/span><\/em><\/p>\n<p><em><span style=\"color: #0000ff;\">Jos\u00e9 F\u00e9lix Garc\u00eda Turbay, Presidente de la Duma Departamental, precis\u00f3 que este proyecto fue presentado en el \u00faltimo periodo ordinario de sesiones y luego de un profundo estudio por parte de la Comisi\u00f3n de Hacienda y Presupuesto de la Asamblea de Bol\u00edvar, fue regresado al Gobierno Departamental para realizarle los ajustes necesarios y conciliar posiciones dentro de la Asamblea y el mismo Gobierno Departamental. No se recibi\u00f3 para \u201cpupitrearlo\u201d sino que se discuti\u00f3 y depur\u00f3 para que se aplicara del estrato tres en adelante. \u201cEl m\u00e1s derrochador apenas pagar\u00e1 $39 mil pesos, pues la tarifa es baja, pero servir\u00e1 para atacar el accionar de grupos delictivos\u201d, destac\u00f3.<\/span><\/em><\/p>\n<p><em><span style=\"color: #0000ff;\">La ordenanza aprobada por la Asamblea de Bol\u00edvar establece una destinaci\u00f3n\u00a0clara de los recursos recaudados, que se deben destinar para adquirir sistemas de video vigilancia, alumbrado p\u00fablico para zonas inseguras, dotar a la fuerza publica, y fomentar la convivencia ciudadana.<\/span><\/em><\/p>\n<p><em><span style=\"color: #0000ff;\">Aunque Bol\u00edvar ha conseguido importantes logros en la lucha contra la inseguridad, el accionar de la delincuencia ha elevado el registro de homicidios y hurtos, especialmente en Cartagena de Indias, entre otras conductas, y este tipo de normativas son un \u00f3ptimo recurso para enfrentar la criminalidad.<\/span><\/em><\/p>\n<blockquote><p><em><span style=\"color: #0000ff;\">Dado que se grava el consumo de energ\u00eda, tiene l\u00f3gica que su cobro sea en la correspondiente factura, que tiene cobertura general en Bol\u00edvar, y su incidencia real es de baja proporci\u00f3n en el recibo, dada la razonada tarifa establecida.<\/span><\/em><\/p><\/blockquote>\n<p><em><span style=\"color: #0000ff;\"><b>GRANDES BENEFICIOS<\/b><\/span><\/em><\/p>\n<p><em><span style=\"color: #0000ff;\">Dentro de los beneficios sociales de esta tasa se puede mencionar el mantenimiento, vigilancia y servicios de seguridad de los parques del Departamento de Bol\u00edvar, todo esto, orientado a fomentar espacios de esparcimiento a la poblaci\u00f3n juvenil con el objetivo de desvincularlos de pandillas, grupos armados, drogas y cualquier actividad il\u00edcita que repercuta en la inseguridad y que afecte de manera directa la convivencia ciudadana.<\/span><\/em><\/p>\n<p><em><span style=\"color: #0000ff;\">Para la aplicaci\u00f3n de la tasa de seguridad se excluye de su cobro a la poblaci\u00f3n clasificada con uso residencial en estrato 1 y 2; igualmente se excluyen los establecimientos de comercio peque\u00f1os cuyo consumo sea menor a 2.000 kwh en el per\u00edodo de facturaci\u00f3n, de igual manera no estar\u00e1n obligados a este pago las instituciones oficiales de educaci\u00f3n, as\u00ed como las instituciones prestadoras de servicio de salud oficiales ubicadas en el Departamento de Bol\u00edvar.<\/span><\/em><\/p>\n<p><em><span style=\"color: #0000ff;\"><b>EN OTROS DEPARTAMENTOS<\/b><\/span><\/em><\/p>\n<p><em><span style=\"color: #0000ff;\">En el Departamento del Magdalena, se regul\u00f3 la Tasa Especial de Seguridad y Convivencia Ciudadana, por medio de la Ordenanza 006 de 2012.<\/span><\/em><\/p>\n<p><em><span style=\"color: #0000ff;\">El Valle del Cauca implement\u00f3 la Tasa Especial de Seguridad y Convivencia Ciudadana a trav\u00e9s de la Ordenanza No. 425 de 2016.<\/span><\/em><\/p>\n<p><em><span style=\"color: #0000ff;\">El Departamento del Atl\u00e1ntico a trav\u00e9s del Decreto Ordenanza No. 00545 de 2017 implement\u00f3 la Tasa Especial de Seguridad y Convivencia Ciudadana que modificado por el art\u00edculo 10\u00b0 de la Ordenanza No. 000449 de 2019.<\/span><\/em><\/p>\n","protected":false},"excerpt":{"rendered":"<p>Cartagena de Indias, 9 de diciembre de 2023.- La Asamblea Departamental de Bol\u00edvar explic\u00f3 en un comunicado los alcances de la ordenanza que crea una Tasas de Seguridad y convivencia, que se cobrar\u00e1 en el recibo de la luz, y que gener\u00f3 reacci\u00f3n adversa del Consejo Gremial del Bol\u00edvar, del alcalde electo de Cartagena Dumek Turbay y del gerente de Afinia Javier Lastra. La Asamblea se\u00f1al\u00f3 que se trata de un instrumento para generar recursos para la seguridad ciudadana, y que la tarifa es tan baja que tiene poco impacto&#8230; <\/p>\n","protected":false},"author":3,"featured_media":52525,"comment_status":"closed","ping_status":"closed","sticky":false,"template":"","format":"standard","meta":{"footnotes":"","_links_to":"","_links_to_target":""},"categories":[1450,28,4],"tags":[688,176,285,74,298,164],"class_list":["post-52524","post","type-post","status-publish","format-standard","has-post-thumbnail","hentry","category-parasladers","category-politica-asamblea","category-politica","tag-afinia","tag-asamblea-departamental","tag-destacada","tag-dumek-turbay","tag-politica","tag-vicente-blel"],"_links":{"self":[{"href":"https:\/\/revistazetta.com\/index.php?rest_route=\/wp\/v2\/posts\/52524","targetHints":{"allow":["GET"]}}],"collection":[{"href":"https:\/\/revistazetta.com\/index.php?rest_route=\/wp\/v2\/posts"}],"about":[{"href":"https:\/\/revistazetta.com\/index.php?rest_route=\/wp\/v2\/types\/post"}],"author":[{"embeddable":true,"href":"https:\/\/revistazetta.com\/index.php?rest_route=\/wp\/v2\/users\/3"}],"replies":[{"embeddable":true,"href":"https:\/\/revistazetta.com\/index.php?rest_route=%2Fwp%2Fv2%2Fcomments&post=52524"}],"version-history":[{"count":0,"href":"https:\/\/revistazetta.com\/index.php?rest_route=\/wp\/v2\/posts\/52524\/revisions"}],"wp:featuredmedia":[{"embeddable":true,"href":"https:\/\/revistazetta.com\/index.php?rest_route=\/wp\/v2\/media\/52525"}],"wp:attachment":[{"href":"https:\/\/revistazetta.com\/index.php?rest_route=%2Fwp%2Fv2%2Fmedia&parent=52524"}],"wp:term":[{"taxonomy":"category","embeddable":true,"href":"https:\/\/revistazetta.com\/index.php?rest_route=%2Fwp%2Fv2%2Fcategories&post=52524"},{"taxonomy":"post_tag","embeddable":true,"href":"https:\/\/revistazetta.com\/index.php?rest_route=%2Fwp%2Fv2%2Ftags&post=52524"}],"curies":[{"name":"wp","href":"https:\/\/api.w.org\/{rel}","templated":true}]}}