{"id":52564,"date":"2023-12-11T18:11:12","date_gmt":"2023-12-11T23:11:12","guid":{"rendered":"https:\/\/revistazetta.com\/?p=52564"},"modified":"2023-12-11T18:14:39","modified_gmt":"2023-12-11T23:14:39","slug":"encuentro-estrategico-en-bolivar-cardique-y-procuraduria-guiaran-desarrollo-sistenible-en-el-territorio","status":"publish","type":"post","link":"https:\/\/revistazetta.com\/?p=52564","title":{"rendered":"Encuentro Estrat\u00e9gico en Bol\u00edvar: Cardique y Procuradur\u00eda guiar\u00e1n desarrollo sistenible en el territorio"},"content":{"rendered":"<p><strong>Cartagena de Indias, 11 de diciembre 11 de 2023.<\/strong> En un llamado a la cooperaci\u00f3n por el desarrollo sostenible en el norte y centro de Bol\u00edvar, \u00c1ngelo Bacci, director de Cardique, se reuni\u00f3 exitosamente con los mandatarios electos, incluyendo al gobernador Yamil Arana Padau\u00ed. La reuni\u00f3n, considerada un paso positivo, cont\u00f3 con la presencia de Mayelis Chamorro de la Procuradur\u00eda Ambiental y Agraria.<\/p>\n<p>El encuentro, convocado por la Corporaci\u00f3n Aut\u00f3noma Regional del Canal del Dique (Cardique) y la Procuradur\u00eda Ambiental y Agraria de Cartagena y Bol\u00edvar, tuvo como objetivo abordar aspectos cruciales de la normativa ambiental vigente. Los l\u00edderes electos fueron informados sobre las responsabilidades ambientales que deben asumir durante su mandato de cuatro a\u00f1os, buscando as\u00ed coordinar acciones para atender las prioridades ambientales en sus respectivos territorios.<\/p>\n<p><img loading=\"lazy\" decoding=\"async\" class=\"alignnone size-medium wp-image-52568\" src=\"https:\/\/revistazetta.com\/wp-content\/uploads\/2023\/12\/WhatsApp-Image-2023-12-11-at-16.41.18-444x333.jpeg\" alt=\"\" width=\"444\" height=\"333\" srcset=\"https:\/\/revistazetta.com\/wp-content\/uploads\/2023\/12\/WhatsApp-Image-2023-12-11-at-16.41.18-444x333.jpeg 444w, https:\/\/revistazetta.com\/wp-content\/uploads\/2023\/12\/WhatsApp-Image-2023-12-11-at-16.41.18-1024x768.jpeg 1024w, https:\/\/revistazetta.com\/wp-content\/uploads\/2023\/12\/WhatsApp-Image-2023-12-11-at-16.41.18-216x162.jpeg 216w, https:\/\/revistazetta.com\/wp-content\/uploads\/2023\/12\/WhatsApp-Image-2023-12-11-at-16.41.18-1536x1152.jpeg 1536w, https:\/\/revistazetta.com\/wp-content\/uploads\/2023\/12\/WhatsApp-Image-2023-12-11-at-16.41.18.jpeg 1600w\" sizes=\"auto, (max-width: 444px) 100vw, 444px\" \/><\/p>\n<p>Durante la reuni\u00f3n, Bacci resalt\u00f3 el compromiso de Cardique en brindar asesor\u00edas e inversiones a los territorios representados por los alcaldes. Destac\u00f3 el mensaje positivo del gobernador electo, Yamil Arana, en la construcci\u00f3n de un ecoturismo sostenible en armon\u00eda con la conservaci\u00f3n ambiental.<\/p>\n<p>\u00c1ngelo Bacci subray\u00f3 la importancia de la sinergia entre los servidores p\u00fablicos para responder a las necesidades de las comunidades, enfatizando la labor conjunta en beneficio del territorio. Hizo hincapi\u00e9 en la invitaci\u00f3n a conocer el papel fundamental de Cardique en el territorio.<\/p>\n<p>Por su parte, el gobernador electo Yamil Arana Padau\u00ed expres\u00f3 su agradecimiento por la invitaci\u00f3n y anunci\u00f3 su compromiso de trabajar de la mano con Cardique. Propuso la conservaci\u00f3n de ecosistemas para convertirlos en atractivos tur\u00edsticos, promoviendo la riqueza ambiental de Bol\u00edvar. La reuni\u00f3n marc\u00f3 el inicio de una colaboraci\u00f3n anticipada, buscando integrar el desarrollo sostenible con la conservaci\u00f3n de los recursos naturales.<\/p>\n<p><strong>Hablan alcaldes<\/strong><br \/>\nMiguel Samir Barrios Coneo, alcalde electo de Clemencia, agradeci\u00f3 mas buenas intenciones de Cardique y reconoci\u00f3 la importancia de la entidad por las soluciones que realiza en el territorio. \u201cTrabajaremos de la mano con Cardique porque Clemencia necesita muchas obras como canalizaciones de arroyos y otras para garantizar el acceso a\u00f1 agua en zonas rurales\u201d, dijo.<\/p>\n<p>Arnaldo Beltr\u00e1n Fontalvo, alcalde electo de Santa Catalina, resalt\u00f3 la importancia que seguir\u00e1 teniendo Cardique en el territorio porque su gobierno ser\u00e1 de frente al agua. \u201cCardique es una entidad necesaria para lograr un desarrollo sostenible\u201d, dijo.<\/p>\n<p>Claudia Espinosa, alcaldesa de Turbaco, destac\u00f3 la iniciativa de brindar informaci\u00f3n sobre las leyes ambientales a los alcaldes y resalt\u00f3 que trabajar\u00e1 con Cardique para hacer de Turbaco un municipio sostenible. \u201cNecesitamos muchas obras, sobretodo evitar la degradaci\u00f3n del ambiente\u201d<\/p>\n","protected":false},"excerpt":{"rendered":"<p>Cartagena de Indias, 11 de diciembre 11 de 2023. En un llamado a la cooperaci\u00f3n por el desarrollo sostenible en el norte y centro de Bol\u00edvar, \u00c1ngelo Bacci, director de Cardique, se reuni\u00f3 exitosamente con los mandatarios electos, incluyendo al gobernador Yamil Arana Padau\u00ed. La reuni\u00f3n, considerada un paso positivo, cont\u00f3 con la presencia de Mayelis Chamorro de la Procuradur\u00eda Ambiental y Agraria. El encuentro, convocado por la Corporaci\u00f3n Aut\u00f3noma Regional del Canal del Dique (Cardique) y la Procuradur\u00eda Ambiental y Agraria de Cartagena y Bol\u00edvar, tuvo como objetivo abordar&#8230; <\/p>\n","protected":false},"author":3,"featured_media":52565,"comment_status":"closed","ping_status":"closed","sticky":false,"template":"","format":"standard","meta":{"footnotes":"","_links_to":"","_links_to_target":""},"categories":[1450,84,80],"tags":[303,207,285,300],"class_list":["post-52564","post","type-post","status-publish","format-standard","has-post-thumbnail","hentry","category-parasladers","category-ambiente","category-region","tag-ambiente","tag-cardique","tag-destacada","tag-region"],"_links":{"self":[{"href":"https:\/\/revistazetta.com\/index.php?rest_route=\/wp\/v2\/posts\/52564","targetHints":{"allow":["GET"]}}],"collection":[{"href":"https:\/\/revistazetta.com\/index.php?rest_route=\/wp\/v2\/posts"}],"about":[{"href":"https:\/\/revistazetta.com\/index.php?rest_route=\/wp\/v2\/types\/post"}],"author":[{"embeddable":true,"href":"https:\/\/revistazetta.com\/index.php?rest_route=\/wp\/v2\/users\/3"}],"replies":[{"embeddable":true,"href":"https:\/\/revistazetta.com\/index.php?rest_route=%2Fwp%2Fv2%2Fcomments&post=52564"}],"version-history":[{"count":0,"href":"https:\/\/revistazetta.com\/index.php?rest_route=\/wp\/v2\/posts\/52564\/revisions"}],"wp:featuredmedia":[{"embeddable":true,"href":"https:\/\/revistazetta.com\/index.php?rest_route=\/wp\/v2\/media\/52565"}],"wp:attachment":[{"href":"https:\/\/revistazetta.com\/index.php?rest_route=%2Fwp%2Fv2%2Fmedia&parent=52564"}],"wp:term":[{"taxonomy":"category","embeddable":true,"href":"https:\/\/revistazetta.com\/index.php?rest_route=%2Fwp%2Fv2%2Fcategories&post=52564"},{"taxonomy":"post_tag","embeddable":true,"href":"https:\/\/revistazetta.com\/index.php?rest_route=%2Fwp%2Fv2%2Ftags&post=52564"}],"curies":[{"name":"wp","href":"https:\/\/api.w.org\/{rel}","templated":true}]}}