{"id":52574,"date":"2023-12-12T15:45:02","date_gmt":"2023-12-12T20:45:02","guid":{"rendered":"https:\/\/revistazetta.com\/?p=52574"},"modified":"2023-12-12T15:45:02","modified_gmt":"2023-12-12T20:45:02","slug":"empalme-disipo-cortinas-de-humo-dura-tarea-para-superar-mediocridad-enquistada","status":"publish","type":"post","link":"https:\/\/revistazetta.com\/?p=52574","title":{"rendered":"Empalme disip\u00f3 cortinas de humo: dura tarea para superar mediocridad enquistada"},"content":{"rendered":"<p style=\"padding-left: 40px;\"><span style=\"color: #0000ff;\"><em>\u00abNo es cierto que Cartagena est\u00e1 \u201cnadando en plata\u201d. El presupuesto presentado al Concejo de la ciudad, como un gran logro de gobierno, es s\u00f3lo la proyecci\u00f3n de lo que se cree se va a recaudar y a gastar, no es que haya 3,4 billones de pesos f\u00edsicos disponibles\u00bb<\/em><\/span><\/p>\n<p><strong>Cartagena de Indias, 12 de diciembre de 2023.- <\/strong>El informe de la Comisi\u00f3n de Empalme designada por el alcalde electo Dumek Turbay reflej\u00f3 lo que se presagiaba: una administraci\u00f3n postrada, rebosante de mediocridad.<\/p>\n<p>En t\u00e9rminos generales, se evidenci\u00f3 que la actual administraci\u00f3n es obsoleta, no contrata de manera planeada y ordenada, no prioriza ni trabaja en lo importante para la ciudad. Adem\u00e1s, no es cierto que Cartagena est\u00e1 \u201cnadando en plata\u201d. El presupuesto presentado al Concejo de la ciudad, como un gran logro de gobierno, es s\u00f3lo la proyecci\u00f3n de lo que se cree se va a recaudar y a gastar, no es que haya 3,4 billones de pesos f\u00edsicos disponibles en los bancos para ejecutar una vez el alcalde electo se posesione.<\/p>\n<p><img loading=\"lazy\" decoding=\"async\" class=\"alignnone size-medium wp-image-52580\" src=\"https:\/\/revistazetta.com\/wp-content\/uploads\/2023\/12\/410357081_18401967037005002_7273158693154007021_n-500x333.jpg\" alt=\"\" width=\"500\" height=\"333\" srcset=\"https:\/\/revistazetta.com\/wp-content\/uploads\/2023\/12\/410357081_18401967037005002_7273158693154007021_n-500x333.jpg 500w, https:\/\/revistazetta.com\/wp-content\/uploads\/2023\/12\/410357081_18401967037005002_7273158693154007021_n-1024x683.jpg 1024w, https:\/\/revistazetta.com\/wp-content\/uploads\/2023\/12\/410357081_18401967037005002_7273158693154007021_n-243x162.jpg 243w, https:\/\/revistazetta.com\/wp-content\/uploads\/2023\/12\/410357081_18401967037005002_7273158693154007021_n.jpg 1080w\" sizes=\"auto, (max-width: 500px) 100vw, 500px\" \/><\/p>\n<p>Ante ello, el programa de Gobierno Unidos para Avanzar est\u00e1 creado para ser ejecutado en el marco de una estructura administrativa \u00e1gil y moderna que responda con eficiencia y eficacia a los prop\u00f3sitos y objetivos de cada una de las l\u00edneas estrat\u00e9gicas propuestas. La modernizaci\u00f3n administrativa, junto al Plan de Desarrollo, y los ajustes al POT y al PEMP, deber\u00edan ser de los grandes empe\u00f1os que nos deben esperar en los primeros meses de 20204.<\/p>\n<p>\u201cHay alarmas que hemos encendido desde ya como el tema del servicio de vigilancia, que no puede llegar al inicio del gobierno sin resolverse y as\u00ed hay varios como aseo, el CRUE, el tema de los arriendos de las sedes de la Alcald\u00eda. Hay que empezar a tomar decisiones y garantizar el funcionamiento del Distrito\u201d, indic\u00f3 el alcalde electo Dumek Turbay al t\u00e9rmino del evento.<\/p>\n<p>Desde las 7 de la ma\u00f1ana se llev\u00f3 a cabo en el Hotel Almirante, la entrega del informe del proceso de empalme por parte de la comisi\u00f3n designada por el alcalde electo de Cartagena Dumek Turbay Paz.<\/p>\n<p><img loading=\"lazy\" decoding=\"async\" class=\"alignnone size-medium wp-image-52577\" src=\"https:\/\/revistazetta.com\/wp-content\/uploads\/2023\/12\/410341904_18401967046005002_8585871801247743914_n-500x333.jpg\" alt=\"\" width=\"500\" height=\"333\" srcset=\"https:\/\/revistazetta.com\/wp-content\/uploads\/2023\/12\/410341904_18401967046005002_8585871801247743914_n-500x333.jpg 500w, https:\/\/revistazetta.com\/wp-content\/uploads\/2023\/12\/410341904_18401967046005002_8585871801247743914_n-1024x683.jpg 1024w, https:\/\/revistazetta.com\/wp-content\/uploads\/2023\/12\/410341904_18401967046005002_8585871801247743914_n-243x162.jpg 243w, https:\/\/revistazetta.com\/wp-content\/uploads\/2023\/12\/410341904_18401967046005002_8585871801247743914_n.jpg 1080w\" sizes=\"auto, (max-width: 500px) 100vw, 500px\" \/><\/p>\n<p>La metodolog\u00eda para recolectar la informaci\u00f3n estuvo a cargo de un equipo coordinador, 45 frentes de trabajo, cerca de 110 profesionales delegados, m\u00e1s de 150 mesas y sesiones de trabajo, en promedio 3 sesiones por comisi\u00f3n adem\u00e1s de jornadas virtuales y presenciales de coordinaci\u00f3n.<\/p>\n<p>Durante la entrega del informe se busc\u00f3 que los pares no s\u00f3lo entregaran informaci\u00f3n de tipo contractual, jur\u00eddico, administrativo y financiero, sino que hicieran un ejercicio retrospectivo, propositivo y hasta autocr\u00edtico, de las dificultades, retos y avances de cada una de sus dependencias, lo cual dej\u00f3 entrever no s\u00f3lo unos indicadores positivos de gesti\u00f3n, sino las enormes falencias estructurales que se comparten de manera trasversal.<\/p>\n<p><img loading=\"lazy\" decoding=\"async\" class=\"alignnone size-medium wp-image-52576\" src=\"https:\/\/revistazetta.com\/wp-content\/uploads\/2023\/12\/410285181_18401975959005002_9109394005089540014_n-500x333.jpg\" alt=\"\" width=\"500\" height=\"333\" srcset=\"https:\/\/revistazetta.com\/wp-content\/uploads\/2023\/12\/410285181_18401975959005002_9109394005089540014_n-500x333.jpg 500w, https:\/\/revistazetta.com\/wp-content\/uploads\/2023\/12\/410285181_18401975959005002_9109394005089540014_n-1024x683.jpg 1024w, https:\/\/revistazetta.com\/wp-content\/uploads\/2023\/12\/410285181_18401975959005002_9109394005089540014_n-243x162.jpg 243w, https:\/\/revistazetta.com\/wp-content\/uploads\/2023\/12\/410285181_18401975959005002_9109394005089540014_n.jpg 1080w\" sizes=\"auto, (max-width: 500px) 100vw, 500px\" \/><\/p>\n<p>Por otra parte, de todas las dependencias del Distrito, el Departamento Administrativo de Tr\u00e1nsito y Transporte DATT- es de las que m\u00e1s preocupan. De estructura administrativa quedada en el tiempo, se convirti\u00f3 en un ente que se dedic\u00f3 fue a recaudar multas, cobrar infracciones y embargar cuentas, olvid\u00e1ndose por completo de uno de sus objetivos misionales que es el de regular la movilidad en la ciudad, asunto que la ciudadan\u00eda define como prioridad para intervenir<\/p>\n<p>La gran mayor\u00eda de la informaci\u00f3n recibida corresponde al corte de rendici\u00f3n de cuentas de septiembre 30 de 2023 y que hay obligaciones con la Direcci\u00f3n de Impuestos Nacionales DIAN- por declaraciones de IVA no pagadas- mil ochocientos millones ($1.800.000.000), de pesos, incluidos los intereses de mora.<\/p>\n<p>Teniendo en cuenta todo lo anterior, no est\u00e1 de m\u00e1s advertir sobre la necesidad imperiosa de trabajar en el redise\u00f1o institucional del Distrito, que busca una mayor eficiencia en la gesti\u00f3n p\u00fablica distrital, fortaleciendo la administraci\u00f3n con una institucionalidad innovadora que brinde calidad de vida a sus habitantes y un desarrollo sostenible.<\/p>\n<p><img loading=\"lazy\" decoding=\"async\" class=\"alignnone size-medium wp-image-52578\" src=\"https:\/\/revistazetta.com\/wp-content\/uploads\/2023\/12\/410342698_18401967055005002_6225517543350542066_n-500x333.jpg\" alt=\"\" width=\"500\" height=\"333\" srcset=\"https:\/\/revistazetta.com\/wp-content\/uploads\/2023\/12\/410342698_18401967055005002_6225517543350542066_n-500x333.jpg 500w, https:\/\/revistazetta.com\/wp-content\/uploads\/2023\/12\/410342698_18401967055005002_6225517543350542066_n-1024x683.jpg 1024w, https:\/\/revistazetta.com\/wp-content\/uploads\/2023\/12\/410342698_18401967055005002_6225517543350542066_n-243x162.jpg 243w, https:\/\/revistazetta.com\/wp-content\/uploads\/2023\/12\/410342698_18401967055005002_6225517543350542066_n.jpg 1080w\" sizes=\"auto, (max-width: 500px) 100vw, 500px\" \/><\/p>\n","protected":false},"excerpt":{"rendered":"<p>\u00abNo es cierto que Cartagena est\u00e1 \u201cnadando en plata\u201d. El presupuesto presentado al Concejo de la ciudad, como un gran logro de gobierno, es s\u00f3lo la proyecci\u00f3n de lo que se cree se va a recaudar y a gastar, no es que haya 3,4 billones de pesos f\u00edsicos disponibles\u00bb Cartagena de Indias, 12 de diciembre de 2023.- El informe de la Comisi\u00f3n de Empalme designada por el alcalde electo Dumek Turbay reflej\u00f3 lo que se presagiaba: una administraci\u00f3n postrada, rebosante de mediocridad. En t\u00e9rminos generales, se evidenci\u00f3 que la actual&#8230; <\/p>\n","protected":false},"author":3,"featured_media":52575,"comment_status":"closed","ping_status":"closed","sticky":false,"template":"","format":"standard","meta":{"footnotes":"","_links_to":"","_links_to_target":""},"categories":[1450,4],"tags":[274,191,1852,285,74,298,1909],"class_list":["post-52574","post","type-post","status-publish","format-standard","has-post-thumbnail","hentry","category-parasladers","category-politica","tag-alcaldia-de-cartagena","tag-cartagena-de-indias","tag-comision-de-empalme","tag-destacada","tag-dumek-turbay","tag-politica","tag-unidos-para-avanzar"],"_links":{"self":[{"href":"https:\/\/revistazetta.com\/index.php?rest_route=\/wp\/v2\/posts\/52574","targetHints":{"allow":["GET"]}}],"collection":[{"href":"https:\/\/revistazetta.com\/index.php?rest_route=\/wp\/v2\/posts"}],"about":[{"href":"https:\/\/revistazetta.com\/index.php?rest_route=\/wp\/v2\/types\/post"}],"author":[{"embeddable":true,"href":"https:\/\/revistazetta.com\/index.php?rest_route=\/wp\/v2\/users\/3"}],"replies":[{"embeddable":true,"href":"https:\/\/revistazetta.com\/index.php?rest_route=%2Fwp%2Fv2%2Fcomments&post=52574"}],"version-history":[{"count":0,"href":"https:\/\/revistazetta.com\/index.php?rest_route=\/wp\/v2\/posts\/52574\/revisions"}],"wp:featuredmedia":[{"embeddable":true,"href":"https:\/\/revistazetta.com\/index.php?rest_route=\/wp\/v2\/media\/52575"}],"wp:attachment":[{"href":"https:\/\/revistazetta.com\/index.php?rest_route=%2Fwp%2Fv2%2Fmedia&parent=52574"}],"wp:term":[{"taxonomy":"category","embeddable":true,"href":"https:\/\/revistazetta.com\/index.php?rest_route=%2Fwp%2Fv2%2Fcategories&post=52574"},{"taxonomy":"post_tag","embeddable":true,"href":"https:\/\/revistazetta.com\/index.php?rest_route=%2Fwp%2Fv2%2Ftags&post=52574"}],"curies":[{"name":"wp","href":"https:\/\/api.w.org\/{rel}","templated":true}]}}