{"id":52705,"date":"2023-12-22T10:39:41","date_gmt":"2023-12-22T15:39:41","guid":{"rendered":"https:\/\/revistazetta.com\/?p=52705"},"modified":"2023-12-22T10:39:41","modified_gmt":"2023-12-22T15:39:41","slug":"garcia-tirado-advierte-que-cartagena-queda-en-el-limbo-catastral","status":"publish","type":"post","link":"https:\/\/revistazetta.com\/?p=52705","title":{"rendered":"Garc\u00eda Tirado advierte que Cartagena queda en el \u00ablimbo catastral\u00bb"},"content":{"rendered":"<div class=\"page\" title=\"Page 1\">\n<div class=\"layoutArea\">\n<div class=\"column\">\n<p>Cartagena de Indias, 22 de diciembre de 2023.- El excandidato a la Alcald\u00eda de Cartagena, William Garc\u00eda Tirado, advirti\u00f3 que Cartagena se quedar\u00e1 en el limbo catastral por una inconsistencia del actual gobierno de William Dau.<\/p>\n<p>Explic\u00f3 que el IGAG no podr\u00e1 reasumir tras la criticada gesti\u00f3n de la firma bogotana Go Catastral, a la que se le vence el contrato este 31 de diciembre, puesto que no entreg\u00f3 los instrumentos para hacerlo.<\/p>\n<p>Es decir, se va go Catastral pero el IGAG no puede ejercer la labor, \u00abcon lo que se paralizara todo lo concerniente a certificaciones, planos, licencias de construccion, subdivisiones y correcciones de linderos de predios\u00bb, se\u00f1al\u00f3 Garc\u00eda Tirado.<\/p>\n<p>El dirigente emiti\u00f3 un documento para fijar su posici\u00f3n.<\/p>\n<p><strong>Este es el documento<\/strong> <em><span style=\"color: #0000ff;\">(Nota de la Redacci\u00f3n: est\u00e1 transcrito tal cual lleg\u00f3 a la Redacci\u00f3n, no tiene correcciones de gram\u00e1tica ni estilo, por lo que su lectura podr\u00eda tornarse dificultosa)<\/span><\/em><\/p>\n<p>\u00ab<span style=\"color: #800000;\"><em>El Alcalde Dau, caprichosamente, de manera improvisada, y sin siquiera haberlo contemplado o planeado como accio\u0301n de gobierno en su Plan de Desarrollo, arrebato de las manos del Gestor catastral natural de todo el pai\u0301s; el Instituto Geogra\u0301fico Agusti\u0301n Codazzi IGAC el manejo de la Gestio\u0301n catastral del Distrito de Cartagena; para entrega\u0301rselo repentinamente, como jugoso negocio a sus amigos de Bogota\u0301, la empresa GO CASTASTRAL, que desarrollo dicho convenio con una sarta de irregularidades que poco a poco vienen saliendo a flote y que ya son objeto de investigacio\u0301n por los entes de control; empresa que no va mas, y que deberi\u0301a entregar este 31 de diciembre otra vez al IGAC toda la gestio\u0301n que ejecuto, para que este u\u0301ltimo continu\u0301e como gestor catastral distrital a partir del 1 de enero de 2024.<\/em><\/span><\/p>\n<p><span style=\"color: #800000;\"><em>Pero lo que ya se murmuraba y se temi\u0301a, ocurrio\u0301; el Alcalde Dau mediante Oficio AMC OFI 0193174 2023 SUSPENDIO EL PROCESO DE EMPALME con el IGAC; y en consecuencia deja a la ciudad al cierre de su funcion de circo de 4 an\u0303os; en el pleno limbo juridico catastral; pues no habiendo operador catastral; y no habiendo recibido el IGAC la gestion catastral del distrito; siendo que los tramties de contratacion de uno nuevo podria durar meses; desde el 1 de enero de 2024 Cartagena quedara en un limbo juridico; pues Go catastral que ya termino su convenio este 31 de diciembre no podra prestar ese servicio publico y el IGAC tampoco porque no ha recibido de manos de GO CATASTRAL con lo que se paralizara todo lo concerniente a certificaciones, planos, licencias de construccion, subdivisiones y correcciones de linderos de predios; amen a que los avaluos catastrales base para la liquidacion del impuesto predial unificado IPU debe basarse en la Base que da al distrito el gestor catastral oficial y si no lo hay? Como se liquidaran los prediales? Sera un caos; y mientras tanto los organismos de control cruzados de brazos como lo han pasado estos ultimos 4 an\u0303os frente al estado de ingobernabilidad y descontrol en que se deja sumida a la ciudad.<\/em><\/span><\/p>\n<p><span style=\"color: #800000;\"><em>Los empalmes no son una extravagancia que se hace o no se hace segu\u0301n el antojo del mandatario o el estado de la luna; no; es una obligacion legal con connotaciones disciplinarias que debe y tiene que hacerse para no afectar la continuidad en la prestacion del servicio publico de la Gestion catastral, y consecuencia de que no se este haciendo, estamos en el limbo en materia catastral. Dios nos ampare.<\/em><\/span><\/p>\n<p><span style=\"color: #800000;\"><em>Esta grave situacion catastral negligente, previsible, evitable, injustificada y disciplinable, en que se deja al distrito, avoca a la nueva administracion a que corresponde una declaratoria de emergencia economica y social que permita de manera inmediata poder garantizar a los cartageneros la continuidad del servicio publico de gestion catastral y no se vea interrumpido.<\/em><\/span><\/p>\n<p><span style=\"color: #800000;\"><em>Si es del caso, ampliare ante la Procuraduria, la Contraloria inclusive de la Fiscalia Gral. De la nacion y especialmente de la Superintendencia de Notariado y Registro, que vigila tales actividades, a fin de tomen cartas en el asunto y profieran las sanciones a que haya lugar.<\/em><\/span><\/p>\n<p><span style=\"color: #800000;\"><em>William Garci\u0301a Tirado Diciembre 21 de 2023<\/em><\/span><\/p>\n<\/div>\n<\/div>\n<\/div>\n","protected":false},"excerpt":{"rendered":"<p>Cartagena de Indias, 22 de diciembre de 2023.- El excandidato a la Alcald\u00eda de Cartagena, William Garc\u00eda Tirado, advirti\u00f3 que Cartagena se quedar\u00e1 en el limbo catastral por una inconsistencia del actual gobierno de William Dau. Explic\u00f3 que el IGAG no podr\u00e1 reasumir tras la criticada gesti\u00f3n de la firma bogotana Go Catastral, a la que se le vence el contrato este 31 de diciembre, puesto que no entreg\u00f3 los instrumentos para hacerlo. Es decir, se va go Catastral pero el IGAG no puede ejercer la labor, \u00abcon lo que&#8230; <\/p>\n","protected":false},"author":3,"featured_media":52708,"comment_status":"closed","ping_status":"closed","sticky":false,"template":"","format":"standard","meta":{"footnotes":"","_links_to":"","_links_to_target":""},"categories":[1450,4],"tags":[285,298,431,127],"class_list":["post-52705","post","type-post","status-publish","format-standard","has-post-thumbnail","hentry","category-parasladers","category-politica","tag-destacada","tag-politica","tag-william-dau","tag-william-garcia-tirado"],"_links":{"self":[{"href":"https:\/\/revistazetta.com\/index.php?rest_route=\/wp\/v2\/posts\/52705","targetHints":{"allow":["GET"]}}],"collection":[{"href":"https:\/\/revistazetta.com\/index.php?rest_route=\/wp\/v2\/posts"}],"about":[{"href":"https:\/\/revistazetta.com\/index.php?rest_route=\/wp\/v2\/types\/post"}],"author":[{"embeddable":true,"href":"https:\/\/revistazetta.com\/index.php?rest_route=\/wp\/v2\/users\/3"}],"replies":[{"embeddable":true,"href":"https:\/\/revistazetta.com\/index.php?rest_route=%2Fwp%2Fv2%2Fcomments&post=52705"}],"version-history":[{"count":0,"href":"https:\/\/revistazetta.com\/index.php?rest_route=\/wp\/v2\/posts\/52705\/revisions"}],"wp:featuredmedia":[{"embeddable":true,"href":"https:\/\/revistazetta.com\/index.php?rest_route=\/wp\/v2\/media\/52708"}],"wp:attachment":[{"href":"https:\/\/revistazetta.com\/index.php?rest_route=%2Fwp%2Fv2%2Fmedia&parent=52705"}],"wp:term":[{"taxonomy":"category","embeddable":true,"href":"https:\/\/revistazetta.com\/index.php?rest_route=%2Fwp%2Fv2%2Fcategories&post=52705"},{"taxonomy":"post_tag","embeddable":true,"href":"https:\/\/revistazetta.com\/index.php?rest_route=%2Fwp%2Fv2%2Ftags&post=52705"}],"curies":[{"name":"wp","href":"https:\/\/api.w.org\/{rel}","templated":true}]}}