{"id":52706,"date":"2023-12-22T10:38:13","date_gmt":"2023-12-22T15:38:13","guid":{"rendered":"https:\/\/revistazetta.com\/?p=52706"},"modified":"2023-12-22T12:26:50","modified_gmt":"2023-12-22T17:26:50","slug":"el-inexplicable-caso-del-feroz-abogado-de-campana-designado-en-el-gabinete-del-bolivar-mejor-analisis-de-john-zamora","status":"publish","type":"post","link":"https:\/\/revistazetta.com\/?p=52706","title":{"rendered":"El inexplicable caso del feroz abogado de campa\u00f1a que Yamil design\u00f3 en su gabinete &#8211; An\u00e1lisis de John Zamora"},"content":{"rendered":"<p><b><span style=\"color: #0000ff;\">Por John Zamora (Director de Revista Zetta).-<\/span> Cartagena de Indias, 22 de diciembre de 2024.-<\/b> El gabinete del gobernador electo Yamil Arana en su mayor\u00eda ha mostrado mujeres j\u00f3venes con interesante hoja de vida, lo que le da un perfil renovador y din\u00e1mico, lo que evidencia el deseo de conformar un equipo de alto nivel y que entregue resultados.<\/p>\n<p>Por ejemplo, un acierto traer a Icultur a una mujer que se la jug\u00f3 toda por el Festival de Cine de Cartagena por 16 a\u00f1os, como Lina Rodr\u00edguez. En la lista est\u00e1n Juliana Solano Char, secretaria general; Silvana Puello, gerente de Desarrollo Social; \u00c1ngela L\u00f3pez, gerente de Proyectos Estrat\u00e9gicos; Roxana L\u00f3pez, gerente de Competitividad, y Nohora Merdado Caruso, en TIC, todas ellas con un \u201ccheque en blanco\u201d para que lo llenen de logros para el Bol\u00edvar Mejor.<\/p>\n<p>En esos primeros anuncios el \u00fanico \u201cbemol\u201d fue el desconcertante trino de Ang\u00e9lica Villalba, secretaria de Desarrollo Econ\u00f3mico, quej\u00e1ndose porque a alguien se le ocurri\u00f3 felicitarla a las 5.15 a.m., lo que no pasa de ser anecd\u00f3tico y dejarle una buena moraleja a la novel funcionaria para que se \u201caconducte\u201d.<\/p>\n<p>En cuanto a los caballeros, no sorprendi\u00f3 la cuota al Pacto Hist\u00f3rico con L\u00edner Campo como secretario de La Igualdad, y Juan Carlos Fern\u00e1ndez, como secretario de Salud. Hasta ah\u00ed todo dentro del nivel que se esperaba del nuevo gobernador.<\/p>\n<p>Pero lo que parti\u00f3 todos los cristales fue el \u201cpe\u00f1\u00f3n\u201d de traer a Javier Doria como secretario del Interior. Un verdadero \u201cpalo\u201d, una sorpresa.<\/p>\n<p>En los 23 a\u00f1os de Revista Zetta, con los peri\u00f3dicos an\u00e1lisis que presentamos sobre la coyuntura pol\u00edtica, primera vez que estamos frente a un caso al que no le encontramos explicaci\u00f3n. \u00bfQu\u00e9 motivar\u00eda al gobernador Arana a sacar del sombrero a este conejo m\u00e1gico?<\/p>\n<p>Examinemos su perfil pol\u00edtico y profesional a ver si le encontramos una l\u00ednea l\u00f3gica:<\/p>\n<p>Lo m\u00e1s reciente es que Doria aspir\u00f3 a la Alcald\u00eda de Cartagena, no lleg\u00f3 ni a 2 mil votos, abdic\u00f3 para respaldar a Judith Pinedo y se dedic\u00f3 a lanzar furibundos ataques a Dumek Turbay, con un discurso anti-clase pol\u00edtica y referencias al\u00e9rgicas a Yamil Arana, por quien no vot\u00f3.<\/p>\n<p>De suerte que no se atisba una l\u00ednea pol\u00edtica que lo conecte al nuevo gobernante, y que explique porqu\u00e9 se le entrega tan importante secretar\u00eda a alguien que qued\u00f3 en moribundo estado pol\u00edtico fruto de su temeridad electorera.<\/p>\n<p>Ese elemento en la primera fila del gobierno departamental no deja de ser una piedra en el zapato de las -hasta ahora- arm\u00f3nicas relaciones entre Arana y el alcalde Dumek Turbay, v\u00edctima de la feroz persecuci\u00f3n de Doria.<\/p>\n<p>En pol\u00edtica la cortes\u00eda es una noci\u00f3n muy subjetiva, no necesariamente rec\u00edproca, pero es un hecho que el alcalde Dumek incluy\u00f3 en la composici\u00f3n de su gabinete a Camila Salas, hermana de Ang\u00e9lica Salas, esposa del gobernador electo Yamil Arana.<\/p>\n<p>En lo profesional, habr\u00eda que ver si el prestigio legal de Doria qued\u00f3 en \u201ccapitis deminutio\u201d por sus repetidos reveses en la campa\u00f1a anti-Dumek, m\u00e1xime siendo especialista en Derecho Electoral, o si solo fue una percepci\u00f3n que en nada afect\u00f3 la solicitud de sus servicios.<\/p>\n<p>Si bien alcalde y gobernador son aut\u00f3nomos y cada cual tiene su propia din\u00e1mica pol\u00edtica, la llegada de Doria al gabinete de Arana tendr\u00e1 que tener una explicaci\u00f3n, alguna explicaci\u00f3n, una m\u00ednima explicaci\u00f3n, alg\u00fan pilar que lo sostenga y nos saque del asombro.<\/p>\n<p>A t\u00edtulo de teor\u00eda, podr\u00edamos tejer la siguiente: Doria tuvo un \u201capag\u00f3n\u201d electoral, y sus nuevas responsabilidades departamentales lo retornar\u00e1n a la lucidez que le distingui\u00f3 antes, y el gobernador Arana env\u00eda un mensaje de apertura para se\u00f1alar que en el Bol\u00edvar Mejor las puertas est\u00e1n abiertas para quien quiera trabajar. Y el alcalde Dumek puede estar tranquilo, pues el abogado deber\u00e1 canalizar toda su ferocidad para enfrentar los retos del cargo, y dejarse de andar persigui\u00e9ndolo en estrados. \u00bfConvence o no convence esta teor\u00eda?<\/p>\n","protected":false},"excerpt":{"rendered":"<p>Por John Zamora (Director de Revista Zetta).- Cartagena de Indias, 22 de diciembre de 2024.- El gabinete del gobernador electo Yamil Arana en su mayor\u00eda ha mostrado mujeres j\u00f3venes con interesante hoja de vida, lo que le da un perfil renovador y din\u00e1mico, lo que evidencia el deseo de conformar un equipo de alto nivel y que entregue resultados. Por ejemplo, un acierto traer a Icultur a una mujer que se la jug\u00f3 toda por el Festival de Cine de Cartagena por 16 a\u00f1os, como Lina Rodr\u00edguez. En la lista&#8230; <\/p>\n","protected":false},"author":3,"featured_media":52707,"comment_status":"closed","ping_status":"closed","sticky":false,"template":"","format":"standard","meta":{"footnotes":"","_links_to":"","_links_to_target":""},"categories":[1450,66,44],"tags":[314,285,74,1400,288,583],"class_list":["post-52706","post","type-post","status-publish","format-standard","has-post-thumbnail","hentry","category-parasladers","category-analisis","category-materiagris","tag-analisis","tag-destacada","tag-dumek-turbay","tag-javier-doria","tag-materia-gris","tag-yamil-arana"],"_links":{"self":[{"href":"https:\/\/revistazetta.com\/index.php?rest_route=\/wp\/v2\/posts\/52706","targetHints":{"allow":["GET"]}}],"collection":[{"href":"https:\/\/revistazetta.com\/index.php?rest_route=\/wp\/v2\/posts"}],"about":[{"href":"https:\/\/revistazetta.com\/index.php?rest_route=\/wp\/v2\/types\/post"}],"author":[{"embeddable":true,"href":"https:\/\/revistazetta.com\/index.php?rest_route=\/wp\/v2\/users\/3"}],"replies":[{"embeddable":true,"href":"https:\/\/revistazetta.com\/index.php?rest_route=%2Fwp%2Fv2%2Fcomments&post=52706"}],"version-history":[{"count":0,"href":"https:\/\/revistazetta.com\/index.php?rest_route=\/wp\/v2\/posts\/52706\/revisions"}],"wp:featuredmedia":[{"embeddable":true,"href":"https:\/\/revistazetta.com\/index.php?rest_route=\/wp\/v2\/media\/52707"}],"wp:attachment":[{"href":"https:\/\/revistazetta.com\/index.php?rest_route=%2Fwp%2Fv2%2Fmedia&parent=52706"}],"wp:term":[{"taxonomy":"category","embeddable":true,"href":"https:\/\/revistazetta.com\/index.php?rest_route=%2Fwp%2Fv2%2Fcategories&post=52706"},{"taxonomy":"post_tag","embeddable":true,"href":"https:\/\/revistazetta.com\/index.php?rest_route=%2Fwp%2Fv2%2Ftags&post=52706"}],"curies":[{"name":"wp","href":"https:\/\/api.w.org\/{rel}","templated":true}]}}