{"id":52710,"date":"2023-12-22T14:37:29","date_gmt":"2023-12-22T19:37:29","guid":{"rendered":"https:\/\/revistazetta.com\/?p=52710"},"modified":"2023-12-22T14:37:29","modified_gmt":"2023-12-22T19:37:29","slug":"vicente-blel-entrego-baston-de-mando-a-yamil-arana-para-un-bolivar-mejor","status":"publish","type":"post","link":"https:\/\/revistazetta.com\/?p=52710","title":{"rendered":"Vicente Blel entreg\u00f3 Bast\u00f3n de Mando a Yamil Arana para un Bol\u00edvar Mejor"},"content":{"rendered":"<p><strong>Cartagena de Indias, 22 de diciembre de 2023.-\u00a0<\/strong>M\u00e1s que una ceremonia con caracter\u00edsticas protocolarias, lo efectuado en la capilla principal de la catedral Santa Catalina de Alejandr\u00eda se convirti\u00f3 en un sentir de perspetivas e intenciones por continuar con el trabajo arduo y comprometido en pro del departamento y desde luego por seguir con proyectos de impulso y competitividad a favor del territorio.<\/p>\n<p><img loading=\"lazy\" decoding=\"async\" class=\"alignnone size-medium wp-image-52711\" src=\"https:\/\/revistazetta.com\/wp-content\/uploads\/2023\/12\/413857993_18402212008063276_4388940432915494918_n-497x333.jpg\" alt=\"\" width=\"497\" height=\"333\" srcset=\"https:\/\/revistazetta.com\/wp-content\/uploads\/2023\/12\/413857993_18402212008063276_4388940432915494918_n-497x333.jpg 497w, https:\/\/revistazetta.com\/wp-content\/uploads\/2023\/12\/413857993_18402212008063276_4388940432915494918_n-1024x686.jpg 1024w, https:\/\/revistazetta.com\/wp-content\/uploads\/2023\/12\/413857993_18402212008063276_4388940432915494918_n-242x162.jpg 242w, https:\/\/revistazetta.com\/wp-content\/uploads\/2023\/12\/413857993_18402212008063276_4388940432915494918_n.jpg 1080w\" sizes=\"auto, (max-width: 497px) 100vw, 497px\" \/><\/p>\n<p>\u00abHoy me siento complacido por que este &#8216;Bol\u00edvar Primero&#8217; le cumpli\u00f3 a la comunidad, muy a pesar de las vicisitudes propias de la pandemia y de las dificultades que siempre se dan en estas rutas. En este momento con alegr\u00eda y la bendici\u00f3n de Dios, hago efectiva la transmisi\u00f3n de mando al gobernador entrante de Bol\u00edvar, Yamil Arana Padau\u00ed, no solamente como dirigente pol\u00edtico, si no, a como al gran ser humano que es, con la convicci\u00f3n de que el departamento permanecer\u00e1 en la consigna de prosperar y de hacer una regi\u00f3n mejor\u00bb, exterioriz\u00f3 el gobernador Blel Scaff.<\/p>\n<p><img loading=\"lazy\" decoding=\"async\" class=\"alignnone size-medium wp-image-52719\" src=\"https:\/\/revistazetta.com\/wp-content\/uploads\/2023\/12\/WhatsApp-Image-2023-12-22-at-13.03.30-500x333.jpeg\" alt=\"\" width=\"500\" height=\"333\" srcset=\"https:\/\/revistazetta.com\/wp-content\/uploads\/2023\/12\/WhatsApp-Image-2023-12-22-at-13.03.30-500x333.jpeg 500w, https:\/\/revistazetta.com\/wp-content\/uploads\/2023\/12\/WhatsApp-Image-2023-12-22-at-13.03.30-1024x684.jpeg 1024w, https:\/\/revistazetta.com\/wp-content\/uploads\/2023\/12\/WhatsApp-Image-2023-12-22-at-13.03.30-243x162.jpeg 243w, https:\/\/revistazetta.com\/wp-content\/uploads\/2023\/12\/WhatsApp-Image-2023-12-22-at-13.03.30-1536x1026.jpeg 1536w, https:\/\/revistazetta.com\/wp-content\/uploads\/2023\/12\/WhatsApp-Image-2023-12-22-at-13.03.30-2048x1368.jpeg 2048w\" sizes=\"auto, (max-width: 500px) 100vw, 500px\" \/><\/p>\n<p>En orden protocolorio el gobernador Vicente Blel, condecor\u00f3 con la medalla al Orden Rafael N\u00fa\u00f1ez al mandatario electo de Bol\u00edvar, Yamil Hernando Arana Padau\u00ed y al esquema de seguridad policial que le acompa\u00f1\u00f3 en estos cuatro a\u00f1os.<\/p>\n<p><img loading=\"lazy\" decoding=\"async\" class=\"alignnone size-medium wp-image-52713\" src=\"https:\/\/revistazetta.com\/wp-content\/uploads\/2023\/12\/413982318_18402212056063276_275838313051387666_n-500x333.jpg\" alt=\"\" width=\"500\" height=\"333\" srcset=\"https:\/\/revistazetta.com\/wp-content\/uploads\/2023\/12\/413982318_18402212056063276_275838313051387666_n-500x333.jpg 500w, https:\/\/revistazetta.com\/wp-content\/uploads\/2023\/12\/413982318_18402212056063276_275838313051387666_n-243x162.jpg 243w, https:\/\/revistazetta.com\/wp-content\/uploads\/2023\/12\/413982318_18402212056063276_275838313051387666_n.jpg 682w\" sizes=\"auto, (max-width: 500px) 100vw, 500px\" \/><\/p>\n<p>En contexto, el gobernante entrante ya con el bast\u00f3n de mando y la banda, anunci\u00f3 su satisfacci\u00f3n por la continuidad en seguir por la buena senda del compromiso y la responsabilidad que se tiene con el departamento.<\/p>\n<p><img loading=\"lazy\" decoding=\"async\" class=\"alignnone size-medium wp-image-52715\" src=\"https:\/\/revistazetta.com\/wp-content\/uploads\/2023\/12\/414040575_18402212077063276_4579171997674759165_n-498x333.jpg\" alt=\"\" width=\"498\" height=\"333\" srcset=\"https:\/\/revistazetta.com\/wp-content\/uploads\/2023\/12\/414040575_18402212077063276_4579171997674759165_n-498x333.jpg 498w, https:\/\/revistazetta.com\/wp-content\/uploads\/2023\/12\/414040575_18402212077063276_4579171997674759165_n-242x162.jpg 242w, https:\/\/revistazetta.com\/wp-content\/uploads\/2023\/12\/414040575_18402212077063276_4579171997674759165_n.jpg 684w\" sizes=\"auto, (max-width: 498px) 100vw, 498px\" \/><\/p>\n<p>\u00abLas grandes transformaciones seguir\u00e1n, siempre con mejores oportunidades y condiciones y seguros que trabajararemos con el coraz\u00f3n para que Bol\u00edvar sea Mejor\u00bb, asegur\u00f3 Arana Padau\u00ed.<\/p>\n<p><img loading=\"lazy\" decoding=\"async\" class=\"alignnone size-medium wp-image-52717\" src=\"https:\/\/revistazetta.com\/wp-content\/uploads\/2023\/12\/WhatsApp-Image-2023-12-22-at-13.03.29-498x333.jpeg\" alt=\"\" width=\"498\" height=\"333\" srcset=\"https:\/\/revistazetta.com\/wp-content\/uploads\/2023\/12\/WhatsApp-Image-2023-12-22-at-13.03.29-498x333.jpeg 498w, https:\/\/revistazetta.com\/wp-content\/uploads\/2023\/12\/WhatsApp-Image-2023-12-22-at-13.03.29-1024x684.jpeg 1024w, https:\/\/revistazetta.com\/wp-content\/uploads\/2023\/12\/WhatsApp-Image-2023-12-22-at-13.03.29-243x162.jpeg 243w, https:\/\/revistazetta.com\/wp-content\/uploads\/2023\/12\/WhatsApp-Image-2023-12-22-at-13.03.29-1536x1026.jpeg 1536w, https:\/\/revistazetta.com\/wp-content\/uploads\/2023\/12\/WhatsApp-Image-2023-12-22-at-13.03.29-2048x1368.jpeg 2048w\" sizes=\"auto, (max-width: 498px) 100vw, 498px\" \/><\/p>\n<p>Iniciando con una solemne eucarist\u00eda acaecida en la catedral de Santa Catalina de Alejandr\u00eda, los equipos de gobierno saliente y entrante en compa\u00f1\u00eda de Vicente Blel Scaff, gobernador de Bol\u00edvar y Yamil Arana Padau\u00ed, mandatario electo del departamento, agradecieron ante el Padre Celestial las acciones adelantadas en el territorio durante estos \u00faltimos 4 a\u00f1os y por las proyecciones que se vienen para mejorar la productividad y el progreso bolivarense.<\/p>\n<p><img loading=\"lazy\" decoding=\"async\" class=\"alignnone size-medium wp-image-52712\" src=\"https:\/\/revistazetta.com\/wp-content\/uploads\/2023\/12\/413939551_18402212050063276_9059257852793525274_n-500x333.jpg\" alt=\"\" width=\"500\" height=\"333\" srcset=\"https:\/\/revistazetta.com\/wp-content\/uploads\/2023\/12\/413939551_18402212050063276_9059257852793525274_n-500x333.jpg 500w, https:\/\/revistazetta.com\/wp-content\/uploads\/2023\/12\/413939551_18402212050063276_9059257852793525274_n-243x162.jpg 243w, https:\/\/revistazetta.com\/wp-content\/uploads\/2023\/12\/413939551_18402212050063276_9059257852793525274_n.jpg 682w\" sizes=\"auto, (max-width: 500px) 100vw, 500px\" \/> \u00a0 \u00a0<img loading=\"lazy\" decoding=\"async\" class=\"alignnone size-medium wp-image-52716\" src=\"https:\/\/revistazetta.com\/wp-content\/uploads\/2023\/12\/WhatsApp-Image-2023-12-22-at-13.03.29-2-500x333.jpeg\" alt=\"\" width=\"500\" height=\"333\" srcset=\"https:\/\/revistazetta.com\/wp-content\/uploads\/2023\/12\/WhatsApp-Image-2023-12-22-at-13.03.29-2-500x333.jpeg 500w, https:\/\/revistazetta.com\/wp-content\/uploads\/2023\/12\/WhatsApp-Image-2023-12-22-at-13.03.29-2-1024x684.jpeg 1024w, https:\/\/revistazetta.com\/wp-content\/uploads\/2023\/12\/WhatsApp-Image-2023-12-22-at-13.03.29-2-243x162.jpeg 243w, https:\/\/revistazetta.com\/wp-content\/uploads\/2023\/12\/WhatsApp-Image-2023-12-22-at-13.03.29-2-1536x1026.jpeg 1536w, https:\/\/revistazetta.com\/wp-content\/uploads\/2023\/12\/WhatsApp-Image-2023-12-22-at-13.03.29-2-2048x1368.jpeg 2048w\" sizes=\"auto, (max-width: 500px) 100vw, 500px\" \/> \u00a0<img loading=\"lazy\" decoding=\"async\" class=\"alignnone size-medium wp-image-52718\" src=\"https:\/\/revistazetta.com\/wp-content\/uploads\/2023\/12\/WhatsApp-Image-2023-12-22-at-13.03.30-1-500x333.jpeg\" alt=\"\" width=\"500\" height=\"333\" srcset=\"https:\/\/revistazetta.com\/wp-content\/uploads\/2023\/12\/WhatsApp-Image-2023-12-22-at-13.03.30-1-500x333.jpeg 500w, https:\/\/revistazetta.com\/wp-content\/uploads\/2023\/12\/WhatsApp-Image-2023-12-22-at-13.03.30-1-1024x683.jpeg 1024w, https:\/\/revistazetta.com\/wp-content\/uploads\/2023\/12\/WhatsApp-Image-2023-12-22-at-13.03.30-1-243x162.jpeg 243w, https:\/\/revistazetta.com\/wp-content\/uploads\/2023\/12\/WhatsApp-Image-2023-12-22-at-13.03.30-1-1536x1025.jpeg 1536w, https:\/\/revistazetta.com\/wp-content\/uploads\/2023\/12\/WhatsApp-Image-2023-12-22-at-13.03.30-1-2048x1366.jpeg 2048w\" sizes=\"auto, (max-width: 500px) 100vw, 500px\" \/> \u00a0<img loading=\"lazy\" decoding=\"async\" class=\"alignnone size-medium wp-image-52720\" src=\"https:\/\/revistazetta.com\/wp-content\/uploads\/2023\/12\/WhatsApp-Image-2023-12-22-at-13.03.31-500x333.jpeg\" alt=\"\" width=\"500\" height=\"333\" srcset=\"https:\/\/revistazetta.com\/wp-content\/uploads\/2023\/12\/WhatsApp-Image-2023-12-22-at-13.03.31-500x333.jpeg 500w, https:\/\/revistazetta.com\/wp-content\/uploads\/2023\/12\/WhatsApp-Image-2023-12-22-at-13.03.31-1024x683.jpeg 1024w, https:\/\/revistazetta.com\/wp-content\/uploads\/2023\/12\/WhatsApp-Image-2023-12-22-at-13.03.31-243x162.jpeg 243w, https:\/\/revistazetta.com\/wp-content\/uploads\/2023\/12\/WhatsApp-Image-2023-12-22-at-13.03.31-1536x1024.jpeg 1536w, https:\/\/revistazetta.com\/wp-content\/uploads\/2023\/12\/WhatsApp-Image-2023-12-22-at-13.03.31-2048x1366.jpeg 2048w\" sizes=\"auto, (max-width: 500px) 100vw, 500px\" \/><\/p>\n<p>&nbsp;<\/p>\n","protected":false},"excerpt":{"rendered":"<p>Cartagena de Indias, 22 de diciembre de 2023.-\u00a0M\u00e1s que una ceremonia con caracter\u00edsticas protocolarias, lo efectuado en la capilla principal de la catedral Santa Catalina de Alejandr\u00eda se convirti\u00f3 en un sentir de perspetivas e intenciones por continuar con el trabajo arduo y comprometido en pro del departamento y desde luego por seguir con proyectos de impulso y competitividad a favor del territorio. \u00abHoy me siento complacido por que este &#8216;Bol\u00edvar Primero&#8217; le cumpli\u00f3 a la comunidad, muy a pesar de las vicisitudes propias de la pandemia y de las&#8230; <\/p>\n","protected":false},"author":3,"featured_media":52721,"comment_status":"closed","ping_status":"closed","sticky":false,"template":"","format":"standard","meta":{"footnotes":"","_links_to":"","_links_to_target":""},"categories":[1450,33,80],"tags":[73,285,300,164,583],"class_list":["post-52710","post","type-post","status-publish","format-standard","has-post-thumbnail","hentry","category-parasladers","category-actualidad-bolivar","category-region","tag-bolivar","tag-destacada","tag-region","tag-vicente-blel","tag-yamil-arana"],"_links":{"self":[{"href":"https:\/\/revistazetta.com\/index.php?rest_route=\/wp\/v2\/posts\/52710","targetHints":{"allow":["GET"]}}],"collection":[{"href":"https:\/\/revistazetta.com\/index.php?rest_route=\/wp\/v2\/posts"}],"about":[{"href":"https:\/\/revistazetta.com\/index.php?rest_route=\/wp\/v2\/types\/post"}],"author":[{"embeddable":true,"href":"https:\/\/revistazetta.com\/index.php?rest_route=\/wp\/v2\/users\/3"}],"replies":[{"embeddable":true,"href":"https:\/\/revistazetta.com\/index.php?rest_route=%2Fwp%2Fv2%2Fcomments&post=52710"}],"version-history":[{"count":0,"href":"https:\/\/revistazetta.com\/index.php?rest_route=\/wp\/v2\/posts\/52710\/revisions"}],"wp:featuredmedia":[{"embeddable":true,"href":"https:\/\/revistazetta.com\/index.php?rest_route=\/wp\/v2\/media\/52721"}],"wp:attachment":[{"href":"https:\/\/revistazetta.com\/index.php?rest_route=%2Fwp%2Fv2%2Fmedia&parent=52710"}],"wp:term":[{"taxonomy":"category","embeddable":true,"href":"https:\/\/revistazetta.com\/index.php?rest_route=%2Fwp%2Fv2%2Fcategories&post=52710"},{"taxonomy":"post_tag","embeddable":true,"href":"https:\/\/revistazetta.com\/index.php?rest_route=%2Fwp%2Fv2%2Ftags&post=52710"}],"curies":[{"name":"wp","href":"https:\/\/api.w.org\/{rel}","templated":true}]}}