{"id":52724,"date":"2023-12-26T04:29:05","date_gmt":"2023-12-26T09:29:05","guid":{"rendered":"https:\/\/revistazetta.com\/?p=52724"},"modified":"2023-12-26T05:21:55","modified_gmt":"2023-12-26T10:21:55","slug":"la-heroica-recuperara-su-brillo-y-esplendor-dumek-turbay","status":"publish","type":"post","link":"https:\/\/revistazetta.com\/?p=52724","title":{"rendered":"\u201cLa Heroica recuperar\u00e1 su brillo y esplendor\u201d: Dumek Turbay"},"content":{"rendered":"<p style=\"padding-left: 40px;\"><span style=\"color: #0000ff;\"><strong><em><span class=\"OYPEnA text-decoration-none text-strikethrough-none\">Reacci\u00f3n del alcalde electo ante nuevo caso de abuso a turistas: le cobraron $22 millones a una canadiense por un paseo en coche.<\/span><\/em><\/strong><\/span><\/p>\n<p><strong>Cartagena de Indias, 26 de diciembre de 2023.-<\/strong> El regreso de la autoridad y un trabajo articulado con otras autoridades ser\u00e1n determinantes para que el turismo en Cartagena salga del marasmo en que la tienen sumida los abusos y la falta de liderazgo sectorial.<\/p>\n<p>El alcalde Dumek Turbay Paz, que se posesiona este 1 de enero, anunci\u00f3 un \u00ab<span class=\"css-1qaijid r-bcqeeo r-qvutc0 r-poiln3\">Plan Turismo Sostenible Cartagena 2033&#8243;, que busca promover un turismo incluyente y responsable, y se\u00f1al\u00f3 claramente que \u00abLa Heroica recuperar\u00e1 su brillo y esplendor\u00bb.<\/span><\/p>\n<p>Tras conocerse un nuevo caso de abuso en que result\u00f3 afectada una turista canadiense al ser estafada con el cobro de $22 millones por un paseo en coche, el alcalde electo public\u00f3 esto en sus redes sociales:<\/p>\n<p style=\"padding-left: 40px;\"><span style=\"color: #0000ff;\"><em><span class=\"css-1qaijid r-bcqeeo r-qvutc0 r-poiln3\">\u00ab<\/span><span class=\"r-18u37iz\"><a class=\"css-1qaijid r-bcqeeo r-qvutc0 r-poiln3 r-1loqt21\" dir=\"ltr\" style=\"color: #0000ff;\" role=\"link\" href=\"https:\/\/twitter.com\/hashtag\/Cartagena?src=hashtag_click\" target=\"_blank\" rel=\"noopener\">#Cartagena<\/a><\/span><span class=\"css-1qaijid r-bcqeeo r-qvutc0 r-poiln3\"> es noticia nacional por lo de siempre, abusos al turista, caballos cocheros, excesos. La conclusi\u00f3n: Est\u00e1n matando la gallina de los huevos de oro. El nuestro es un problema estructural, que pasa por lo social, cultural y econ\u00f3mico, y que demanda medidas de intervenci\u00f3n integrales\u00bb.<\/span><\/em><\/span><\/p>\n<p>El alcalde tambi\u00e9n pidi\u00f3 la solidaridad del presidente Petro, \u00abque quiere sustituir la econom\u00eda extractivista por la industria del turismo, le ofrecemos como piloto el Plan Turismo Sostenible Cartagena 2033, que busca promover un turismo incluyente y responsable. Pero no podemos solos, ser la vitrina tur\u00edstica de Colombia requiere atenci\u00f3n, y el gobierno que liderar\u00e9 a partir del 1 de enero trabajar\u00e1 24\/7 por su rescate, recuperaci\u00f3n, promoci\u00f3n y gesti\u00f3n. La Heroica recuperar\u00e1 su brillo y esplendor\u00bb.<\/p>\n<p>Uno de los comentarios a la reacci\u00f3n del alcalde lo suscribi\u00f3 el empresario del turismo\u00a0<span class=\"css-1qaijid r-dnmrzs r-1udh08x r-3s2u2q r-bcqeeo r-qvutc0 r-poiln3\"><span class=\"css-1qaijid r-bcqeeo r-qvutc0 r-poiln3\">Rodrigo Maldonado D, quien en su cuenta <\/span><\/span>@RMaldonadoDaza expres\u00f3:<\/p>\n<div class=\"css-175oi2r r-18u37iz\">\n<div class=\"css-175oi2r r-1iusvr4 r-16y2uox r-1777fci\">\n<div class=\"css-175oi2r r-zl2h9q\">\n<div class=\"css-175oi2r r-k4xj1c r-18u37iz r-1wtj0ep\">\n<div class=\"css-175oi2r r-1jkjb\">\n<div class=\"css-175oi2r r-1awozwy r-18u37iz r-1cmwbt1 r-1wtj0ep\">\n<div class=\"css-175oi2r r-1awozwy r-6koalj r-18u37iz\">\n<div class=\"css-175oi2r\"><\/div>\n<\/div>\n<\/div>\n<\/div>\n<\/div>\n<\/div>\n<\/div>\n<\/div>\n<div class=\"css-175oi2r\">\n<div class=\"css-175oi2r\">\n<div class=\"css-175oi2r r-1s2bzr4\">\n<div id=\"id__g9zm6ir4uet\" class=\"css-1rynq56 r-bcqeeo r-qvutc0 r-37j5jr r-1inkyih r-16dba41 r-bnwqim r-135wba7\" dir=\"auto\" lang=\"es\" style=\"padding-left: 40px;\" data-testid=\"tweetText\"><em><span class=\"css-1qaijid r-bcqeeo r-qvutc0 r-poiln3\" style=\"color: #0000ff;\">Alcalde, el problema de prestadores de servicios turismos es m\u00e1s estructural, existe una reglamentaci\u00f3n (RNT) sin mayores requisitos y certificaciones para su habilitaci\u00f3n, mala calidad, falta de respaldo financiero y garant\u00edas ante el incumplimiento al turistas.<\/span><\/em><\/div>\n<\/div>\n<\/div>\n<\/div>\n<div dir=\"auto\" lang=\"es\" data-testid=\"tweetText\"><\/div>\n<div dir=\"auto\" lang=\"es\" data-testid=\"tweetText\">El alcalde Dumek resalt\u00f3 la importancia de contar con apoyo del gobierno nacional:<\/div>\n<div dir=\"auto\" lang=\"es\" style=\"padding-left: 40px;\" data-testid=\"tweetText\"><span style=\"color: #0000ff;\"><em><span class=\"css-1qaijid r-bcqeeo r-qvutc0 r-poiln3\">\u00abYa nos reunimos con el <a class=\"css-1qaijid r-bcqeeo r-qvutc0 r-poiln3 r-1loqt21\" dir=\"ltr\" style=\"color: #0000ff;\" role=\"link\" href=\"https:\/\/twitter.com\/MincomercioCo\" target=\"_blank\" rel=\"noopener\">@MincomercioCo<\/a><\/span><span class=\"css-1qaijid r-bcqeeo r-qvutc0 r-poiln3\">\u00a0 y vamos a trabajar la estrategia de manera conjunta. La excesiva centralizaci\u00f3n hace que para intervenir en el territorio compartamos competencias como con 6 entidades del orden nacional. Tenemos que articularnos s\u00ed y s\u00ed. El concurso del Gobierno Nacional es importante\u00bb.<\/span><\/em><\/span><\/div>\n<div dir=\"auto\" lang=\"es\" data-testid=\"tweetText\"><\/div>\n<div dir=\"auto\" lang=\"es\" data-testid=\"tweetText\">Y puntualiz\u00f3:<\/div>\n<div dir=\"auto\" lang=\"es\" style=\"padding-left: 40px;\" data-testid=\"tweetText\"><em><span style=\"color: #0000ff;\">\u00abLo he dicho varias veces y me ratifico, haremos la tarea, la intervenci\u00f3n ser\u00e1 intensa e integral. Pero habr\u00e1 liderazgo, autoridad y orden. No hay gesti\u00f3n tur\u00edstica efectiva sin autoridad\u00bb.<\/span><\/em><\/div>\n","protected":false},"excerpt":{"rendered":"<p>Reacci\u00f3n del alcalde electo ante nuevo caso de abuso a turistas: le cobraron $22 millones a una canadiense por un paseo en coche. Cartagena de Indias, 26 de diciembre de 2023.- El regreso de la autoridad y un trabajo articulado con otras autoridades ser\u00e1n determinantes para que el turismo en Cartagena salga del marasmo en que la tienen sumida los abusos y la falta de liderazgo sectorial. El alcalde Dumek Turbay Paz, que se posesiona este 1 de enero, anunci\u00f3 un \u00abPlan Turismo Sostenible Cartagena 2033&#8243;, que busca promover un&#8230; <\/p>\n","protected":false},"author":3,"featured_media":52725,"comment_status":"closed","ping_status":"closed","sticky":false,"template":"","format":"standard","meta":{"footnotes":"","_links_to":"","_links_to_target":""},"categories":[1450,6],"tags":[191,285,74,302],"class_list":["post-52724","post","type-post","status-publish","format-standard","has-post-thumbnail","hentry","category-parasladers","category-turismo","tag-cartagena-de-indias","tag-destacada","tag-dumek-turbay","tag-turismo"],"_links":{"self":[{"href":"https:\/\/revistazetta.com\/index.php?rest_route=\/wp\/v2\/posts\/52724","targetHints":{"allow":["GET"]}}],"collection":[{"href":"https:\/\/revistazetta.com\/index.php?rest_route=\/wp\/v2\/posts"}],"about":[{"href":"https:\/\/revistazetta.com\/index.php?rest_route=\/wp\/v2\/types\/post"}],"author":[{"embeddable":true,"href":"https:\/\/revistazetta.com\/index.php?rest_route=\/wp\/v2\/users\/3"}],"replies":[{"embeddable":true,"href":"https:\/\/revistazetta.com\/index.php?rest_route=%2Fwp%2Fv2%2Fcomments&post=52724"}],"version-history":[{"count":0,"href":"https:\/\/revistazetta.com\/index.php?rest_route=\/wp\/v2\/posts\/52724\/revisions"}],"wp:featuredmedia":[{"embeddable":true,"href":"https:\/\/revistazetta.com\/index.php?rest_route=\/wp\/v2\/media\/52725"}],"wp:attachment":[{"href":"https:\/\/revistazetta.com\/index.php?rest_route=%2Fwp%2Fv2%2Fmedia&parent=52724"}],"wp:term":[{"taxonomy":"category","embeddable":true,"href":"https:\/\/revistazetta.com\/index.php?rest_route=%2Fwp%2Fv2%2Fcategories&post=52724"},{"taxonomy":"post_tag","embeddable":true,"href":"https:\/\/revistazetta.com\/index.php?rest_route=%2Fwp%2Fv2%2Ftags&post=52724"}],"curies":[{"name":"wp","href":"https:\/\/api.w.org\/{rel}","templated":true}]}}