{"id":52727,"date":"2023-12-27T05:40:14","date_gmt":"2023-12-27T10:40:14","guid":{"rendered":"https:\/\/revistazetta.com\/?p=52727"},"modified":"2023-12-27T05:40:14","modified_gmt":"2023-12-27T10:40:14","slug":"yamil-arana-inicia-cuatro-anos-para-un-bolivar-mejor","status":"publish","type":"post","link":"https:\/\/revistazetta.com\/?p=52727","title":{"rendered":"Yamil Arana inicia cuatro a\u00f1os para un \u201cBol\u00edvar Mejor\u201d"},"content":{"rendered":"<div style=\"padding-left: 40px;\"><span style=\"color: #0000ff;\"><strong><em>La plaza de la Catedral de este municipio ser\u00e1 el marco perfecto para la ceremonia en la que el nuevo mandatario de los bolivarenses exponga su visi\u00f3n de un Bol\u00edvar Mejor.\u00a0<\/em><\/strong><\/span><\/div>\n<div><\/div>\n<div><strong>Magangu\u00e9, 27 de diciembre de 2023.-<\/strong> Un acto de toma de juramento protocolario que tendr\u00e1 lugar este mi\u00e9rcoles 27 en Magangu\u00e9 marcar\u00e1 el inicio del Bol\u00edvar Mejor, que dirige gobernador electo Yamil Arana Padau\u00ed.<\/div>\n<div><\/div>\n<div>La ceremonia comenzar\u00e1 a las 6:30 p.m. en la Plaza de la Catedral de Magangu\u00e9, que contar\u00e1 con un escenario en diagonal al claustro religioso y un concepto abierto al p\u00fablico, para acoger a las autoridades civiles, militares y eclesi\u00e1sticas del departamento de Bol\u00edvar, as\u00ed como del pueblo maganguele\u00f1o y un sinn\u00famero de l\u00edderes de los municipios.<\/div>\n<div><\/div>\n<div>\u201cSer\u00e1 un acto cargado de simbolismos, porque es el sitio donde no solo nac\u00ed y crec\u00ed, sino donde so\u00f1\u00e9 con este momento. Quiero que sea una ceremonia donde ponga en manos de Dios y de la Virgen todas nuestras acciones por el bien del departamento\u201d, expres\u00f3 el gobernador electo.<\/div>\n<div>\n<p>Las principales apuestas del Bol\u00edvar Mejor ser\u00e1n compartidas por el nuevo mandatario en su discurso, marcando un norte en el que las obras de infraestructura para la interconexi\u00f3n del departamento, el turismo, la seguridad, la educaci\u00f3n y el deporte, ser\u00e1n la base fundamental de la visi\u00f3n de bienestar de la entrante administraci\u00f3n.<\/p>\n<p>Una toma de juramento protocolario, una invocaci\u00f3n al Ser Supremo, las palabras dirigidas a la concurrencia y un n\u00famero musical, ser\u00e1n los momentos claves de la ceremonia.<\/p>\n<p>\u201cLo que hemos so\u00f1ado para el departamento hace varios a\u00f1os lo vamos a ejecutar. Y comenzaremos este mi\u00e9rcoles compartiendo esos sue\u00f1os y haciendo importantes anuncios que desde el 1 de enero vamos a implementar. Estamos seguros de que vendr\u00e1n buenas cosas para Bol\u00edvar\u201d, agreg\u00f3 Arana Padau\u00ed.<\/p>\n<p>El evento contar\u00e1 con transmisi\u00f3n por las redes sociales del gobernador electo.<\/p>\n<\/div>\n","protected":false},"excerpt":{"rendered":"<p>La plaza de la Catedral de este municipio ser\u00e1 el marco perfecto para la ceremonia en la que el nuevo mandatario de los bolivarenses exponga su visi\u00f3n de un Bol\u00edvar Mejor.\u00a0 Magangu\u00e9, 27 de diciembre de 2023.- Un acto de toma de juramento protocolario que tendr\u00e1 lugar este mi\u00e9rcoles 27 en Magangu\u00e9 marcar\u00e1 el inicio del Bol\u00edvar Mejor, que dirige gobernador electo Yamil Arana Padau\u00ed. La ceremonia comenzar\u00e1 a las 6:30 p.m. en la Plaza de la Catedral de Magangu\u00e9, que contar\u00e1 con un escenario en diagonal al claustro religioso&#8230; <\/p>\n","protected":false},"author":3,"featured_media":52729,"comment_status":"closed","ping_status":"closed","sticky":false,"template":"","format":"standard","meta":{"footnotes":"","_links_to":"","_links_to_target":""},"categories":[75,33,80],"tags":[73,285,498,300,583],"class_list":["post-52727","post","type-post","status-publish","format-standard","has-post-thumbnail","hentry","category-destacada","category-actualidad-bolivar","category-region","tag-bolivar","tag-destacada","tag-gobernador-de-bolivar","tag-region","tag-yamil-arana"],"_links":{"self":[{"href":"https:\/\/revistazetta.com\/index.php?rest_route=\/wp\/v2\/posts\/52727","targetHints":{"allow":["GET"]}}],"collection":[{"href":"https:\/\/revistazetta.com\/index.php?rest_route=\/wp\/v2\/posts"}],"about":[{"href":"https:\/\/revistazetta.com\/index.php?rest_route=\/wp\/v2\/types\/post"}],"author":[{"embeddable":true,"href":"https:\/\/revistazetta.com\/index.php?rest_route=\/wp\/v2\/users\/3"}],"replies":[{"embeddable":true,"href":"https:\/\/revistazetta.com\/index.php?rest_route=%2Fwp%2Fv2%2Fcomments&post=52727"}],"version-history":[{"count":0,"href":"https:\/\/revistazetta.com\/index.php?rest_route=\/wp\/v2\/posts\/52727\/revisions"}],"wp:featuredmedia":[{"embeddable":true,"href":"https:\/\/revistazetta.com\/index.php?rest_route=\/wp\/v2\/media\/52729"}],"wp:attachment":[{"href":"https:\/\/revistazetta.com\/index.php?rest_route=%2Fwp%2Fv2%2Fmedia&parent=52727"}],"wp:term":[{"taxonomy":"category","embeddable":true,"href":"https:\/\/revistazetta.com\/index.php?rest_route=%2Fwp%2Fv2%2Fcategories&post=52727"},{"taxonomy":"post_tag","embeddable":true,"href":"https:\/\/revistazetta.com\/index.php?rest_route=%2Fwp%2Fv2%2Ftags&post=52727"}],"curies":[{"name":"wp","href":"https:\/\/api.w.org\/{rel}","templated":true}]}}