{"id":52759,"date":"2024-01-02T05:58:46","date_gmt":"2024-01-02T10:58:46","guid":{"rendered":"https:\/\/revistazetta.com\/?p=52759"},"modified":"2024-01-02T06:15:45","modified_gmt":"2024-01-02T11:15:45","slug":"la-creativa-cita-de-la-feria-farex-cumple-24-anos","status":"publish","type":"post","link":"https:\/\/revistazetta.com\/?p=52759","title":{"rendered":"La creativa cita de la Feria Farex cumple 24 a\u00f1os"},"content":{"rendered":"<p><strong>Cartagena de Indias, 2 de enero de 2024.-<\/strong> Del 3 al 10 de enero, visitantes nacionales e internacionales podr\u00e1n <b>descubrir en Cartagena nuevos emprendimientos<\/b> y adquirir productos hechos por las manos de artistas colombianos e internacionales, gracias a <b>Farex, que este 2024 llega a su vigesimocuarta versi\u00f3n.<\/b><\/p>\n<p>La feria, dirigida por la ex ministra de cultura Aracely Morales, <b>busca promover y visibilizar las t\u00e9cnicas y tradiciones asociadas a la elaboraci\u00f3n de objetos artesanales y art\u00edsticos<\/b> producidos en diferentes lugares de Colombia y el mundo, convirtiendo la ciudad en una vitrina para promover y resaltar las artes creativas.<\/p>\n<p>\u201c<i>Farex cumple 24 a\u00f1os promoviendo y visibilizando las t\u00e9cnicas y tradiciones asociadas a la elaboraci\u00f3n de objetos artesanales y art\u00edsticos producidos en diferentes regiones de Colombia y el mundo. La oferta ferial de las artesan\u00edas en el pa\u00eds ha tenido un giro de 180 grados en los \u00faltimos 20 a\u00f1os, impulsando a su paso el crecimiento econ\u00f3mico de los artesanos y el segmento<\/i>\u201d, coment\u00f3 Aracely Morales, directora de Farex.<\/p>\n<p>En este evento se reunir\u00e1n emprendedores\u00a0 en varias categor\u00edas: joyas y accesorios, calzado, marroquiner\u00eda, moda, dise\u00f1o, arte, decoraci\u00f3n, gastronom\u00eda, as\u00ed como la mejor selecci\u00f3n de artesan\u00edas tradicionales y contempor\u00e1neas.<\/p>\n<p>\u00abFarex 2024, un compartir de saberes desde los territorios\u00bb fue seleccionado para integrar <b>la Lista Bienal de los 100 Proyectos de Inter\u00e9s Nacional 2024-2025. <\/b><\/p>\n<p>Cientos de protectos se postularon, esta convocatoria representa una apuesta del Ministerio de las Culturas, las Artes y los Saberes por democratizar la cultura, crear y fortalecer mecanismos de participaci\u00f3n transparentes para las comunidades, <b>organizaciones y entidades que promueven la cultura en el pa\u00eds.<\/b><\/p>\n<p>Adem\u00e1s de la muestra comercial, el evento\u00a0 cuenta con una agenda cultural que incluye m\u00fasica y danza, as\u00ed como diferentes expresiones y lenguajes art\u00edsticos del patrimonio inmaterial del caribe colombiano, generando di\u00e1logos entre diferentes expresiones art\u00edsticas y patrimoniales. Impulsando las industrias creativas del pa\u00eds, representadas en las tradiciones, la cultura y el patrimonio.<\/p>\n<p>Por su trayectoria, por su proyecci\u00f3n art\u00edstica y cultural FAREX es considerada por el Ministerio de Cultura un evento de inter\u00e9s nacional.<\/p>\n<p>En el patio de banderas cada a\u00f1o se desarrolla una agenda cultural que cuenta a trav\u00e9s de la m\u00fasica y la danza diferentes expresiones y <b>lenguajes art\u00edsticos del patrimonio inmaterial del Caribe y del pa\u00eds.<\/b><\/p>\n<p><b>La feria inicia el 3 de enero de 2024 a las 6.30 p.m. con la presencia de autoridades e invitados especiales<\/b><br \/>\nDando continuidad a su misi\u00f3n social, Farex apoya en esta edici\u00f3n a las fundaciones\u00a0Granitos de Paz y la Fundaci\u00f3n Ay\u00fadame a Vivir, entidad sin \u00e1nimo de lucro, que apoya a ni\u00f1os, ni\u00f1as, adolescentes diagnosticados con c\u00e1ncer brind\u00e1ndoles acompa\u00f1amiento integral, afectivo y sicol\u00f3gico, hospedaje y alimentaci\u00f3n, durante su proceso de tratamiento y superaci\u00f3n de la enfermedad.<\/p>\n<p>Desde hace 15 a\u00f1os Farex apoya esta fundaci\u00f3n para que las mam\u00e1s de los ni\u00f1os diagnosticados con c\u00e1ncer comercialicen las manualidades y <b>artesan\u00edas que ellas mismas elaboran para solventar algunos gastos.<\/b><\/p>\n<p>Farex es una de las principales actividades culturales y de entretenimiento durante la temporada de vacaciones m\u00e1s alta en la ciudad de Cartagena, considerado uno de los destinos m\u00e1s importantes del Caribe.<\/p>\n<h6>*Con informaci\u00f3n de Portafolio.com<\/h6>\n","protected":false},"excerpt":{"rendered":"<p>Cartagena de Indias, 2 de enero de 2024.- Del 3 al 10 de enero, visitantes nacionales e internacionales podr\u00e1n descubrir en Cartagena nuevos emprendimientos y adquirir productos hechos por las manos de artistas colombianos e internacionales, gracias a Farex, que este 2024 llega a su vigesimocuarta versi\u00f3n. La feria, dirigida por la ex ministra de cultura Aracely Morales, busca promover y visibilizar las t\u00e9cnicas y tradiciones asociadas a la elaboraci\u00f3n de objetos artesanales y art\u00edsticos producidos en diferentes lugares de Colombia y el mundo, convirtiendo la ciudad en una vitrina&#8230; <\/p>\n","protected":false},"author":3,"featured_media":52760,"comment_status":"closed","ping_status":"closed","sticky":false,"template":"","format":"standard","meta":{"footnotes":"","_links_to":"","_links_to_target":""},"categories":[3,1450,50],"tags":[292,285,306,1929],"class_list":["post-52759","post","type-post","status-publish","format-standard","has-post-thumbnail","hentry","category-ciudad","category-parasladers","category-empresa","tag-ciudad","tag-destacada","tag-empresa","tag-feria-farex"],"_links":{"self":[{"href":"https:\/\/revistazetta.com\/index.php?rest_route=\/wp\/v2\/posts\/52759","targetHints":{"allow":["GET"]}}],"collection":[{"href":"https:\/\/revistazetta.com\/index.php?rest_route=\/wp\/v2\/posts"}],"about":[{"href":"https:\/\/revistazetta.com\/index.php?rest_route=\/wp\/v2\/types\/post"}],"author":[{"embeddable":true,"href":"https:\/\/revistazetta.com\/index.php?rest_route=\/wp\/v2\/users\/3"}],"replies":[{"embeddable":true,"href":"https:\/\/revistazetta.com\/index.php?rest_route=%2Fwp%2Fv2%2Fcomments&post=52759"}],"version-history":[{"count":0,"href":"https:\/\/revistazetta.com\/index.php?rest_route=\/wp\/v2\/posts\/52759\/revisions"}],"wp:featuredmedia":[{"embeddable":true,"href":"https:\/\/revistazetta.com\/index.php?rest_route=\/wp\/v2\/media\/52760"}],"wp:attachment":[{"href":"https:\/\/revistazetta.com\/index.php?rest_route=%2Fwp%2Fv2%2Fmedia&parent=52759"}],"wp:term":[{"taxonomy":"category","embeddable":true,"href":"https:\/\/revistazetta.com\/index.php?rest_route=%2Fwp%2Fv2%2Fcategories&post=52759"},{"taxonomy":"post_tag","embeddable":true,"href":"https:\/\/revistazetta.com\/index.php?rest_route=%2Fwp%2Fv2%2Ftags&post=52759"}],"curies":[{"name":"wp","href":"https:\/\/api.w.org\/{rel}","templated":true}]}}