{"id":52762,"date":"2024-01-02T06:48:39","date_gmt":"2024-01-02T11:48:39","guid":{"rendered":"https:\/\/revistazetta.com\/?p=52762"},"modified":"2024-01-02T06:50:38","modified_gmt":"2024-01-02T11:50:38","slug":"william-garcia-tirado-encontro-en-yamil-arana-el-arbol-de-buena-sombra","status":"publish","type":"post","link":"https:\/\/revistazetta.com\/?p=52762","title":{"rendered":"William Garc\u00eda Tirado recal\u00f3 en el gabinete de Yamil Arana"},"content":{"rendered":"<p><strong>Cartagena de Indias, 2 de enero de 2024.-\u00a0<\/strong>El gobernador de Bol\u00edvar, Yamil Arana Padau\u00ed, posesion\u00f3 este lunes al gabinete que lo acompa\u00f1ar\u00e1 en los cuatro a\u00f1os de gobierno del Bol\u00edvar Mejor, en una ceremonia que tuvo lugar en el Sal\u00f3n Amarillo, del Palacio de la Proclamaci\u00f3n.<\/p>\n<p>Destaca la incorporaci\u00f3n del dos veces excandidato a la Alcald\u00eda, excongresista, exconcejal y exdirector de Corvivienda, William Garc\u00eda Tirado, quien llega como rutilante \u00abdirector de Estudios Socioecon\u00f3micos de Investigaci\u00f3n\u00bb.<\/p>\n<p>\u201cEstoy muy contento. Este es un gabinete donde est\u00e1n los mejores. A ellos les pido compromiso y trabajo. Y que sepan que desde ahora su familia son 2 millones de bolivarenses\u201d, expres\u00f3 el mandatario.<\/p>\n<p><strong>Miembros del gabinete:<\/strong><\/p>\n<p>Juliana Solano Char, secretaria General.<\/p>\n<p>Iv\u00e1n Borrero; secretario de Hacienda.<\/p>\n<p>Juan Carlos Fern\u00e1ndez Mercado, secretario de Salud.<\/p>\n<p>Ang\u00e9lica Villalba Eljach, secretaria de Desarrollo Econ\u00f3mico.<\/p>\n<p>Susana Puerta Monroy, secretaria de Planeaci\u00f3n.<\/p>\n<p>Javier Doria Arrieta, secretario del Interior.<\/p>\n<p>Gonzalo Tirado, secretario (e) de Agricultura.<\/p>\n<p>Ver\u00f3nica Monterrosa, secretaria de Educaci\u00f3n.<\/p>\n<p>Adriana Trucco, secretaria Privada.<\/p>\n<p>Gustavo N\u00fa\u00f1ez Vivero, secretario de Movilidad.<\/p>\n<p>Liner Campo Tejedor, secretario de Igualdad.<\/p>\n<p>Rafael Montes, secretario Jur\u00eddico.<\/p>\n<p>Iv\u00e1n Sanes, secretario de V\u00edctimas.<\/p>\n<p>&nbsp;<\/p>\n<p><strong>En institutos descentralizados:<\/strong><\/p>\n<p>Lina Rodr\u00edguez, en el Instituto de Cultura y Turismo de Bol\u00edvar.<\/p>\n<p>Ariel Zambrano ratificado en Iderbol.<\/p>\n<p>&nbsp;<\/p>\n<p><strong>En dependencias especiales<\/strong><\/p>\n<p>Gabriel Vergara, director de Log\u00edstica.<\/p>\n<p>Nohora Mercado, directora TIC.<\/p>\n<p>Roxana L\u00f3pez Fern\u00e1ndez, en la Direcci\u00f3n de Competitividad.<\/p>\n<p>\u00c1ngela L\u00f3pez Romero, gerente de Proyectos Estrat\u00e9gicos.<\/p>\n<p>Diana Escudero, jefe de oficina de Protocolo.<\/p>\n<p>Andr\u00e9s Betancourt Gonz\u00e1lez, director de Participaci\u00f3n Ciudadana.<\/p>\n<p>Juliana Sinning Ciodaro, directora de Funci\u00f3n P\u00fablica.<\/p>\n<p>Nataly Bustillo, directora para Asuntos de la Mujer.<\/p>\n<p>Jorge Mario Erazo, director Oficina de Comunicaciones.<\/p>\n<p>Andre\u00edna Morales Plaza, directora de Turismo.<\/p>\n<p>Farah Al\u00edes, gerente de Marca Bol\u00edvar.<\/p>\n<p>William Garc\u00eda Tirado, director de Estudios Socioecon\u00f3micos de Investigaci\u00f3n.<\/p>\n<p>Luz Estella C\u00e1ceres, gerente de Realidades.<\/p>\n<p>Silvana Puello Visbal, gerente de Desarrollo Social.<\/p>\n<p>&nbsp;<\/p>\n","protected":false},"excerpt":{"rendered":"<p>Cartagena de Indias, 2 de enero de 2024.-\u00a0El gobernador de Bol\u00edvar, Yamil Arana Padau\u00ed, posesion\u00f3 este lunes al gabinete que lo acompa\u00f1ar\u00e1 en los cuatro a\u00f1os de gobierno del Bol\u00edvar Mejor, en una ceremonia que tuvo lugar en el Sal\u00f3n Amarillo, del Palacio de la Proclamaci\u00f3n. Destaca la incorporaci\u00f3n del dos veces excandidato a la Alcald\u00eda, excongresista, exconcejal y exdirector de Corvivienda, William Garc\u00eda Tirado, quien llega como rutilante \u00abdirector de Estudios Socioecon\u00f3micos de Investigaci\u00f3n\u00bb. \u201cEstoy muy contento. Este es un gabinete donde est\u00e1n los mejores. A ellos les pido&#8230; <\/p>\n","protected":false},"author":3,"featured_media":52763,"comment_status":"closed","ping_status":"closed","sticky":false,"template":"","format":"standard","meta":{"footnotes":"","_links_to":"","_links_to_target":""},"categories":[1450,33,80],"tags":[73,285,300,127,583],"class_list":["post-52762","post","type-post","status-publish","format-standard","has-post-thumbnail","hentry","category-parasladers","category-actualidad-bolivar","category-region","tag-bolivar","tag-destacada","tag-region","tag-william-garcia-tirado","tag-yamil-arana"],"_links":{"self":[{"href":"https:\/\/revistazetta.com\/index.php?rest_route=\/wp\/v2\/posts\/52762","targetHints":{"allow":["GET"]}}],"collection":[{"href":"https:\/\/revistazetta.com\/index.php?rest_route=\/wp\/v2\/posts"}],"about":[{"href":"https:\/\/revistazetta.com\/index.php?rest_route=\/wp\/v2\/types\/post"}],"author":[{"embeddable":true,"href":"https:\/\/revistazetta.com\/index.php?rest_route=\/wp\/v2\/users\/3"}],"replies":[{"embeddable":true,"href":"https:\/\/revistazetta.com\/index.php?rest_route=%2Fwp%2Fv2%2Fcomments&post=52762"}],"version-history":[{"count":0,"href":"https:\/\/revistazetta.com\/index.php?rest_route=\/wp\/v2\/posts\/52762\/revisions"}],"wp:featuredmedia":[{"embeddable":true,"href":"https:\/\/revistazetta.com\/index.php?rest_route=\/wp\/v2\/media\/52763"}],"wp:attachment":[{"href":"https:\/\/revistazetta.com\/index.php?rest_route=%2Fwp%2Fv2%2Fmedia&parent=52762"}],"wp:term":[{"taxonomy":"category","embeddable":true,"href":"https:\/\/revistazetta.com\/index.php?rest_route=%2Fwp%2Fv2%2Fcategories&post=52762"},{"taxonomy":"post_tag","embeddable":true,"href":"https:\/\/revistazetta.com\/index.php?rest_route=%2Fwp%2Fv2%2Ftags&post=52762"}],"curies":[{"name":"wp","href":"https:\/\/api.w.org\/{rel}","templated":true}]}}