{"id":52764,"date":"2024-01-02T07:23:31","date_gmt":"2024-01-02T12:23:31","guid":{"rendered":"https:\/\/revistazetta.com\/?p=52764"},"modified":"2024-01-02T07:23:31","modified_gmt":"2024-01-02T12:23:31","slug":"con-jorge-rodriguez-como-presidente-asamblea-inicio-nuevo-camino-con-yamil-arana-en-la-gobernacion","status":"publish","type":"post","link":"https:\/\/revistazetta.com\/?p=52764","title":{"rendered":"Con Jorge Rodr\u00edguez como Presidente, Asamblea inici\u00f3 nuevo camino con Yamil Arana en la Gobernaci\u00f3n"},"content":{"rendered":"<p>Gobernador Yamil Arana instala la Asamblea y llama a la unidad para construir un Bol\u00edvar Mejor<\/p>\n<p>\ud83d\udd39Invit\u00f3 a los diputados a trabajar en equipo para sacar adelante los proyectos de ordenanza dirigidos a llevar oportunidades y desarrollo al departamento.<\/p>\n<p><strong>Cartagena de Indias, 2 de enero de 2023.-<\/strong> Con un mensaje que invita a \u201cconstruir sobre lo construido\u201d en el departamento y a apoyar en la recuperaci\u00f3n de la estabilidad pol\u00edtica y social de Cartagena, el gobernador de Bol\u00edvar, Yamil Arana Padau\u00ed, instal\u00f3 de manera formal las sesiones ordinarias en la Asamblea Departamental.<\/p>\n<p>La corporaci\u00f3n eligi\u00f3 su Mesa Directiva 2024, recayendo al presidencia en el abogado Jorge Rodr\u00edguez Sosa, del partido de la U, el decano de los diputados con cuatro periodos consecutivos y quien llega por quinta vez a la c\u00fapula de la entidad. Estar\u00e1 acompa\u00f1ado por \u00d3scar de Le\u00f3n, nuevo diputado, quien llega por el partido Alianza Verde, y como segundo vicepresidente Zatih Adechine, del partido Movimiento de Salvaci\u00f3n Nacional, quien llega por estatuto de oposici\u00f3n al resultar segundo en la elecci\u00f3n para gobernador.<\/p>\n<p>En su discurso de bienvenida, el presidente de la Asamblea, <strong>Jorge Rodr\u00edguez<\/strong>, mencion\u00f3 que la Asamblea est\u00e1 comprometida a apoyar las gestiones de gobierno que permitan beneficiar al departamento. A\u00f1adi\u00f3 que la elecci\u00f3n del gobernador Yamil Arana fue leg\u00edtima, y que en gracia de ello debe trabajar en temas como orden p\u00fablico, baja cobertura de servicios p\u00fablicos, conexi\u00f3n vial, inequidad en la posesi\u00f3n de tierras, fortalecimiento de la red p\u00fablica hospitalaria entre otras.<\/p>\n<p>El gobernador Arana Padau\u00ed tom\u00f3 posesi\u00f3n y se jurament\u00f3 ante los diputados, haciendo un llamado a los bolivarenses a trabajar en una \u201cconstrucci\u00f3n conjunta\u201d que permita lograr m\u00e1s oportunidades y una mejor calidad de vida.<\/p>\n<p>\u201cEn este camino, no veo a la Asamblea s\u00f3lo como el \u00f3rgano que aprueba ordenanzas, sino como un equipo fundamental con el que, unidos, forjaremos un Bol\u00edvar Mejor. Estoy aqu\u00ed no s\u00f3lo como gobernador, sino como un compa\u00f1ero de lucha, dispuesto a escuchar, aprender y trabajar de la mano para alcanzar nuestras metas compartidas\u201d, expres\u00f3.<\/p>\n<p>Sobre la situaci\u00f3n de Cartagena, el mandatario expres\u00f3 que es hora de unirse con el Distrito en temas como la inseguridad. \u201cVamos a apoyar en el Plan Tit\u00e1n, que anunci\u00f3 el alcalde, y nosotros lo vamos a replicar en el \u00e1rea metropolitana\u201d.<\/p>\n<p>Afirm\u00f3 que se hace necesario aplicar lo bueno que ha pasado en el departamento de Bol\u00edvar en el distrito de Cartagena. \u201cHay que recuperar el tiempo perdido a causa de la inestabilidad pol\u00edtica que ha vivido la ciudad\u201d.<\/p>\n<p>El mandatario declar\u00f3 abierto el per\u00edodo de sesiones ordinarias e invit\u00f3 a los 14 diputados a \u201cunirse en este viaje, aportando su experiencia y sabidur\u00eda al servicio de Bol\u00edvar. Juntos, como un solo equipo, forjaremos un futuro donde cada bolivarense pueda vivir con dignidad y prosperidad\u201d.<\/p>\n<p>\u201cBol\u00edvar desde hace 12 a\u00f1os, encontr\u00f3 un rumbo, una ruta hacia el desarrollo, hacia el crecimiento econ\u00f3mico y social, y el buen gobierno. Sigamos construyendo sobre lo construido, d\u00e1ndole continuidad a lo que se ha hecho bien\u201d, a\u00f1adi\u00f3 el gobernador.<\/p>\n","protected":false},"excerpt":{"rendered":"<p>Gobernador Yamil Arana instala la Asamblea y llama a la unidad para construir un Bol\u00edvar Mejor \ud83d\udd39Invit\u00f3 a los diputados a trabajar en equipo para sacar adelante los proyectos de ordenanza dirigidos a llevar oportunidades y desarrollo al departamento. Cartagena de Indias, 2 de enero de 2023.- Con un mensaje que invita a \u201cconstruir sobre lo construido\u201d en el departamento y a apoyar en la recuperaci\u00f3n de la estabilidad pol\u00edtica y social de Cartagena, el gobernador de Bol\u00edvar, Yamil Arana Padau\u00ed, instal\u00f3 de manera formal las sesiones ordinarias en la&#8230; <\/p>\n","protected":false},"author":3,"featured_media":52765,"comment_status":"closed","ping_status":"closed","sticky":false,"template":"","format":"standard","meta":{"footnotes":"","_links_to":"","_links_to_target":""},"categories":[1450,28,4],"tags":[322,285,1746,298,583],"class_list":["post-52764","post","type-post","status-publish","format-standard","has-post-thumbnail","hentry","category-parasladers","category-politica-asamblea","category-politica","tag-asamblea","tag-destacada","tag-jorge-rodriguez","tag-politica","tag-yamil-arana"],"_links":{"self":[{"href":"https:\/\/revistazetta.com\/index.php?rest_route=\/wp\/v2\/posts\/52764","targetHints":{"allow":["GET"]}}],"collection":[{"href":"https:\/\/revistazetta.com\/index.php?rest_route=\/wp\/v2\/posts"}],"about":[{"href":"https:\/\/revistazetta.com\/index.php?rest_route=\/wp\/v2\/types\/post"}],"author":[{"embeddable":true,"href":"https:\/\/revistazetta.com\/index.php?rest_route=\/wp\/v2\/users\/3"}],"replies":[{"embeddable":true,"href":"https:\/\/revistazetta.com\/index.php?rest_route=%2Fwp%2Fv2%2Fcomments&post=52764"}],"version-history":[{"count":0,"href":"https:\/\/revistazetta.com\/index.php?rest_route=\/wp\/v2\/posts\/52764\/revisions"}],"wp:featuredmedia":[{"embeddable":true,"href":"https:\/\/revistazetta.com\/index.php?rest_route=\/wp\/v2\/media\/52765"}],"wp:attachment":[{"href":"https:\/\/revistazetta.com\/index.php?rest_route=%2Fwp%2Fv2%2Fmedia&parent=52764"}],"wp:term":[{"taxonomy":"category","embeddable":true,"href":"https:\/\/revistazetta.com\/index.php?rest_route=%2Fwp%2Fv2%2Fcategories&post=52764"},{"taxonomy":"post_tag","embeddable":true,"href":"https:\/\/revistazetta.com\/index.php?rest_route=%2Fwp%2Fv2%2Ftags&post=52764"}],"curies":[{"name":"wp","href":"https:\/\/api.w.org\/{rel}","templated":true}]}}