{"id":52769,"date":"2024-01-02T16:43:25","date_gmt":"2024-01-02T21:43:25","guid":{"rendered":"https:\/\/revistazetta.com\/?p=52769"},"modified":"2024-01-02T16:43:25","modified_gmt":"2024-01-02T21:43:25","slug":"educacion-y-gobierno-en-territorio-prioridades-en-primer-consejo-de-gobierno-del-bolivar-mejor","status":"publish","type":"post","link":"https:\/\/revistazetta.com\/?p=52769","title":{"rendered":"Educaci\u00f3n y gobierno en territorio, prioridades en primer consejo de gobierno del \u00abBol\u00edvar Mejor\u00bb"},"content":{"rendered":"<p style=\"padding-left: 40px;\"><em><span style=\"color: #0000ff;\">En el primer Consejo de Gobierno, el gobernador Yamil Arana Padau\u00ed traz\u00f3 la ruta de los primeros meses de la administraci\u00f3n.<\/span><\/em><\/p>\n<p><strong>Turbaco, 2 de enero de 2024.<\/strong> El gobernador de Bol\u00edvar, Yamil Arana Padau\u00ed, presidi\u00f3 el primer Consejo de Gobierno del gabinete departamental, impartiendo las instrucciones en las cuales su equipo de trabajo ya comenz\u00f3 a trabajar, entre ellas, la entrega de dos megacolegios, el regreso del calendario escolar con la b\u00fasqueda activa de estudiantes y la preparaci\u00f3n de la cumbre de alcaldes.<\/p>\n<p>Este primer Consejo de Gobierno tuvo lugar en el Centro Administrativo Departamental (CAD), en Turbaco, a donde el mandatario arrib\u00f3 desde antes de las 7:00 a.m. a recibir a los colaboradores de la administraci\u00f3n departamental que trabajan en esta sede.<\/p>\n<p><img loading=\"lazy\" decoding=\"async\" class=\"alignnone size-medium wp-image-52771\" src=\"https:\/\/revistazetta.com\/wp-content\/uploads\/2024\/01\/WhatsApp-Image-2024-01-02-at-14.32.57-500x333.jpeg\" alt=\"\" width=\"500\" height=\"333\" srcset=\"https:\/\/revistazetta.com\/wp-content\/uploads\/2024\/01\/WhatsApp-Image-2024-01-02-at-14.32.57-500x333.jpeg 500w, https:\/\/revistazetta.com\/wp-content\/uploads\/2024\/01\/WhatsApp-Image-2024-01-02-at-14.32.57-1024x683.jpeg 1024w, https:\/\/revistazetta.com\/wp-content\/uploads\/2024\/01\/WhatsApp-Image-2024-01-02-at-14.32.57-243x162.jpeg 243w, https:\/\/revistazetta.com\/wp-content\/uploads\/2024\/01\/WhatsApp-Image-2024-01-02-at-14.32.57-1536x1025.jpeg 1536w, https:\/\/revistazetta.com\/wp-content\/uploads\/2024\/01\/WhatsApp-Image-2024-01-02-at-14.32.57-2048x1366.jpeg 2048w\" sizes=\"auto, (max-width: 500px) 100vw, 500px\" \/><\/p>\n<p>\u201cEstamos finalizando el primer Consejo de Gobierno del Bol\u00edvar Mejor aqu\u00ed en el CAD. Estamos desde las 7 de la ma\u00f1ana, recibimos a los funcionarios personalmente y los invitamos a trabajar con orgullo por nuestro departamento y por esta instituci\u00f3n. Aqu\u00ed hemos llegado a grandes conclusiones\u201d, expres\u00f3 desde el Sal\u00f3n de la Paz.<\/p>\n<p>\u201cVamos a empezar nuestra agenda del mes de enero buscando estudiantes para que se vinculen al sistema de educaci\u00f3n del departamento. Vamos a visitar los diferentes municipios y a motivarlos a que hagan parte de esta iniciativa que lanzaremos en los pr\u00f3ximos d\u00edas\u201d, expres\u00f3.<\/p>\n<p>Arana Padau\u00ed tambi\u00e9n lider\u00f3 un Consejo de Gobierno conjunto con el alcalde de Cartagena Dumek Turbay Paz el pasado lunes, en el que se alinearon proyectos de las dos entidades territoriales para lograr consolidar proyectos que se entreguen en el mediano plazo.<\/p>\n<p>\u201cVamos a realizar la primera cumbre de alcaldes el d\u00eda 31 de enero en el municipio de Momp\u00f3s. Y de ah\u00ed nos desplazaremos hasta las festividades de La Candelaria, en el municipio de Magangu\u00e9. Vamos a entregar por lo menos dos megacolegios en los primeros meses del a\u00f1o y vamos a terminar toda esa intervenci\u00f3n en materia de infraestructura educativa antes del mes de abril del 2024\u201d, anot\u00f3.<\/p>\n<p>&nbsp;<\/p>\n","protected":false},"excerpt":{"rendered":"<p>En el primer Consejo de Gobierno, el gobernador Yamil Arana Padau\u00ed traz\u00f3 la ruta de los primeros meses de la administraci\u00f3n. Turbaco, 2 de enero de 2024. El gobernador de Bol\u00edvar, Yamil Arana Padau\u00ed, presidi\u00f3 el primer Consejo de Gobierno del gabinete departamental, impartiendo las instrucciones en las cuales su equipo de trabajo ya comenz\u00f3 a trabajar, entre ellas, la entrega de dos megacolegios, el regreso del calendario escolar con la b\u00fasqueda activa de estudiantes y la preparaci\u00f3n de la cumbre de alcaldes. Este primer Consejo de Gobierno tuvo lugar&#8230; <\/p>\n","protected":false},"author":3,"featured_media":52770,"comment_status":"closed","ping_status":"closed","sticky":false,"template":"","format":"standard","meta":{"footnotes":"","_links_to":"","_links_to_target":""},"categories":[1450,33,80],"tags":[73,285,300],"class_list":["post-52769","post","type-post","status-publish","format-standard","has-post-thumbnail","hentry","category-parasladers","category-actualidad-bolivar","category-region","tag-bolivar","tag-destacada","tag-region"],"_links":{"self":[{"href":"https:\/\/revistazetta.com\/index.php?rest_route=\/wp\/v2\/posts\/52769","targetHints":{"allow":["GET"]}}],"collection":[{"href":"https:\/\/revistazetta.com\/index.php?rest_route=\/wp\/v2\/posts"}],"about":[{"href":"https:\/\/revistazetta.com\/index.php?rest_route=\/wp\/v2\/types\/post"}],"author":[{"embeddable":true,"href":"https:\/\/revistazetta.com\/index.php?rest_route=\/wp\/v2\/users\/3"}],"replies":[{"embeddable":true,"href":"https:\/\/revistazetta.com\/index.php?rest_route=%2Fwp%2Fv2%2Fcomments&post=52769"}],"version-history":[{"count":0,"href":"https:\/\/revistazetta.com\/index.php?rest_route=\/wp\/v2\/posts\/52769\/revisions"}],"wp:featuredmedia":[{"embeddable":true,"href":"https:\/\/revistazetta.com\/index.php?rest_route=\/wp\/v2\/media\/52770"}],"wp:attachment":[{"href":"https:\/\/revistazetta.com\/index.php?rest_route=%2Fwp%2Fv2%2Fmedia&parent=52769"}],"wp:term":[{"taxonomy":"category","embeddable":true,"href":"https:\/\/revistazetta.com\/index.php?rest_route=%2Fwp%2Fv2%2Fcategories&post=52769"},{"taxonomy":"post_tag","embeddable":true,"href":"https:\/\/revistazetta.com\/index.php?rest_route=%2Fwp%2Fv2%2Ftags&post=52769"}],"curies":[{"name":"wp","href":"https:\/\/api.w.org\/{rel}","templated":true}]}}