{"id":52777,"date":"2024-01-02T17:15:19","date_gmt":"2024-01-02T22:15:19","guid":{"rendered":"https:\/\/revistazetta.com\/?p=52777"},"modified":"2024-01-02T17:15:19","modified_gmt":"2024-01-02T22:15:19","slug":"se-posesiono-claudia-espinosa-primera-alcaldesa-elegida-por-voto-popular-en-turbaco","status":"publish","type":"post","link":"https:\/\/revistazetta.com\/?p=52777","title":{"rendered":"Se posesion\u00f3 Claudia Espinosa, primera alcaldesa elegida por voto popular en Turbaco"},"content":{"rendered":"<p><strong>Turbaco, 2 de enero de 2024.-<\/strong> Claudia Elena Espinosa Puello asumi\u00f3 como alcaldesa de Turbaco, convirti\u00e9ndose en la primera mujer en llegar a este cargo por voto popular en la historia de este municipio.<\/p>\n<p>La mandataria hizo un llamado al pueblo turbaquero a la unidad para trabajar juntos y construir entre todos un mejor futuro para la gente.<br \/>\nLa ceremonia tuvo lugar en el patio de la Casa de Tejas, sede de la Alcald\u00eda municipal. Desde este emblem\u00e1tico lugar la nueva alcaldesa resalt\u00f3 que los turbaqueros depositaron la confianza en ella el pasado 29 de octubre, lo que la estimula a tomar decisiones y acciones a fin de resolver los problemas sociales, pol\u00edticos y econ\u00f3micos de toda la poblaci\u00f3n y, de manera especial, los sectores rurales constituidos por Ca\u00f1averal, San Jos\u00e9 de Chiquito y Aguas Prietas.<\/p>\n<p><img loading=\"lazy\" decoding=\"async\" class=\"alignnone size-medium wp-image-52779\" src=\"https:\/\/revistazetta.com\/wp-content\/uploads\/2024\/01\/WhatsApp-Image-2024-01-02-at-08.01.26-1-500x333.jpeg\" alt=\"\" width=\"500\" height=\"333\" srcset=\"https:\/\/revistazetta.com\/wp-content\/uploads\/2024\/01\/WhatsApp-Image-2024-01-02-at-08.01.26-1-500x333.jpeg 500w, https:\/\/revistazetta.com\/wp-content\/uploads\/2024\/01\/WhatsApp-Image-2024-01-02-at-08.01.26-1-1024x683.jpeg 1024w, https:\/\/revistazetta.com\/wp-content\/uploads\/2024\/01\/WhatsApp-Image-2024-01-02-at-08.01.26-1-243x162.jpeg 243w, https:\/\/revistazetta.com\/wp-content\/uploads\/2024\/01\/WhatsApp-Image-2024-01-02-at-08.01.26-1.jpeg 1500w\" sizes=\"auto, (max-width: 500px) 100vw, 500px\" \/><\/p>\n<p>\u201cEl mandato ciudadano que he recibido me ordena liderar las transformaciones estructurales necesarias para construir un futuro mejor, para todos los habitantes de mi pueblo\u201d, precis\u00f3 la mandataria.<br \/>\nClaudia Espinosa resalt\u00f3 los proyectos de mayor envergadura que pretende adelantar para construir un futuro mejor; entre ellos, el proyecto de alcantarillado, la construcci\u00f3n de dos megacolegios, la adecuaci\u00f3n del Hospital Local y el mejoramiento en las condiciones de viviendas para la poblaci\u00f3n.<\/p>\n<p><strong>La seguridad ser\u00e1 fundamental<\/strong><\/p>\n<p><img loading=\"lazy\" decoding=\"async\" class=\"alignnone size-medium wp-image-52780\" src=\"https:\/\/revistazetta.com\/wp-content\/uploads\/2024\/01\/WhatsApp-Image-2024-01-02-at-08.01.25-500x333.jpeg\" alt=\"\" width=\"500\" height=\"333\" srcset=\"https:\/\/revistazetta.com\/wp-content\/uploads\/2024\/01\/WhatsApp-Image-2024-01-02-at-08.01.25-500x333.jpeg 500w, https:\/\/revistazetta.com\/wp-content\/uploads\/2024\/01\/WhatsApp-Image-2024-01-02-at-08.01.25-1024x683.jpeg 1024w, https:\/\/revistazetta.com\/wp-content\/uploads\/2024\/01\/WhatsApp-Image-2024-01-02-at-08.01.25-243x162.jpeg 243w, https:\/\/revistazetta.com\/wp-content\/uploads\/2024\/01\/WhatsApp-Image-2024-01-02-at-08.01.25.jpeg 1500w\" sizes=\"auto, (max-width: 500px) 100vw, 500px\" \/><\/p>\n<p>La alcaldesa se comprometi\u00f3 a asumir el rol como jefe de Polic\u00eda del municipio declarando la seguridad como un elemento fundamental y prioritario de su gobierno; haciendo \u00e9nfasis que la llevar\u00e1 a la zona rural de Turbaco.<br \/>\nAl respecto se\u00f1al\u00f3: \u201cAsumo con total responsabilidad, mi rol de Jefe de la Polic\u00eda de Turbaco, para preservar y mantener el orden p\u00fablico en nuestro municipio, enfrentar la inseguridad que perturba la vida de nuestra gente y devolverle la tranquilidad a los turbaqueros\u201d.<br \/>\nPara la alcaldesa el bienestar y la tranquilidad del pueblo son el reto m\u00e1s importante que enfrenta y destac\u00f3 que esa ser\u00e1 una preocupaci\u00f3n constante en la que no desfallecer\u00e1. \u201cTocaremos las puertas del orden nacional para gestionar los recursos que se necesitan para concretar las obras y gran parte del desarrollo social que requiere Turbaco en este momento\u201d, asever\u00f3.<br \/>\nFinalmente, la alcaldesa hizo un llamado a los turbaqueros a que participen activamente en el gobierno. En ese sentido les dijo: \u201cNecesito que sean mis ojos y o\u00eddos, para poder gobernar como ustedes quieren y esperan que gobierne\u201d.<\/p>\n<p>&nbsp;<\/p>\n","protected":false},"excerpt":{"rendered":"<p>Turbaco, 2 de enero de 2024.- Claudia Elena Espinosa Puello asumi\u00f3 como alcaldesa de Turbaco, convirti\u00e9ndose en la primera mujer en llegar a este cargo por voto popular en la historia de este municipio. La mandataria hizo un llamado al pueblo turbaquero a la unidad para trabajar juntos y construir entre todos un mejor futuro para la gente. La ceremonia tuvo lugar en el patio de la Casa de Tejas, sede de la Alcald\u00eda municipal. Desde este emblem\u00e1tico lugar la nueva alcaldesa resalt\u00f3 que los turbaqueros depositaron la confianza en&#8230; <\/p>\n","protected":false},"author":3,"featured_media":52778,"comment_status":"closed","ping_status":"closed","sticky":false,"template":"","format":"standard","meta":{"footnotes":"","_links_to":"","_links_to_target":""},"categories":[1450,83,80],"tags":[647,285,305,300,613],"class_list":["post-52777","post","type-post","status-publish","format-standard","has-post-thumbnail","hentry","category-parasladers","category-municipios","category-region","tag-claudia-espinosa","tag-destacada","tag-municipios","tag-region","tag-turbaco"],"_links":{"self":[{"href":"https:\/\/revistazetta.com\/index.php?rest_route=\/wp\/v2\/posts\/52777","targetHints":{"allow":["GET"]}}],"collection":[{"href":"https:\/\/revistazetta.com\/index.php?rest_route=\/wp\/v2\/posts"}],"about":[{"href":"https:\/\/revistazetta.com\/index.php?rest_route=\/wp\/v2\/types\/post"}],"author":[{"embeddable":true,"href":"https:\/\/revistazetta.com\/index.php?rest_route=\/wp\/v2\/users\/3"}],"replies":[{"embeddable":true,"href":"https:\/\/revistazetta.com\/index.php?rest_route=%2Fwp%2Fv2%2Fcomments&post=52777"}],"version-history":[{"count":0,"href":"https:\/\/revistazetta.com\/index.php?rest_route=\/wp\/v2\/posts\/52777\/revisions"}],"wp:featuredmedia":[{"embeddable":true,"href":"https:\/\/revistazetta.com\/index.php?rest_route=\/wp\/v2\/media\/52778"}],"wp:attachment":[{"href":"https:\/\/revistazetta.com\/index.php?rest_route=%2Fwp%2Fv2%2Fmedia&parent=52777"}],"wp:term":[{"taxonomy":"category","embeddable":true,"href":"https:\/\/revistazetta.com\/index.php?rest_route=%2Fwp%2Fv2%2Fcategories&post=52777"},{"taxonomy":"post_tag","embeddable":true,"href":"https:\/\/revistazetta.com\/index.php?rest_route=%2Fwp%2Fv2%2Ftags&post=52777"}],"curies":[{"name":"wp","href":"https:\/\/api.w.org\/{rel}","templated":true}]}}