{"id":52837,"date":"2024-01-11T15:34:58","date_gmt":"2024-01-11T20:34:58","guid":{"rendered":"https:\/\/revistazetta.com\/?p=52837"},"modified":"2024-01-11T15:34:58","modified_gmt":"2024-01-11T20:34:58","slug":"valorizacion-lidera-llamado-urgente-para-acelerar-proyecto-de-proteccion-costera-en-cartagena","status":"publish","type":"post","link":"https:\/\/revistazetta.com\/?p=52837","title":{"rendered":"Valorizaci\u00f3n lidera llamado urgente para acelerar proyecto de Protecci\u00f3n Costera en Cartagena"},"content":{"rendered":"<p><strong>Cartagena de Indias, 10 de enero de 2024.-<\/strong> Durante una trascendental reuni\u00f3n con representantes de la Unidad Nacional para la Gesti\u00f3n del Riesgo de Desastres, Establecimiento P\u00fablico Ambiental Cartagena, Oficina Asesora para la Gesti\u00f3n del Riesgo de Desastres y el Asesor de Despacho para temas Ambientales, el director del Departamento Administrativo de Valorizaci\u00f3n Distrital, Rafael Morales, emiti\u00f3 un apremiante llamado a la acci\u00f3n.<\/p>\n<p>En\u00e9rgicamente inst\u00f3 a actores clave, incluyendo al nivel nacional, Dimar, Universidad de Cartagena y contratistas, a unir esfuerzos para acelerar la conclusi\u00f3n de la primera etapa del ambicioso proyecto de Protecci\u00f3n Costera.<\/p>\n<p>Respaldado por las directrices del alcalde Dumek Turbay, Morales subray\u00f3 la imperatividad de ejecutar todas las obras contratadas de Protecci\u00f3n Costera con rigurosidad temporal, estableciendo un claro principio de autoridad.<br \/>\nEnfatiz\u00f3, adem\u00e1s, la necesidad de superar cualquier inconveniente surgido hasta el momento, instando a iniciar todas las obras, incluyendo la apertura de la playa 4, de manera expedita. Adem\u00e1s, resalt\u00f3 la importancia de avanzar r\u00e1pidamente en los ajustes o modificaciones que sean necesarios para el correcto funcionamiento de las obras que se est\u00e1n ejecutando.<\/p>\n<p>Es crucial destacar que este proyecto, que se puso en marcha a finales de 2021, aborda la mitigaci\u00f3n de la erosi\u00f3n en un tramo significativo de 7.0 kil\u00f3metros a lo largo del borde costero, desde el espol\u00f3n Iribarren en El Laguito hasta el inicio del t\u00fanel de Crespo. Se han realizado trabajos fundamentales, como la construcci\u00f3n de seis espolones en Bocagrande, de la escollera de playa entre espolones 4 y 6, la protecci\u00f3n marginal y la escollera Tipo 2, as\u00ed como la construcci\u00f3n de dos espolones en el Cabrero y parte del sistema de drenaje pluvial en la avenida primera de Bocagrande. Esta intervenci\u00f3n no solo busca fortalecer las medidas de mitigaci\u00f3n frente a los procesos de erosi\u00f3n costera, cambio clim\u00e1tico y ascenso del nivel del mar, sino tambi\u00e9n preservar el patrimonio hist\u00f3rico de la ciudad.<\/p>\n<p>Gracias a esta mesa de trabajo se ha logrado el compromiso por parte de la UNGRD de hacer las gestiones para la consecuci\u00f3n de los recursos faltantes a nivel nacional y lograr la ejecuci\u00f3n de las obras que comprenden la Fase I \u2013 Componente 1 y Fase II \u2013 Componente 1, las cuales son las que se vienen ejecutando.<\/p>\n<p>&nbsp;<\/p>\n","protected":false},"excerpt":{"rendered":"<p>Cartagena de Indias, 10 de enero de 2024.- Durante una trascendental reuni\u00f3n con representantes de la Unidad Nacional para la Gesti\u00f3n del Riesgo de Desastres, Establecimiento P\u00fablico Ambiental Cartagena, Oficina Asesora para la Gesti\u00f3n del Riesgo de Desastres y el Asesor de Despacho para temas Ambientales, el director del Departamento Administrativo de Valorizaci\u00f3n Distrital, Rafael Morales, emiti\u00f3 un apremiante llamado a la acci\u00f3n. En\u00e9rgicamente inst\u00f3 a actores clave, incluyendo al nivel nacional, Dimar, Universidad de Cartagena y contratistas, a unir esfuerzos para acelerar la conclusi\u00f3n de la primera etapa del&#8230; <\/p>\n","protected":false},"author":3,"featured_media":52838,"comment_status":"closed","ping_status":"closed","sticky":false,"template":"","format":"standard","meta":{"footnotes":"","_links_to":"","_links_to_target":""},"categories":[32,85],"tags":[111,296,1933,1112],"class_list":["post-52837","post","type-post","status-publish","format-standard","has-post-thumbnail","hentry","category-actualidad-distrito","category-cartagena","tag-cartagena","tag-distrito","tag-playas","tag-valorizacion"],"_links":{"self":[{"href":"https:\/\/revistazetta.com\/index.php?rest_route=\/wp\/v2\/posts\/52837","targetHints":{"allow":["GET"]}}],"collection":[{"href":"https:\/\/revistazetta.com\/index.php?rest_route=\/wp\/v2\/posts"}],"about":[{"href":"https:\/\/revistazetta.com\/index.php?rest_route=\/wp\/v2\/types\/post"}],"author":[{"embeddable":true,"href":"https:\/\/revistazetta.com\/index.php?rest_route=\/wp\/v2\/users\/3"}],"replies":[{"embeddable":true,"href":"https:\/\/revistazetta.com\/index.php?rest_route=%2Fwp%2Fv2%2Fcomments&post=52837"}],"version-history":[{"count":0,"href":"https:\/\/revistazetta.com\/index.php?rest_route=\/wp\/v2\/posts\/52837\/revisions"}],"wp:featuredmedia":[{"embeddable":true,"href":"https:\/\/revistazetta.com\/index.php?rest_route=\/wp\/v2\/media\/52838"}],"wp:attachment":[{"href":"https:\/\/revistazetta.com\/index.php?rest_route=%2Fwp%2Fv2%2Fmedia&parent=52837"}],"wp:term":[{"taxonomy":"category","embeddable":true,"href":"https:\/\/revistazetta.com\/index.php?rest_route=%2Fwp%2Fv2%2Fcategories&post=52837"},{"taxonomy":"post_tag","embeddable":true,"href":"https:\/\/revistazetta.com\/index.php?rest_route=%2Fwp%2Fv2%2Ftags&post=52837"}],"curies":[{"name":"wp","href":"https:\/\/api.w.org\/{rel}","templated":true}]}}