{"id":52839,"date":"2024-01-11T19:08:16","date_gmt":"2024-01-12T00:08:16","guid":{"rendered":"https:\/\/revistazetta.com\/?p=52839"},"modified":"2024-01-11T19:29:04","modified_gmt":"2024-01-12T00:29:04","slug":"fanny-guerrero-asumio-gerencia-de-edurbe","status":"publish","type":"post","link":"https:\/\/revistazetta.com\/?p=52839","title":{"rendered":"Fanny Guerrero asumi\u00f3 gerencia de Edurbe"},"content":{"rendered":"<p><strong>Cartagena de Indias, 11 de enero de 2024.-<\/strong> En Asamblea de Accionistas realizada en la ma\u00f1ana de este jueves fueron escogidos los nuevos miembros de la Junta Directiva de la Empresa de Desarrollo Urbano de Bol\u00edvar (Edurbe) para el per\u00edodo 2024 \u2013 2025, y estos a su vez, de una terna eligieron a Fanny Guerrero Maya, como la nueva gerente.<\/p>\n<p>La Junta qued\u00f3 conformada as\u00ed: en la presidencia, el alcalde Dumek Turbay Paz, (suplente: Mar\u00eda Patricia Porras, secretaria general); el gobernador Yamil Arana (suplente: Adriana Trucco, secretaria privada); Juan Carlos Ayala (suplente: Wilmer Iriarte); Milton Pereira (suplente: Juan Carlos Puello); Dairo Bustillo (Javier Carmona); Jos\u00e9 Francisco Seba (suplente: Juan Camilo Oliveros) y Jos\u00e9 David Morales (suplente: Claudia Navarro).<\/p>\n<p><img loading=\"lazy\" decoding=\"async\" class=\"alignnone size-medium wp-image-52842\" src=\"https:\/\/revistazetta.com\/wp-content\/uploads\/2024\/01\/WhatsApp-Image-2024-01-11-at-16.16.58-221x333.jpeg\" alt=\"\" width=\"221\" height=\"333\" srcset=\"https:\/\/revistazetta.com\/wp-content\/uploads\/2024\/01\/WhatsApp-Image-2024-01-11-at-16.16.58-221x333.jpeg 221w, https:\/\/revistazetta.com\/wp-content\/uploads\/2024\/01\/WhatsApp-Image-2024-01-11-at-16.16.58-108x162.jpeg 108w, https:\/\/revistazetta.com\/wp-content\/uploads\/2024\/01\/WhatsApp-Image-2024-01-11-at-16.16.58.jpeg 681w\" sizes=\"auto, (max-width: 221px) 100vw, 221px\" \/><\/p>\n<p>Fanny Guerrero Maya es ingeniera electricista, magister en Administraci\u00f3n de Empresas, y viene de desempe\u00f1arse como presidenta ejecutiva de la Asociaci\u00f3n de Energ\u00edas Nuevas y del Hidr\u00f3geno del Caribe. Ha ocupado, tambi\u00e9n, cargos directivos en la Agencia Nacional de Miner\u00eda y en Gas Natural Fenosa.<\/p>\n<p>Guerrero fue designada como gerente de Edurbe por voto un\u00e1nime. Los otros candidatos fueron el ingeniero civil Luis Jer\u00f3nimo Marrugo y el tambi\u00e9n ingeniero el\u00e9ctrico, H\u00e9ctor Urbina Meza.<\/p>\n<p>La Asamblea fue realizada en la C\u00e1mara de Comercio de Cartagena y estuvo presidida por la secretaria general de la Alcald\u00eda, Mar\u00eda Patricia Porras Mendoza, en representaci\u00f3n del alcalde Dumek Turbay; hicieron presencia Roxana L\u00f3pez, delegada del gobernador de Bol\u00edvar, Yamil Arana; y los alcaldes de los municipios de San Fernando, Orlando Fr\u00edas; Soplaviento, \u00c1ngel Orozco; San Juan Nepomuceno, Guido Figueroa; San Estanislao, Yeison L\u00f3pez; Talaig\u00fcanuevo, C\u00f3rdoba y El Guamo; Javier Angulo. De manera virtual particip\u00f3 la alcaldesa de Margarita, Valentina Bello.<\/p>\n<p>Durante el encuentro se mencionaron proyectos pendientes que tiene Edurbe para trabajar este a\u00f1o, especialmente el Parque Lineal de Ca\u00f1os y Lagunas Interiores, resaltado por el alcalde Dumek Turbay como una iniciativa de importancia para la ciudad a fin de mejorar la calidad de vida de sus habitantes, promover el cuidado ambiental y el desarrollo sostenible en el Distrito.<\/p>\n<p><strong>Nuevo director de la Unidad Municipal de Asistencia T\u00e9cnica Agropecuaria, UMATA.<\/strong><\/p>\n<p>Otro de los nuevos nombres del equipo distrital es el de Adolfo P\u00e9rez Fonseca, director de la UMATA Cartagena.<\/p>\n<p>P\u00e9rez Fonseca es profesional en Medicina Veterinaria y Zootecnia, con doctorado en Ciencia Animal &#8211; \u00e1rea reproducci\u00f3n animal, de la Universidad Federal de Minas Gerais, UFMG, Belo Horizonte, Brasil, donde obtuvo el t\u00edtulo en Desempe\u00f1o productivo, perfil metab\u00f3lico y caracter\u00edsticas reproductivas de vacas prim\u00edparas, entre otros importantes estudios.<\/p>\n<p>&nbsp;<\/p>\n","protected":false},"excerpt":{"rendered":"<p>Cartagena de Indias, 11 de enero de 2024.- En Asamblea de Accionistas realizada en la ma\u00f1ana de este jueves fueron escogidos los nuevos miembros de la Junta Directiva de la Empresa de Desarrollo Urbano de Bol\u00edvar (Edurbe) para el per\u00edodo 2024 \u2013 2025, y estos a su vez, de una terna eligieron a Fanny Guerrero Maya, como la nueva gerente. La Junta qued\u00f3 conformada as\u00ed: en la presidencia, el alcalde Dumek Turbay Paz, (suplente: Mar\u00eda Patricia Porras, secretaria general); el gobernador Yamil Arana (suplente: Adriana Trucco, secretaria privada); Juan Carlos&#8230; <\/p>\n","protected":false},"author":3,"featured_media":52840,"comment_status":"closed","ping_status":"closed","sticky":false,"template":"","format":"standard","meta":{"footnotes":"","_links_to":"","_links_to_target":""},"categories":[1450,85,32],"tags":[111,285,296,362,886],"class_list":["post-52839","post","type-post","status-publish","format-standard","has-post-thumbnail","hentry","category-parasladers","category-cartagena","category-actualidad-distrito","tag-cartagena","tag-destacada","tag-distrito","tag-edurbe","tag-fanny-guerrero"],"_links":{"self":[{"href":"https:\/\/revistazetta.com\/index.php?rest_route=\/wp\/v2\/posts\/52839","targetHints":{"allow":["GET"]}}],"collection":[{"href":"https:\/\/revistazetta.com\/index.php?rest_route=\/wp\/v2\/posts"}],"about":[{"href":"https:\/\/revistazetta.com\/index.php?rest_route=\/wp\/v2\/types\/post"}],"author":[{"embeddable":true,"href":"https:\/\/revistazetta.com\/index.php?rest_route=\/wp\/v2\/users\/3"}],"replies":[{"embeddable":true,"href":"https:\/\/revistazetta.com\/index.php?rest_route=%2Fwp%2Fv2%2Fcomments&post=52839"}],"version-history":[{"count":0,"href":"https:\/\/revistazetta.com\/index.php?rest_route=\/wp\/v2\/posts\/52839\/revisions"}],"wp:featuredmedia":[{"embeddable":true,"href":"https:\/\/revistazetta.com\/index.php?rest_route=\/wp\/v2\/media\/52840"}],"wp:attachment":[{"href":"https:\/\/revistazetta.com\/index.php?rest_route=%2Fwp%2Fv2%2Fmedia&parent=52839"}],"wp:term":[{"taxonomy":"category","embeddable":true,"href":"https:\/\/revistazetta.com\/index.php?rest_route=%2Fwp%2Fv2%2Fcategories&post=52839"},{"taxonomy":"post_tag","embeddable":true,"href":"https:\/\/revistazetta.com\/index.php?rest_route=%2Fwp%2Fv2%2Ftags&post=52839"}],"curies":[{"name":"wp","href":"https:\/\/api.w.org\/{rel}","templated":true}]}}