{"id":52844,"date":"2024-01-12T07:53:48","date_gmt":"2024-01-12T12:53:48","guid":{"rendered":"https:\/\/revistazetta.com\/?p=52844"},"modified":"2024-01-12T09:08:13","modified_gmt":"2024-01-12T14:08:13","slug":"respaldaron-a-dumek-en-campana-y-ahora-se-declaran-bancadas-de-gobierno-asi-partido-liberal-y-centro-democratico","status":"publish","type":"post","link":"https:\/\/revistazetta.com\/?p=52844","title":{"rendered":"Respaldaron a Dumek en campa\u00f1a y ahora se declaran bancadas de gobierno: ASI, Partido Liberal y Centro Democr\u00e1tico"},"content":{"rendered":"<p style=\"padding-left: 40px;\"><span style=\"color: #0000ff;\"><strong><span class=\"OYPEnA text-decoration-none text-strikethrough-none\">Nuevo Liberalismo aval\u00f3 al alcalde y Cambio Radical lo respald\u00f3 p\u00fablicamente, se esperan sus declaraciones como bancadas de gobierno. Partido Conservador, La U y Cartagena Mejor tambi\u00e9n lo har\u00edan.<\/span> <span class=\"OYPEnA text-decoration-none text-strikethrough-none\">Alianza Verde ser\u00e1 independiente y solo Pacto Hist\u00f3rico est\u00e1 definido como oposici\u00f3n.<\/span><\/strong><\/span><\/p>\n<p><strong>Cartagena de Indias, 12 de enero de 2024.-<\/strong> Los partidos ASI, Liberal y Centro Democr\u00e1tico, que representan seis concejales, se declararon \u00abbancadas de gobierno\u00bb y trabajar\u00e1n en sinton\u00eda con el gobierno del alcalde Dumek Turbay.<\/p>\n<p>Igual declaratoria se espera de Nuevo Liberalismo (partido que coaval\u00f3 al alcalde Dumek Turbay), Cambio Radical, la U, Cartagena Mejor y partido Conservador, lo que sumar\u00eda nueve concejales m\u00e1s a las bancadas de gobierno, para un total de 15.<\/p>\n<p>El partido Alianza Verde se declarar\u00e1 independiente, pues ese es el consenso interno y solo esperan la ratificaci\u00f3n de la directiva central en Bogot\u00e1 para hacerlo oficial.<\/p>\n<p>El partido MAIS, del concejal Javier Julio, quien lleg\u00f3 como segunda votaci\u00f3n para Alcald\u00eda en la coalici\u00f3n del Pacto Hist\u00f3rico, se declarar\u00e1 bancada de oposici\u00f3n.<\/p>\n<p>As\u00ed est\u00e1n las bancadas:<\/p>\n<p><strong>Gobierno:<\/strong><\/p>\n<p>ASI: Liz Marina Paria, Edgard Mendoza y Laureano Curi.<\/p>\n<p>LIBERAL: Gloria Estrada y Hernando Pi\u00f1a.<\/p>\n<p>CENTRO DEMOCR\u00c1TICO: William P\u00e9rez.<\/p>\n<p><strong>Pr\u00e1cticamente de Gobierno, solo falta la declaratoria oficial:<\/strong><\/p>\n<p>CAMBIO RADICAL: Pedro Aponte, Wilson Toncel y Carlos Barrios.<\/p>\n<p>LA U: Lewis Montero.<\/p>\n<p>NUEVO LIBERALISMO: Johan Correa.<\/p>\n<p>CARTAGENA MEJOR: M\u00f3nica Villalobos.<\/p>\n<p>PARTIDO CONSERVADOR: David Caballero, Emanuel Vergara, Rafael Meza.<\/p>\n<p><strong>Independiente:<\/strong><\/p>\n<p>ALIANZA VERDE: Laura D\u00edaz, Armando C\u00f3rdoba y Carlos Raad.<\/p>\n<p><strong>Oposici\u00f3n:<\/strong><\/p>\n<p>PACTO HIST\u00d3RICO (MAIS): Javier Julio Bejarano.<\/p>\n","protected":false},"excerpt":{"rendered":"<p>Nuevo Liberalismo aval\u00f3 al alcalde y Cambio Radical lo respald\u00f3 p\u00fablicamente, se esperan sus declaraciones como bancadas de gobierno. Partido Conservador, La U y Cartagena Mejor tambi\u00e9n lo har\u00edan. Alianza Verde ser\u00e1 independiente y solo Pacto Hist\u00f3rico est\u00e1 definido como oposici\u00f3n. Cartagena de Indias, 12 de enero de 2024.- Los partidos ASI, Liberal y Centro Democr\u00e1tico, que representan seis concejales, se declararon \u00abbancadas de gobierno\u00bb y trabajar\u00e1n en sinton\u00eda con el gobierno del alcalde Dumek Turbay. Igual declaratoria se espera de Nuevo Liberalismo (partido que coaval\u00f3 al alcalde Dumek Turbay),&#8230; <\/p>\n","protected":false},"author":3,"featured_media":52845,"comment_status":"closed","ping_status":"closed","sticky":false,"template":"","format":"standard","meta":{"footnotes":"","_links_to":"","_links_to_target":""},"categories":[1450,27,4],"tags":[],"class_list":["post-52844","post","type-post","status-publish","format-standard","has-post-thumbnail","hentry","category-parasladers","category-politicaconcejo","category-politica"],"_links":{"self":[{"href":"https:\/\/revistazetta.com\/index.php?rest_route=\/wp\/v2\/posts\/52844","targetHints":{"allow":["GET"]}}],"collection":[{"href":"https:\/\/revistazetta.com\/index.php?rest_route=\/wp\/v2\/posts"}],"about":[{"href":"https:\/\/revistazetta.com\/index.php?rest_route=\/wp\/v2\/types\/post"}],"author":[{"embeddable":true,"href":"https:\/\/revistazetta.com\/index.php?rest_route=\/wp\/v2\/users\/3"}],"replies":[{"embeddable":true,"href":"https:\/\/revistazetta.com\/index.php?rest_route=%2Fwp%2Fv2%2Fcomments&post=52844"}],"version-history":[{"count":0,"href":"https:\/\/revistazetta.com\/index.php?rest_route=\/wp\/v2\/posts\/52844\/revisions"}],"wp:featuredmedia":[{"embeddable":true,"href":"https:\/\/revistazetta.com\/index.php?rest_route=\/wp\/v2\/media\/52845"}],"wp:attachment":[{"href":"https:\/\/revistazetta.com\/index.php?rest_route=%2Fwp%2Fv2%2Fmedia&parent=52844"}],"wp:term":[{"taxonomy":"category","embeddable":true,"href":"https:\/\/revistazetta.com\/index.php?rest_route=%2Fwp%2Fv2%2Fcategories&post=52844"},{"taxonomy":"post_tag","embeddable":true,"href":"https:\/\/revistazetta.com\/index.php?rest_route=%2Fwp%2Fv2%2Ftags&post=52844"}],"curies":[{"name":"wp","href":"https:\/\/api.w.org\/{rel}","templated":true}]}}