{"id":52931,"date":"2024-01-29T12:08:19","date_gmt":"2024-01-29T17:08:19","guid":{"rendered":"https:\/\/revistazetta.com\/?p=52931"},"modified":"2024-01-29T12:11:33","modified_gmt":"2024-01-29T17:11:33","slug":"a-disfrutar-a-lo-grande-con-el-xl-festival-del-frito-cartagenero","status":"publish","type":"post","link":"https:\/\/revistazetta.com\/?p=52931","title":{"rendered":"\u00a1A disfrutar a lo grande con el XL Festival del Frito Cartagenero!"},"content":{"rendered":"<p><strong>Cartagena de Indias, 29 de enero del 2024.-<\/strong> En el tradicional Festival del Frito Cartagenero decenas de nativos y visigtantes se dan cita en Chambac\u00fa para disfrutar de las delicias de las 50 matronas que participan con su arte gastron\u00f3mico.<\/p>\n<p><iframe loading=\"lazy\" title=\"YouTube video player\" src=\"https:\/\/www.youtube.com\/embed\/0s29CXHFl4g?si=rSrsKKxnX8MORsI3\" width=\"560\" height=\"315\" frameborder=\"0\" allowfullscreen=\"allowfullscreen\"><\/iframe><\/p>\n<p>\u201cQueremos invitarlos a todos a disfrutar de la mano de las matronas de lo mejores fritos y de las mejores delicias gastron\u00f3micas. Invitamos a todas las familias a que vengan a este lugar para que compren y apoyen estos emprendimientos, y por supuesto, para que disfrutemos todos en familia alrededor de gastronom\u00eda tradicional\u201d, expres\u00f3 Lucy Espinosa, directora del IPCC.<\/p>\n<p><img loading=\"lazy\" decoding=\"async\" class=\"alignnone size-medium wp-image-52934\" src=\"https:\/\/revistazetta.com\/wp-content\/uploads\/2024\/01\/IMG_5319-444x333.jpg\" alt=\"\" width=\"444\" height=\"333\" srcset=\"https:\/\/revistazetta.com\/wp-content\/uploads\/2024\/01\/IMG_5319-444x333.jpg 444w, https:\/\/revistazetta.com\/wp-content\/uploads\/2024\/01\/IMG_5319-1024x768.jpg 1024w, https:\/\/revistazetta.com\/wp-content\/uploads\/2024\/01\/IMG_5319-216x162.jpg 216w, https:\/\/revistazetta.com\/wp-content\/uploads\/2024\/01\/IMG_5319-1536x1152.jpg 1536w, https:\/\/revistazetta.com\/wp-content\/uploads\/2024\/01\/IMG_5319-2048x1536.jpg 2048w\" sizes=\"auto, (max-width: 444px) 100vw, 444px\" \/><\/p>\n<p>Las principales frituras que se degustan en este Festival son: empanada de carne, carima\u00f1ola, bu\u00f1uelo de frijol, arepita dulce, arepa de huevo tradicional y el frito innovador.<\/p>\n<p><img loading=\"lazy\" decoding=\"async\" class=\"alignnone size-medium wp-image-52936\" src=\"https:\/\/revistazetta.com\/wp-content\/uploads\/2024\/01\/IMG_5348-412x333.jpg\" alt=\"\" width=\"412\" height=\"333\" srcset=\"https:\/\/revistazetta.com\/wp-content\/uploads\/2024\/01\/IMG_5348-412x333.jpg 412w, https:\/\/revistazetta.com\/wp-content\/uploads\/2024\/01\/IMG_5348-1024x827.jpg 1024w, https:\/\/revistazetta.com\/wp-content\/uploads\/2024\/01\/IMG_5348-200x162.jpg 200w, https:\/\/revistazetta.com\/wp-content\/uploads\/2024\/01\/IMG_5348-1536x1241.jpg 1536w, https:\/\/revistazetta.com\/wp-content\/uploads\/2024\/01\/IMG_5348-2048x1655.jpg 2048w\" sizes=\"auto, (max-width: 412px) 100vw, 412px\" \/><\/p>\n<p>Los precios en este festival oscilan entre los $2.500 a $3.500, y el frito innovador por solo $6.500.<\/p>\n<p>Los cartageneros y visitantes a\u00fan est\u00e1n a tiempo de disfrutar de este gran festival que va hasta el pr\u00f3ximo<br \/>\n4 de febrero.<\/p>\n<p><img loading=\"lazy\" decoding=\"async\" class=\"alignnone size-medium wp-image-52935\" src=\"https:\/\/revistazetta.com\/wp-content\/uploads\/2024\/01\/IMG_5330-444x333.jpg\" alt=\"\" width=\"444\" height=\"333\" srcset=\"https:\/\/revistazetta.com\/wp-content\/uploads\/2024\/01\/IMG_5330-444x333.jpg 444w, https:\/\/revistazetta.com\/wp-content\/uploads\/2024\/01\/IMG_5330-1024x768.jpg 1024w, https:\/\/revistazetta.com\/wp-content\/uploads\/2024\/01\/IMG_5330-216x162.jpg 216w, https:\/\/revistazetta.com\/wp-content\/uploads\/2024\/01\/IMG_5330-1536x1152.jpg 1536w, https:\/\/revistazetta.com\/wp-content\/uploads\/2024\/01\/IMG_5330-2048x1536.jpg 2048w\" sizes=\"auto, (max-width: 444px) 100vw, 444px\" \/><\/p>\n<p>Cada noche distintos artistas concurren a la tarima instalada en Chambac\u00fa para compartir sus melod\u00edas con los amantes del frito cartagenero.<\/p>\n<p><img loading=\"lazy\" decoding=\"async\" class=\"alignnone size-medium wp-image-52933\" src=\"https:\/\/revistazetta.com\/wp-content\/uploads\/2024\/01\/ad5ecfad-6a94-4dde-b7e4-72c0072298ee-333x333.jpg\" alt=\"\" width=\"333\" height=\"333\" srcset=\"https:\/\/revistazetta.com\/wp-content\/uploads\/2024\/01\/ad5ecfad-6a94-4dde-b7e4-72c0072298ee-333x333.jpg 333w, https:\/\/revistazetta.com\/wp-content\/uploads\/2024\/01\/ad5ecfad-6a94-4dde-b7e4-72c0072298ee-1024x1024.jpg 1024w, https:\/\/revistazetta.com\/wp-content\/uploads\/2024\/01\/ad5ecfad-6a94-4dde-b7e4-72c0072298ee-162x162.jpg 162w, https:\/\/revistazetta.com\/wp-content\/uploads\/2024\/01\/ad5ecfad-6a94-4dde-b7e4-72c0072298ee-1536x1536.jpg 1536w, https:\/\/revistazetta.com\/wp-content\/uploads\/2024\/01\/ad5ecfad-6a94-4dde-b7e4-72c0072298ee-2048x2048.jpg 2048w\" sizes=\"auto, (max-width: 333px) 100vw, 333px\" \/><\/p>\n","protected":false},"excerpt":{"rendered":"<p>Cartagena de Indias, 29 de enero del 2024.- En el tradicional Festival del Frito Cartagenero decenas de nativos y visigtantes se dan cita en Chambac\u00fa para disfrutar de las delicias de las 50 matronas que participan con su arte gastron\u00f3mico. \u201cQueremos invitarlos a todos a disfrutar de la mano de las matronas de lo mejores fritos y de las mejores delicias gastron\u00f3micas. Invitamos a todas las familias a que vengan a este lugar para que compren y apoyen estos emprendimientos, y por supuesto, para que disfrutemos todos en familia alrededor&#8230; <\/p>\n","protected":false},"author":3,"featured_media":52937,"comment_status":"closed","ping_status":"closed","sticky":false,"template":"","format":"standard","meta":{"footnotes":"","_links_to":"","_links_to_target":""},"categories":[41,58,1450],"tags":[328,290,285,611,566],"class_list":["post-52931","post","type-post","status-publish","format-standard","has-post-thumbnail","hentry","category-cultura","category-cocina","category-parasladers","tag-cocina","tag-cultura","tag-destacada","tag-festival-del-frito","tag-ipcc"],"_links":{"self":[{"href":"https:\/\/revistazetta.com\/index.php?rest_route=\/wp\/v2\/posts\/52931","targetHints":{"allow":["GET"]}}],"collection":[{"href":"https:\/\/revistazetta.com\/index.php?rest_route=\/wp\/v2\/posts"}],"about":[{"href":"https:\/\/revistazetta.com\/index.php?rest_route=\/wp\/v2\/types\/post"}],"author":[{"embeddable":true,"href":"https:\/\/revistazetta.com\/index.php?rest_route=\/wp\/v2\/users\/3"}],"replies":[{"embeddable":true,"href":"https:\/\/revistazetta.com\/index.php?rest_route=%2Fwp%2Fv2%2Fcomments&post=52931"}],"version-history":[{"count":0,"href":"https:\/\/revistazetta.com\/index.php?rest_route=\/wp\/v2\/posts\/52931\/revisions"}],"wp:featuredmedia":[{"embeddable":true,"href":"https:\/\/revistazetta.com\/index.php?rest_route=\/wp\/v2\/media\/52937"}],"wp:attachment":[{"href":"https:\/\/revistazetta.com\/index.php?rest_route=%2Fwp%2Fv2%2Fmedia&parent=52931"}],"wp:term":[{"taxonomy":"category","embeddable":true,"href":"https:\/\/revistazetta.com\/index.php?rest_route=%2Fwp%2Fv2%2Fcategories&post=52931"},{"taxonomy":"post_tag","embeddable":true,"href":"https:\/\/revistazetta.com\/index.php?rest_route=%2Fwp%2Fv2%2Ftags&post=52931"}],"curies":[{"name":"wp","href":"https:\/\/api.w.org\/{rel}","templated":true}]}}