{"id":53178,"date":"2024-02-29T16:24:02","date_gmt":"2024-02-29T21:24:02","guid":{"rendered":"https:\/\/revistazetta.com\/?p=53178"},"modified":"2024-02-29T16:24:02","modified_gmt":"2024-02-29T21:24:02","slug":"alcalde-dumek-turbay-lanzo-en-anato-la-agenda-de-semana-santa-de-cartagena","status":"publish","type":"post","link":"https:\/\/revistazetta.com\/?p=53178","title":{"rendered":"Alcalde Dumek Turbay lanz\u00f3 en Anato la agenda de Semana Santa de Cartagena"},"content":{"rendered":"<div><strong>Cartagena de Indias, 29 de febrero de 2024.-<\/strong> El alcalde mayor de Cartagena, Dumek Turbay, junto a Corpoturismo, Instituto de Patrimonio y Cultura, Arquidi\u00f3cesis de Cartagena y Fundaci\u00f3n Centro Hist\u00f3rico, lanz\u00f3 oficialmente la agenda de Semana Santa que se vivir\u00e1 en la Heroica del 23 al 31 de marzo de 2024.<\/div>\n<div><\/div>\n<div>Esta propuesta hace parte de la campa\u00f1a \u00abVive Cartagena\u00bb, desde la l\u00ednea program\u00e1tica \u201cVive tu fe en Cartagena\u201d, una apuesta de ciudad que tiene como objetivo impulsar el turismo religioso. La agenda para la Semana Mayor se trabaj\u00f3 de manera articulada con la Arquidi\u00f3cesis, el Instituto de Patrimonio y Cultura de Cartagena, Corpoturismo, Fundaci\u00f3n Centro Historico, las autoridades, entidades distritales y gremios del sector turismo.<\/div>\n<div><img loading=\"lazy\" decoding=\"async\" class=\"alignnone size-medium wp-image-53188\" src=\"https:\/\/revistazetta.com\/wp-content\/uploads\/2024\/02\/WhatsApp-Image-2024-02-29-at-15.19.21-500x333.jpeg\" alt=\"\" width=\"500\" height=\"333\" srcset=\"https:\/\/revistazetta.com\/wp-content\/uploads\/2024\/02\/WhatsApp-Image-2024-02-29-at-15.19.21-500x333.jpeg 500w, https:\/\/revistazetta.com\/wp-content\/uploads\/2024\/02\/WhatsApp-Image-2024-02-29-at-15.19.21-1024x683.jpeg 1024w, https:\/\/revistazetta.com\/wp-content\/uploads\/2024\/02\/WhatsApp-Image-2024-02-29-at-15.19.21-243x162.jpeg 243w, https:\/\/revistazetta.com\/wp-content\/uploads\/2024\/02\/WhatsApp-Image-2024-02-29-at-15.19.21-1536x1024.jpeg 1536w, https:\/\/revistazetta.com\/wp-content\/uploads\/2024\/02\/WhatsApp-Image-2024-02-29-at-15.19.21-2048x1365.jpeg 2048w\" sizes=\"auto, (max-width: 500px) 100vw, 500px\" \/><\/div>\n<div><\/div>\n<div>La inauguraci\u00f3n de la Semana Santa inici\u00f3 con una procesi\u00f3n con sacerdotes, acompa\u00f1ados musicalmente por la Coral de Tierrambomba, j\u00f3venes talentosos que fueron formados por el maestro \u00c9dgar Avil\u00e1n y agrupaci\u00f3n que cautiv\u00f3 a todos los expositores de los diferentes stands que forman parte del pabell\u00f3n 4 de Corferias, que adem\u00e1s representan un poco de lo que podremos disfrutar en pocos d\u00edas durante la Semana Mayor.<\/div>\n<div>Decenas de asistentes a la feria se acercaron maravillados por la puesta en escena.<\/div>\n<div><img loading=\"lazy\" decoding=\"async\" class=\"alignnone size-medium wp-image-53183\" src=\"https:\/\/revistazetta.com\/wp-content\/uploads\/2024\/02\/WhatsApp-Image-2024-02-29-at-15.19.19-2-500x333.jpeg\" alt=\"\" width=\"500\" height=\"333\" srcset=\"https:\/\/revistazetta.com\/wp-content\/uploads\/2024\/02\/WhatsApp-Image-2024-02-29-at-15.19.19-2-500x333.jpeg 500w, https:\/\/revistazetta.com\/wp-content\/uploads\/2024\/02\/WhatsApp-Image-2024-02-29-at-15.19.19-2-1024x683.jpeg 1024w, https:\/\/revistazetta.com\/wp-content\/uploads\/2024\/02\/WhatsApp-Image-2024-02-29-at-15.19.19-2-243x162.jpeg 243w, https:\/\/revistazetta.com\/wp-content\/uploads\/2024\/02\/WhatsApp-Image-2024-02-29-at-15.19.19-2-1536x1024.jpeg 1536w, https:\/\/revistazetta.com\/wp-content\/uploads\/2024\/02\/WhatsApp-Image-2024-02-29-at-15.19.19-2-2048x1365.jpeg 2048w\" sizes=\"auto, (max-width: 500px) 100vw, 500px\" \/><\/div>\n<div>\u201cEn Cartagena est\u00e1n pasando cosas buenas y por eso nos vinimos hasta la capital para contar de todo lo que tenemos para brindar y de las bondades que trae invertir en la oferta de sol y playa, uno de los principales atractivos que tenemos, pero no el \u00fanico. En la actualidad trabajamos en un turismo sostenible, ecoamigable, donde los turistas nos ayudan a preservar a la ciudad para el futuro. En esta ocasi\u00f3n, en esa apuesta de recuperar el brillo y el esplendor de nuestra ciudad, resaltamos el turismo religioso y toda la oferta maravillosa de la que podr\u00e1n disfrutar, en medio de la Semana Santa, todas las personas que nos visiten\u201d, destac\u00f3 Turbay Paz.<\/div>\n<div><img loading=\"lazy\" decoding=\"async\" class=\"alignnone size-medium wp-image-53180\" src=\"https:\/\/revistazetta.com\/wp-content\/uploads\/2024\/02\/WhatsApp-Image-2024-02-29-at-15.19.18-1-500x333.jpeg\" alt=\"\" width=\"500\" height=\"333\" srcset=\"https:\/\/revistazetta.com\/wp-content\/uploads\/2024\/02\/WhatsApp-Image-2024-02-29-at-15.19.18-1-500x333.jpeg 500w, https:\/\/revistazetta.com\/wp-content\/uploads\/2024\/02\/WhatsApp-Image-2024-02-29-at-15.19.18-1-1024x683.jpeg 1024w, https:\/\/revistazetta.com\/wp-content\/uploads\/2024\/02\/WhatsApp-Image-2024-02-29-at-15.19.18-1-243x162.jpeg 243w, https:\/\/revistazetta.com\/wp-content\/uploads\/2024\/02\/WhatsApp-Image-2024-02-29-at-15.19.18-1-1536x1024.jpeg 1536w, https:\/\/revistazetta.com\/wp-content\/uploads\/2024\/02\/WhatsApp-Image-2024-02-29-at-15.19.18-1-2048x1365.jpeg 2048w\" sizes=\"auto, (max-width: 500px) 100vw, 500px\" \/><\/div>\n<div>Liliana Rodr\u00edguez, presidente ejecutiva de Corpoturismo, tambi\u00e9n se refiri\u00f3 a \u00a0la preparaci\u00f3n de Cartagena con miras a la Semana Santa. \u201cCartagena cuenta con un patrimonio religioso muy valioso, el cual es un gran tesoro cultural, arquitect\u00f3nico e hist\u00f3rico. No en vano el Centro y Getseman\u00ed tienen un circuito de siete templos que a\u00fan son lugares de culto. Y a esto podemos sumar los vestigios de claustros y capillas que hoy tienen otros usos pero que conservan historias maravillosas, historias que deben ser conocidas por locales y visitantes\u201d, afirm\u00f3 \u00a0Rodr\u00edguez.<\/div>\n<div><img loading=\"lazy\" decoding=\"async\" class=\"alignnone size-medium wp-image-53184\" src=\"https:\/\/revistazetta.com\/wp-content\/uploads\/2024\/02\/WhatsApp-Image-2024-02-29-at-15.19.19-500x333.jpeg\" alt=\"\" width=\"500\" height=\"333\" srcset=\"https:\/\/revistazetta.com\/wp-content\/uploads\/2024\/02\/WhatsApp-Image-2024-02-29-at-15.19.19-500x333.jpeg 500w, https:\/\/revistazetta.com\/wp-content\/uploads\/2024\/02\/WhatsApp-Image-2024-02-29-at-15.19.19-1024x683.jpeg 1024w, https:\/\/revistazetta.com\/wp-content\/uploads\/2024\/02\/WhatsApp-Image-2024-02-29-at-15.19.19-243x162.jpeg 243w, https:\/\/revistazetta.com\/wp-content\/uploads\/2024\/02\/WhatsApp-Image-2024-02-29-at-15.19.19-1536x1024.jpeg 1536w, https:\/\/revistazetta.com\/wp-content\/uploads\/2024\/02\/WhatsApp-Image-2024-02-29-at-15.19.19-2048x1365.jpeg 2048w\" sizes=\"auto, (max-width: 500px) 100vw, 500px\" \/><\/div>\n<div>Como parte de la agenda de Semana Santa, adem\u00e1s de todas las celebraciones lit\u00fargicas y de devoci\u00f3n popular, se tiene preparada una carrera 5k denominada \u201cCorre y anuncia tu fe\u201d, \u00a0en una ruta por los siete templos del Centro Hist\u00f3rico y ser\u00e1 el domingo de Pascua, la cual incluye a todo el personal amante del deporte y la actividad f\u00edsica.<\/div>\n<div>\u00abEl IPCC los invita a pasar la Semana Santa en Cartagena, pueden disfrutar de nuestras tradiciones; desde la m\u00fasica y encuentros corales en nuestras iglesias, para que vivan el patrimonio y Semana Santa, pero tambi\u00e9n del Festival del Dulce y la Comida T\u00edpica, de nuestros sonidos y sabores para que \u00a1vivan Cartagena!\u00bb, anot\u00f3 Karolyn Saldarriaga, vocera delegada del IPCC.<\/div>\n<div><img loading=\"lazy\" decoding=\"async\" class=\"alignnone size-medium wp-image-53187\" src=\"https:\/\/revistazetta.com\/wp-content\/uploads\/2024\/02\/WhatsApp-Image-2024-02-29-at-15.19.21-1-500x333.jpeg\" alt=\"\" width=\"500\" height=\"333\" srcset=\"https:\/\/revistazetta.com\/wp-content\/uploads\/2024\/02\/WhatsApp-Image-2024-02-29-at-15.19.21-1-500x333.jpeg 500w, https:\/\/revistazetta.com\/wp-content\/uploads\/2024\/02\/WhatsApp-Image-2024-02-29-at-15.19.21-1-1024x683.jpeg 1024w, https:\/\/revistazetta.com\/wp-content\/uploads\/2024\/02\/WhatsApp-Image-2024-02-29-at-15.19.21-1-243x162.jpeg 243w, https:\/\/revistazetta.com\/wp-content\/uploads\/2024\/02\/WhatsApp-Image-2024-02-29-at-15.19.21-1-1536x1024.jpeg 1536w, https:\/\/revistazetta.com\/wp-content\/uploads\/2024\/02\/WhatsApp-Image-2024-02-29-at-15.19.21-1-2048x1365.jpeg 2048w\" sizes=\"auto, (max-width: 500px) 100vw, 500px\" \/><\/div>\n<div>La agenda no solo es para quienes profesen la fe cat\u00f3lica, es una propuesta variada para disfrutar de esa temporada vacacional, todos podr\u00e1n participar de los eventos y actividades programadas.<\/div>\n<div>Gran parte del turismo romance o de bodas, se hace en articulaci\u00f3n con estos bellos templos y son el epicentro de experiencias que han llevado a Cartagena a las principales portadas con bodas reales, de grandes personalidades de la moda, el deporte, la pol\u00edtica, entre otros.<\/div>\n<div>Para apreciar estos templos habr\u00e1 una amplia oferta de horarios de atenci\u00f3n, misas o recorridos con audio gu\u00edas que permite al turista que viene a pasear, a una reuni\u00f3n o \u00a0convenci\u00f3n apreciar la riqueza art\u00edstica y patrimonial de nuestros templos y claustros. Es importante resaltar que los audios gu\u00edas permanecer\u00e1n por el resto del a\u00f1o.<\/div>\n<div>Con la agenda de Semana Santa 2024, se pone en marcha el plan piloto de posicionamiento de Cartagena como destino tur\u00edstico religioso.<\/div>\n<div><img loading=\"lazy\" decoding=\"async\" class=\"alignnone size-medium wp-image-53181\" src=\"https:\/\/revistazetta.com\/wp-content\/uploads\/2024\/02\/WhatsApp-Image-2024-02-29-at-15.19.18-500x333.jpeg\" alt=\"\" width=\"500\" height=\"333\" srcset=\"https:\/\/revistazetta.com\/wp-content\/uploads\/2024\/02\/WhatsApp-Image-2024-02-29-at-15.19.18-500x333.jpeg 500w, https:\/\/revistazetta.com\/wp-content\/uploads\/2024\/02\/WhatsApp-Image-2024-02-29-at-15.19.18-1024x683.jpeg 1024w, https:\/\/revistazetta.com\/wp-content\/uploads\/2024\/02\/WhatsApp-Image-2024-02-29-at-15.19.18-243x162.jpeg 243w, https:\/\/revistazetta.com\/wp-content\/uploads\/2024\/02\/WhatsApp-Image-2024-02-29-at-15.19.18-1536x1024.jpeg 1536w, https:\/\/revistazetta.com\/wp-content\/uploads\/2024\/02\/WhatsApp-Image-2024-02-29-at-15.19.18-2048x1365.jpeg 2048w\" sizes=\"auto, (max-width: 500px) 100vw, 500px\" \/><\/div>\n<div><\/div>\n<div><strong>Agenda Semana Santa 2024, del 23 al 31 de marzo.<\/strong><\/div>\n<div><\/div>\n<div>\u2022 23 de marzo: \u201cLUCERNARIO\u201d CONSAGRACI\u00d3N DE CARTAGENA DE INDIAS, Plaza Fern\u00e1ndez de Madrid, 6:30 P.M.<\/div>\n<div>\u2022 24 de marzo: PEREGRINAJE \u201cRECORRIDO DE LAS PALMAS\u201d, Teatro Adolfo Mej\u00eda, 8:30 A.M.<\/div>\n<div>\u2022 25 de marzo: \u201cMisa CRISMAL\u201d, Catedral Santa Catalina, 10:00 A.M.<\/div>\n<div>\u2022 25 de marzo: \u201cVIVE TU PLAZA SANTICO\u201d, Plaza de Los Coches, 5:00 p.m.<\/div>\n<div>\u2022 26 de marzo: \u201cVIVE TU V\u00cdA-CRUCIS INFANTIL\u201d, Plaza de La Aduana, 3:00 p.m.<\/div>\n<div>\u2022 26 de marzo: \u201cVIVE TU PLAZA SANTICO\u201d, Plaza de Los Coches, 5:00 p.m.<\/div>\n<div>\u2022 27 de marzo: \u201cCONFESAT\u00d3N: VIVE LA MISERICORD\u00cdA, Plaza de La Proclamaci\u00f3n, 5:00 p.m.<\/div>\n<div>\u2022 28 de marzo: \u201cPEREGRINACI\u00d3N POR LAS 7 IGLESIAS\u201d, 7:00 P.M.<\/div>\n<div>\u2022 29 de marzo: \u201cV\u00cdA-CRUCIS CENTRO HIST\u00d3RICO\u201d, Plaza de La Aduana, 7:30 a.m.<\/div>\n<div>\u2022 29 de marzo: \u201cRECORRIDO CON LA DOLOROSA\u201d Plaza de Los Coches, 6:30 p.m.<\/div>\n<div>\u2022 30 de marzo: \u201cJORNADA MUNDIAL DE LA JUVENTUD\u201d, Primera estaci\u00f3n subida al Convento de la Popa, 8:00 a.m.<\/div>\n<div>\u2022 30 de marzo: \u201cVIGILIA PASCUAL\u201d, en todas las parroquias de la ciudad, 7:00 P.M.<\/div>\n<div>\u2022 31 de marzo: \u201cCORRE Y ANUNCIA TU FE; VIVE LA PASCUA\u201d, carrera 5k por las iglesias del Centro Hist\u00f3rico, 8:00 a.m.<\/div>\n<div><img loading=\"lazy\" decoding=\"async\" class=\"alignnone size-medium wp-image-53185\" src=\"https:\/\/revistazetta.com\/wp-content\/uploads\/2024\/02\/WhatsApp-Image-2024-02-29-at-15.19.20-1-498x333.jpeg\" alt=\"\" width=\"498\" height=\"333\" srcset=\"https:\/\/revistazetta.com\/wp-content\/uploads\/2024\/02\/WhatsApp-Image-2024-02-29-at-15.19.20-1-498x333.jpeg 498w, https:\/\/revistazetta.com\/wp-content\/uploads\/2024\/02\/WhatsApp-Image-2024-02-29-at-15.19.20-1-1024x684.jpeg 1024w, https:\/\/revistazetta.com\/wp-content\/uploads\/2024\/02\/WhatsApp-Image-2024-02-29-at-15.19.20-1-242x162.jpeg 242w, https:\/\/revistazetta.com\/wp-content\/uploads\/2024\/02\/WhatsApp-Image-2024-02-29-at-15.19.20-1-1536x1026.jpeg 1536w, https:\/\/revistazetta.com\/wp-content\/uploads\/2024\/02\/WhatsApp-Image-2024-02-29-at-15.19.20-1.jpeg 1600w\" sizes=\"auto, (max-width: 498px) 100vw, 498px\" \/><\/div>\n<div><\/div>\n<div><strong>Agenda art\u00edstica, cultural y gastron\u00f3mica<\/strong><\/div>\n<div>\u2022 Del 23 al 31 de marzo: \u201cFESTIVAL DEL DULCE Y COMIDA T\u00cdPICA\u201d, Plaza de La Aduana, de 9:00 a.m. en adelante.<\/div>\n<div>\u2022 Del 23 al 31 de marzo: \u201cLOS SABORES DE SEMANA SANTA: Ruta Gastron\u00f3mica\u201d, restaurantes y comercios del Centro Hist\u00f3rico de Cartagena y Barrio Getseman\u00ed<\/div>\n<div>\u2022 27, 28, 29 y 30 marzo: \u201cFESTIVAL DE M\u00daSICA SACRA\u201d<\/div>\n<div><\/div>\n<div><img loading=\"lazy\" decoding=\"async\" class=\"alignnone size-medium wp-image-53186\" src=\"https:\/\/revistazetta.com\/wp-content\/uploads\/2024\/02\/WhatsApp-Image-2024-02-29-at-15.19.20-498x333.jpeg\" alt=\"\" width=\"498\" height=\"333\" srcset=\"https:\/\/revistazetta.com\/wp-content\/uploads\/2024\/02\/WhatsApp-Image-2024-02-29-at-15.19.20-498x333.jpeg 498w, https:\/\/revistazetta.com\/wp-content\/uploads\/2024\/02\/WhatsApp-Image-2024-02-29-at-15.19.20-1024x684.jpeg 1024w, https:\/\/revistazetta.com\/wp-content\/uploads\/2024\/02\/WhatsApp-Image-2024-02-29-at-15.19.20-242x162.jpeg 242w, https:\/\/revistazetta.com\/wp-content\/uploads\/2024\/02\/WhatsApp-Image-2024-02-29-at-15.19.20-1536x1026.jpeg 1536w, https:\/\/revistazetta.com\/wp-content\/uploads\/2024\/02\/WhatsApp-Image-2024-02-29-at-15.19.20.jpeg 1600w\" sizes=\"auto, (max-width: 498px) 100vw, 498px\" \/><\/div>\n<div><\/div>\n","protected":false},"excerpt":{"rendered":"<p>Cartagena de Indias, 29 de febrero de 2024.- El alcalde mayor de Cartagena, Dumek Turbay, junto a Corpoturismo, Instituto de Patrimonio y Cultura, Arquidi\u00f3cesis de Cartagena y Fundaci\u00f3n Centro Hist\u00f3rico, lanz\u00f3 oficialmente la agenda de Semana Santa que se vivir\u00e1 en la Heroica del 23 al 31 de marzo de 2024. Esta propuesta hace parte de la campa\u00f1a \u00abVive Cartagena\u00bb, desde la l\u00ednea program\u00e1tica \u201cVive tu fe en Cartagena\u201d, una apuesta de ciudad que tiene como objetivo impulsar el turismo religioso. La agenda para la Semana Mayor se trabaj\u00f3 de&#8230; <\/p>\n","protected":false},"author":3,"featured_media":53179,"comment_status":"closed","ping_status":"closed","sticky":false,"template":"","format":"standard","meta":{"footnotes":"","_links_to":"","_links_to_target":""},"categories":[1450,6],"tags":[191,285,74,753,302],"class_list":["post-53178","post","type-post","status-publish","format-standard","has-post-thumbnail","hentry","category-parasladers","category-turismo","tag-cartagena-de-indias","tag-destacada","tag-dumek-turbay","tag-semana-santa","tag-turismo"],"_links":{"self":[{"href":"https:\/\/revistazetta.com\/index.php?rest_route=\/wp\/v2\/posts\/53178","targetHints":{"allow":["GET"]}}],"collection":[{"href":"https:\/\/revistazetta.com\/index.php?rest_route=\/wp\/v2\/posts"}],"about":[{"href":"https:\/\/revistazetta.com\/index.php?rest_route=\/wp\/v2\/types\/post"}],"author":[{"embeddable":true,"href":"https:\/\/revistazetta.com\/index.php?rest_route=\/wp\/v2\/users\/3"}],"replies":[{"embeddable":true,"href":"https:\/\/revistazetta.com\/index.php?rest_route=%2Fwp%2Fv2%2Fcomments&post=53178"}],"version-history":[{"count":0,"href":"https:\/\/revistazetta.com\/index.php?rest_route=\/wp\/v2\/posts\/53178\/revisions"}],"wp:featuredmedia":[{"embeddable":true,"href":"https:\/\/revistazetta.com\/index.php?rest_route=\/wp\/v2\/media\/53179"}],"wp:attachment":[{"href":"https:\/\/revistazetta.com\/index.php?rest_route=%2Fwp%2Fv2%2Fmedia&parent=53178"}],"wp:term":[{"taxonomy":"category","embeddable":true,"href":"https:\/\/revistazetta.com\/index.php?rest_route=%2Fwp%2Fv2%2Fcategories&post=53178"},{"taxonomy":"post_tag","embeddable":true,"href":"https:\/\/revistazetta.com\/index.php?rest_route=%2Fwp%2Fv2%2Ftags&post=53178"}],"curies":[{"name":"wp","href":"https:\/\/api.w.org\/{rel}","templated":true}]}}