{"id":53189,"date":"2024-02-29T16:30:17","date_gmt":"2024-02-29T21:30:17","guid":{"rendered":"https:\/\/revistazetta.com\/?p=53189"},"modified":"2024-02-29T16:31:00","modified_gmt":"2024-02-29T21:31:00","slug":"de-baru-a-anato-chicos-voy-le-apuestan-a-una-mejor-atencion-al-turista-en-la-isla-de-baru","status":"publish","type":"post","link":"https:\/\/revistazetta.com\/?p=53189","title":{"rendered":"De Bar\u00fa a Anato: \u00abChicos voy\u00bb le apuestan a una mejor atenci\u00f3n al turista en la isla de Bar\u00fa"},"content":{"rendered":"<p style=\"padding-left: 40px;\"><span style=\"color: #0000ff;\">Los \u2018Chicos Voy\u2019 son intermediarios tur\u00edsticos que brindan servicios de calidad, para facilitar la experiencia de viaje de los turistas a la isla de Bar\u00fa. Estas actividades incluyen la organizaci\u00f3n de paquetes gastron\u00f3micos y de entretenimiento. Con el apoyo de la Fundaci\u00f3n Santo Domingo, 37 representantes de la corporaci\u00f3n \u2018Chicos Voy\u2019 de la isla de Bar\u00fa participaron en un programa de formaci\u00f3n para potenciar la atenci\u00f3n al turista y hoy participan en uno de los eventos m\u00e1s importantes en el sector tur\u00edstico del pa\u00eds: Vitrina tur\u00edstica de ANATO.<\/span><\/p>\n<p><strong>Cartagena de Indias, 29 de febrero de 2024.-<\/strong> Con el fin de promocionar el desarrollo tur\u00edstico de la isla de Bar\u00fa, representantes de la corporaci\u00f3n de intermediarios tur\u00edsticos \u2018Chicos Voy\u2019 participan en la Vitrina de la Asociaci\u00f3n Colombiana de Agencias de Viajes y Turismo -ANATO, el evento de promoci\u00f3n de viajes y turismo m\u00e1s importante del pa\u00eds.<\/p>\n<p>Los \u2018Chicos Voy\u2019 son un colectivo de personas que reciben al turista cuando viaja por tierra a Playa Blanca y brindan servicios para facilitar la experiencia de viaje de los turistas; su objetivo es potenciar a Bar\u00fa como un destino de turismo inclusivo y responsable que impulsa la econom\u00eda local.<\/p>\n<p><img loading=\"lazy\" decoding=\"async\" class=\"alignnone size-medium wp-image-53191\" src=\"https:\/\/revistazetta.com\/wp-content\/uploads\/2024\/02\/WhatsApp-Image-2024-02-29-at-14.37.33-1-500x333.jpeg\" alt=\"\" width=\"500\" height=\"333\" srcset=\"https:\/\/revistazetta.com\/wp-content\/uploads\/2024\/02\/WhatsApp-Image-2024-02-29-at-14.37.33-1-500x333.jpeg 500w, https:\/\/revistazetta.com\/wp-content\/uploads\/2024\/02\/WhatsApp-Image-2024-02-29-at-14.37.33-1-1024x682.jpeg 1024w, https:\/\/revistazetta.com\/wp-content\/uploads\/2024\/02\/WhatsApp-Image-2024-02-29-at-14.37.33-1-243x162.jpeg 243w, https:\/\/revistazetta.com\/wp-content\/uploads\/2024\/02\/WhatsApp-Image-2024-02-29-at-14.37.33-1-1536x1023.jpeg 1536w, https:\/\/revistazetta.com\/wp-content\/uploads\/2024\/02\/WhatsApp-Image-2024-02-29-at-14.37.33-1.jpeg 1600w\" sizes=\"auto, (max-width: 500px) 100vw, 500px\" \/><\/p>\n<p>Esta nueva visi\u00f3n de los \u2018Chicos voy\u2019 fue posible gracias a la formaci\u00f3n que promovi\u00f3 la Fundaci\u00f3n Santo Domingo en aspectos como experiencia al consumidor, programaci\u00f3n neuroling\u00fc\u00edstica, storytelling y marketing digital. 37 de sus miembros decidieron creer en el proceso y proyectar una imagen de calidad.<\/p>\n<p>\u201cDesde la Fundaci\u00f3n Santo Domingo impulsamos el desarrollo de la isla de Bar\u00fa y vimos el potencial de estas personas e identificamos la oportunidad de brindarles herramientas con una formaci\u00f3n integral y la formalizaci\u00f3n ante C\u00e1mara de Comercio. Con esto, buscamos aumentar las actividades formalizadas y mejorar el entorno econ\u00f3mico del turismo en la zona\u201d, expres\u00f3 Mar\u00eda Stephanie Gonz\u00e1lez, gerente de proyectos en Bar\u00fa de la Fundaci\u00f3n Santo Domingo.<\/p>\n<p>\u201cNadie cre\u00eda en nosotros, pero la Fundaci\u00f3n Santo Domingo nos dio la oportunidad y estamos agradecidos por todo el apoyo. Ahora tenemos una marca, aprendimos c\u00f3mo abordar al turista y tratarlo, para que quede con ganas de volver a la isla\u201d, afirm\u00f3 F\u00e9lix Pacheco, uno de los l\u00edderes del grupo \u201cChicos Voy\u201d de Bar\u00fa.<\/p>\n<p>Durante el proceso, crearon su propia marca con el eslogan \u201cexperiencias inolvidables en la isla de Bar\u00fa\u201d, adem\u00e1s, ahora est\u00e1n uniformados, con un carn\u00e9 que permite identificarlos, carta de precios y la p\u00e1gina web <span style=\"color: #0000ff;\"><a style=\"color: #0000ff;\" href=\"http:\/\/www.corporacionchicosvoy.com\" target=\"_blank\" rel=\"noopener\">http:\/\/www.corporacionchicosvoy.com<\/a><\/span>, donde el turista podr\u00e1 acceder a los servicios ofertados y sus precios y, pr\u00f3ximamente, calificar el servicio prestado.<\/p>\n<p>\u201cAl principio ten\u00edamos dudas, porque hab\u00edan llegado muchas promesas falsas que quedaban en nada, pero decidimos entre todos creer en este proceso y aqu\u00ed estamos viendo los cambios\u201d, afirm\u00f3 Esneider So\u00f1eth, otro de los l\u00edderes.<\/p>\n<p><strong>Participaci\u00f3n en una vitrina de lujo<\/strong><\/p>\n<p>La participaci\u00f3n de los \u2018Chicos Voy\u2019 en ANATO tambi\u00e9n es posible gracias al apoyo de Corpoturismo, la organizaci\u00f3n de turismo de la ciudad de Cartagena, que ha cre\u00eddo en ellos como unos movilizadores del turismo responsable.<\/p>\n<p>\u201cDesde Corpoturismo seguimos apost\u00e1ndole a iniciativas de formalizaci\u00f3n, a trav\u00e9s de cooperativas de promotores tur\u00edsticos como los \u2018Chicos Voy\u2019, gracias al apoyo y articulaci\u00f3n con entidades y autoridades. Esta apuesta permite promover buenas pr\u00e1cticas en el territorio prestando un servicio de calidad a precios justos traduci\u00e9ndose en una mejor experiencia para nuestros visitantes, expres\u00f3 Liliana Rodr\u00edguez Hurtado.<\/p>\n<p>La Alcald\u00eda de Cartagena, a trav\u00e9s de Corpoturismo, promueve a Cartagena como destino con la campa\u00f1a #ViveCartagena, exposici\u00f3n que estar\u00e1 hasta este 1 de marzo en el pabell\u00f3n 4, stand 403 del recinto ferial Corferias. En este pabell\u00f3n se exhibir\u00e1 todo el gran Caribe colombiano.<\/p>\n","protected":false},"excerpt":{"rendered":"<p>Los \u2018Chicos Voy\u2019 son intermediarios tur\u00edsticos que brindan servicios de calidad, para facilitar la experiencia de viaje de los turistas a la isla de Bar\u00fa. Estas actividades incluyen la organizaci\u00f3n de paquetes gastron\u00f3micos y de entretenimiento. Con el apoyo de la Fundaci\u00f3n Santo Domingo, 37 representantes de la corporaci\u00f3n \u2018Chicos Voy\u2019 de la isla de Bar\u00fa participaron en un programa de formaci\u00f3n para potenciar la atenci\u00f3n al turista y hoy participan en uno de los eventos m\u00e1s importantes en el sector tur\u00edstico del pa\u00eds: Vitrina tur\u00edstica de ANATO. Cartagena de&#8230; <\/p>\n","protected":false},"author":3,"featured_media":53190,"comment_status":"closed","ping_status":"closed","sticky":false,"template":"","format":"standard","meta":{"footnotes":"","_links_to":"","_links_to_target":""},"categories":[6],"tags":[232,391,302],"class_list":["post-53189","post","type-post","status-publish","format-standard","has-post-thumbnail","hentry","category-turismo","tag-baru","tag-fundacion-santo-domingo","tag-turismo"],"_links":{"self":[{"href":"https:\/\/revistazetta.com\/index.php?rest_route=\/wp\/v2\/posts\/53189","targetHints":{"allow":["GET"]}}],"collection":[{"href":"https:\/\/revistazetta.com\/index.php?rest_route=\/wp\/v2\/posts"}],"about":[{"href":"https:\/\/revistazetta.com\/index.php?rest_route=\/wp\/v2\/types\/post"}],"author":[{"embeddable":true,"href":"https:\/\/revistazetta.com\/index.php?rest_route=\/wp\/v2\/users\/3"}],"replies":[{"embeddable":true,"href":"https:\/\/revistazetta.com\/index.php?rest_route=%2Fwp%2Fv2%2Fcomments&post=53189"}],"version-history":[{"count":0,"href":"https:\/\/revistazetta.com\/index.php?rest_route=\/wp\/v2\/posts\/53189\/revisions"}],"wp:featuredmedia":[{"embeddable":true,"href":"https:\/\/revistazetta.com\/index.php?rest_route=\/wp\/v2\/media\/53190"}],"wp:attachment":[{"href":"https:\/\/revistazetta.com\/index.php?rest_route=%2Fwp%2Fv2%2Fmedia&parent=53189"}],"wp:term":[{"taxonomy":"category","embeddable":true,"href":"https:\/\/revistazetta.com\/index.php?rest_route=%2Fwp%2Fv2%2Fcategories&post=53189"},{"taxonomy":"post_tag","embeddable":true,"href":"https:\/\/revistazetta.com\/index.php?rest_route=%2Fwp%2Fv2%2Ftags&post=53189"}],"curies":[{"name":"wp","href":"https:\/\/api.w.org\/{rel}","templated":true}]}}