{"id":53215,"date":"2024-03-05T16:13:03","date_gmt":"2024-03-05T21:13:03","guid":{"rendered":"https:\/\/revistazetta.com\/?p=53215"},"modified":"2024-03-05T16:13:03","modified_gmt":"2024-03-05T21:13:03","slug":"unibac-y-escuelas-profesionales-salesianas-fructifera-alianza-academica-entre-buenos-vecinos","status":"publish","type":"post","link":"https:\/\/revistazetta.com\/?p=53215","title":{"rendered":"Unibac y Escuelas Profesionales Salesianas, fruct\u00edfera alianza acad\u00e9mica entre buenos vecinos"},"content":{"rendered":"<p><b>Cartagena de Indias, 5 de marzo de 2024.-<\/b> En la calle de las B\u00f3vedas del barrio San Diego, en el Centro Hist\u00f3rico de Cartagena de Indias, hay dos instituciones de gran renombre educativo, Unibac y Escuelas Profesionales Salesianas, que son ejemplo de buena vecindad para afianzar una fruct\u00edfera alianza acad\u00e9mica.<\/p>\n<p>Las entidades acaban de renovar acuerdos que, entre otras ventajas, permite a estudiantes de Unibac realizar en las Escuelas Salesianas las pr\u00e1cticas sociales de 120 horas como requisito para graduarse.<\/p>\n<p>Las partes ratificaron los convenios suscritos para fortalecer la colaboraci\u00f3n y promover el desarrollo acad\u00e9mico, investigativo, de proyecci\u00f3n y bienestar, expresando la voluntad de establecer una colaboraci\u00f3n mutua para promover el apoyo acad\u00e9mico y log\u00edstico entre estudiantes y docentes.<\/p>\n<p>La ratificaci\u00f3n se concret\u00f3 en una reuni\u00f3n encabezada por Estela Barreto, vicerrectora acad\u00e9mica de Unibac, y el hermano Juan Carlos Echavarr\u00eda Z\u00fa\u00f1iga, rector de las Escuelas Profesionales Salesianas, en la que estuvieron presentes Edgar Ferrer Fortich, coordinador de Alianza de las Escuelas Profesionales Salesianas; M\u00f3nica Manosalva Gonz\u00e1lez, subdirectora Acad\u00e9mica de Unibac; Ang\u00e9lica Fortich, directora de Proyecci\u00f3n Social; Juvenal Miranda Moreno, director del Programa de Dise\u00f1o Industrial, y Elda Pe\u00f1aranda, de la Oficina de Pr\u00e1cticas Profesionales de Unibac.<\/p>\n<p>Las Escuelas y Unibac se comprometen a coordinar acciones que permitan optimizar el uso de recursos, incluyendo el intercambio de experiencias pedag\u00f3gicas, la planificaci\u00f3n conjunta de actividades acad\u00e9micas y la realizaci\u00f3n de proyectos interdisciplinarios.<\/p>\n<p>Ambas partes acuerdan explorar y desarrollar estrategias que faciliten la adaptaci\u00f3n de los planes de estudio a las necesidades y demandas del entorno educativo actual, fomentando la innovaci\u00f3n y la creatividad en el proceso de ense\u00f1anza-aprendizaje, la flexibilizaci\u00f3n curricular, el intercambio de conocimientos y recursos humanos.<\/p>\n<p>Se establecer\u00e1 un plan previamente concertado para el uso compartido de espacios e instalaciones, acceso a laboratorios, ambientes de formaci\u00f3n t\u00e9cnica, talleres, bibliotecas, escenarios deportivos y otras instalaciones que beneficien a ambas comunidades siempre y cuando sea factible y beneficioso para las partes, con el fin de enriquecer la experiencia educativa de los estudiantes y promover la colaboraci\u00f3n, fomentando el intercambio de conocimientos y experiencias.<\/p>\n<p>Se fomentar\u00e1 adem\u00e1s la colaboraci\u00f3n en la organizaci\u00f3n y participaci\u00f3n en eventos acad\u00e9micos, art\u00edsticos y culturales. Ambas instituciones buscar\u00e1n oportunidades para la realizaci\u00f3n de actividades conjuntas, como conferencias, exposiciones, talleres y otras iniciativas que promuevan el enriquecimiento acad\u00e9mico y cultural.<\/p>\n","protected":false},"excerpt":{"rendered":"<p>Cartagena de Indias, 5 de marzo de 2024.- En la calle de las B\u00f3vedas del barrio San Diego, en el Centro Hist\u00f3rico de Cartagena de Indias, hay dos instituciones de gran renombre educativo, Unibac y Escuelas Profesionales Salesianas, que son ejemplo de buena vecindad para afianzar una fruct\u00edfera alianza acad\u00e9mica. Las entidades acaban de renovar acuerdos que, entre otras ventajas, permite a estudiantes de Unibac realizar en las Escuelas Salesianas las pr\u00e1cticas sociales de 120 horas como requisito para graduarse. Las partes ratificaron los convenios suscritos para fortalecer la colaboraci\u00f3n&#8230; <\/p>\n","protected":false},"author":3,"featured_media":53216,"comment_status":"closed","ping_status":"closed","sticky":false,"template":"","format":"standard","meta":{"footnotes":"","_links_to":"","_links_to_target":""},"categories":[3,1450,51],"tags":[],"class_list":["post-53215","post","type-post","status-publish","format-standard","has-post-thumbnail","hentry","category-ciudad","category-parasladers","category-universidad"],"_links":{"self":[{"href":"https:\/\/revistazetta.com\/index.php?rest_route=\/wp\/v2\/posts\/53215","targetHints":{"allow":["GET"]}}],"collection":[{"href":"https:\/\/revistazetta.com\/index.php?rest_route=\/wp\/v2\/posts"}],"about":[{"href":"https:\/\/revistazetta.com\/index.php?rest_route=\/wp\/v2\/types\/post"}],"author":[{"embeddable":true,"href":"https:\/\/revistazetta.com\/index.php?rest_route=\/wp\/v2\/users\/3"}],"replies":[{"embeddable":true,"href":"https:\/\/revistazetta.com\/index.php?rest_route=%2Fwp%2Fv2%2Fcomments&post=53215"}],"version-history":[{"count":0,"href":"https:\/\/revistazetta.com\/index.php?rest_route=\/wp\/v2\/posts\/53215\/revisions"}],"wp:featuredmedia":[{"embeddable":true,"href":"https:\/\/revistazetta.com\/index.php?rest_route=\/wp\/v2\/media\/53216"}],"wp:attachment":[{"href":"https:\/\/revistazetta.com\/index.php?rest_route=%2Fwp%2Fv2%2Fmedia&parent=53215"}],"wp:term":[{"taxonomy":"category","embeddable":true,"href":"https:\/\/revistazetta.com\/index.php?rest_route=%2Fwp%2Fv2%2Fcategories&post=53215"},{"taxonomy":"post_tag","embeddable":true,"href":"https:\/\/revistazetta.com\/index.php?rest_route=%2Fwp%2Fv2%2Ftags&post=53215"}],"curies":[{"name":"wp","href":"https:\/\/api.w.org\/{rel}","templated":true}]}}