{"id":53441,"date":"2024-04-17T09:54:55","date_gmt":"2024-04-17T14:54:55","guid":{"rendered":"https:\/\/revistazetta.com\/?p=53441"},"modified":"2024-04-17T09:54:55","modified_gmt":"2024-04-17T14:54:55","slug":"dumek-reconviene-al-hotel-sofitel-santa-clara-para-que-ahorre-agua","status":"publish","type":"post","link":"https:\/\/revistazetta.com\/?p=53441","title":{"rendered":"Dumek reconviene al Hotel Sofitel Santa Clara para que ahorre agua"},"content":{"rendered":"<p><strong>Cartagena de Indias, 17 de abril de 2024.-<\/strong> El hotel Sofitel Santa Clara fue reconvenido por el alcalde de Cartagena, Dumek Turbay, para que se una a los esfuerzos nacionales para el ahorro de agua, en esta \u00e9poca de escasez del l\u00edquido.<\/p>\n<p>El alcalde reaccion\u00f3 a un comentario de una cuenta de X (MacaLa Larrys @Cacerola17) donde muestra un video en el que un operario lanza un prolongado chorro de agua a una de las paredes del hotel, y pregunta \u00ab\u00bfno deber\u00edan estar ahorrando agua?\u00bb.<\/p>\n<p>El mandatario instruy\u00f3 a la Secretaria de Turismo, Teremar Londo\u00f1o, y a la presidenta de la Corporaci\u00f3n de Turismo, Liliana Rodr\u00edguez, para pedirle a lujoso hotel que se una a la campa\u00f1a nacional de racionalizaci\u00f3n y ahorro de agua. \u00abIgual a todo el sector tur\u00edstico de la ciudad\u00bb.<\/p>\n<p>En comentarios se anota que el video solo registra lo que sucede de paredes hacia afuera, e inquiere sobre c\u00f3mo ser\u00e1 el uso de agua de paredes hacia adentro, presumiendo un uso desbordado y sin consideraciones.<\/p>\n<p>\u00ab\u00bfDe no ser porque hay un video y una reacci\u00f3n del alcalde, el hotel seguir\u00eda desperdiciando agua?\u00bb.<\/p>\n<p>\u00abM\u00e1s conciencia, menos negocio\u00bb.<\/p>\n","protected":false},"excerpt":{"rendered":"<p>Cartagena de Indias, 17 de abril de 2024.- El hotel Sofitel Santa Clara fue reconvenido por el alcalde de Cartagena, Dumek Turbay, para que se una a los esfuerzos nacionales para el ahorro de agua, en esta \u00e9poca de escasez del l\u00edquido. El alcalde reaccion\u00f3 a un comentario de una cuenta de X (MacaLa Larrys @Cacerola17) donde muestra un video en el que un operario lanza un prolongado chorro de agua a una de las paredes del hotel, y pregunta \u00ab\u00bfno deber\u00edan estar ahorrando agua?\u00bb. El mandatario instruy\u00f3 a la&#8230; <\/p>\n","protected":false},"author":3,"featured_media":53442,"comment_status":"closed","ping_status":"closed","sticky":false,"template":"","format":"standard","meta":{"footnotes":"","_links_to":"","_links_to_target":""},"categories":[1450,38,6],"tags":[285,2036,316,302],"class_list":["post-53441","post","type-post","status-publish","format-standard","has-post-thumbnail","hentry","category-parasladers","category-turismo-hoteles","category-turismo","tag-destacada","tag-hotel-sofitel-santa-clara","tag-hoteles","tag-turismo"],"_links":{"self":[{"href":"https:\/\/revistazetta.com\/index.php?rest_route=\/wp\/v2\/posts\/53441","targetHints":{"allow":["GET"]}}],"collection":[{"href":"https:\/\/revistazetta.com\/index.php?rest_route=\/wp\/v2\/posts"}],"about":[{"href":"https:\/\/revistazetta.com\/index.php?rest_route=\/wp\/v2\/types\/post"}],"author":[{"embeddable":true,"href":"https:\/\/revistazetta.com\/index.php?rest_route=\/wp\/v2\/users\/3"}],"replies":[{"embeddable":true,"href":"https:\/\/revistazetta.com\/index.php?rest_route=%2Fwp%2Fv2%2Fcomments&post=53441"}],"version-history":[{"count":0,"href":"https:\/\/revistazetta.com\/index.php?rest_route=\/wp\/v2\/posts\/53441\/revisions"}],"wp:featuredmedia":[{"embeddable":true,"href":"https:\/\/revistazetta.com\/index.php?rest_route=\/wp\/v2\/media\/53442"}],"wp:attachment":[{"href":"https:\/\/revistazetta.com\/index.php?rest_route=%2Fwp%2Fv2%2Fmedia&parent=53441"}],"wp:term":[{"taxonomy":"category","embeddable":true,"href":"https:\/\/revistazetta.com\/index.php?rest_route=%2Fwp%2Fv2%2Fcategories&post=53441"},{"taxonomy":"post_tag","embeddable":true,"href":"https:\/\/revistazetta.com\/index.php?rest_route=%2Fwp%2Fv2%2Ftags&post=53441"}],"curies":[{"name":"wp","href":"https:\/\/api.w.org\/{rel}","templated":true}]}}