{"id":53480,"date":"2024-04-23T05:18:03","date_gmt":"2024-04-23T10:18:03","guid":{"rendered":"https:\/\/revistazetta.com\/?p=53480"},"modified":"2024-04-23T05:18:03","modified_gmt":"2024-04-23T10:18:03","slug":"datt-libera-al-centro-historico-del-mal-parqueo","status":"publish","type":"post","link":"https:\/\/revistazetta.com\/?p=53480","title":{"rendered":"Datt libera al Centro Hist\u00f3rico del mal parqueo"},"content":{"rendered":"<p style=\"padding-left: 40px;\"><span style=\"color: #0000ff;\"><em>Durante el primer d\u00eda de la Guerra Frontal contra el Mal Parqueo se impusieron 38 comparendos y 20 veh\u00edculos fueron inmovilizados.<\/em><\/span><\/p>\n<p><strong>Cartagena de Indias, 23 de abril de 2024.-<\/strong> El Departamento Administrativo de Tr\u00e1nsito y Transporte, DATT, comenz\u00f3 la Guerra Frontal contra el Mal Parqueo, con operativos de control en las calles del Tejadillo, de La Universidad, del Tabl\u00f3n, Segunda de Badillo, del Curato, de Las Damas, San Juan de Dios y Baloco.<\/p>\n<p>Con el acompa\u00f1amiento de la Polic\u00eda Nacional y un comando operativo del DATT y el apoyo de gr\u00faas, se hizo recorrido en estas calles donde no est\u00e1 permitido parquear.<\/p>\n<p><img loading=\"lazy\" decoding=\"async\" class=\"alignnone size-medium wp-image-53484\" src=\"https:\/\/revistazetta.com\/wp-content\/uploads\/2024\/04\/WhatsApp-Image-2024-04-22-at-19.33.17-1-500x333.jpeg\" alt=\"\" width=\"500\" height=\"333\" srcset=\"https:\/\/revistazetta.com\/wp-content\/uploads\/2024\/04\/WhatsApp-Image-2024-04-22-at-19.33.17-1-500x333.jpeg 500w, https:\/\/revistazetta.com\/wp-content\/uploads\/2024\/04\/WhatsApp-Image-2024-04-22-at-19.33.17-1-1024x682.jpeg 1024w, https:\/\/revistazetta.com\/wp-content\/uploads\/2024\/04\/WhatsApp-Image-2024-04-22-at-19.33.17-1-243x162.jpeg 243w, https:\/\/revistazetta.com\/wp-content\/uploads\/2024\/04\/WhatsApp-Image-2024-04-22-at-19.33.17-1.jpeg 1280w\" sizes=\"auto, (max-width: 500px) 100vw, 500px\" \/><\/p>\n<p>El primer d\u00eda de la implementaci\u00f3n de esta estrategia que busca recuperar la movilidad, el espacio p\u00fablico que es de todos y la seguridad vial de los peatones en el Centro Hist\u00f3rico, dej\u00f3 20 veh\u00edculos inmovilizados y 38 comparendos por mal parqueo, para un total de 58 conductores sancionados.<\/p>\n<p><img loading=\"lazy\" decoding=\"async\" class=\"alignnone size-medium wp-image-53487\" src=\"https:\/\/revistazetta.com\/wp-content\/uploads\/2024\/04\/WhatsApp-Image-2024-04-22-at-19.33.18-500x318.jpeg\" alt=\"\" width=\"500\" height=\"318\" srcset=\"https:\/\/revistazetta.com\/wp-content\/uploads\/2024\/04\/WhatsApp-Image-2024-04-22-at-19.33.18-500x318.jpeg 500w, https:\/\/revistazetta.com\/wp-content\/uploads\/2024\/04\/WhatsApp-Image-2024-04-22-at-19.33.18-1024x650.jpeg 1024w, https:\/\/revistazetta.com\/wp-content\/uploads\/2024\/04\/WhatsApp-Image-2024-04-22-at-19.33.18-250x159.jpeg 250w, https:\/\/revistazetta.com\/wp-content\/uploads\/2024\/04\/WhatsApp-Image-2024-04-22-at-19.33.18.jpeg 1280w\" sizes=\"auto, (max-width: 500px) 100vw, 500px\" \/><br \/>\nEstas jornadas se realizar\u00e1n diariamente, por eso se invita a conductores a parquear sus veh\u00edculos en lugares habilitados, o movilizarse en transporte p\u00fablico. El mal parqueo es una infracci\u00f3n al C\u00f3digo Nacional de Tr\u00e1nsito que tiene una multa de 15 salarios m\u00ednimos diarios legales vigentes, m\u00e1s la inmovilizaci\u00f3n del veh\u00edculo y los costos de gr\u00faa y patio.<\/p>\n<p><img loading=\"lazy\" decoding=\"async\" class=\"alignnone size-medium wp-image-53485\" src=\"https:\/\/revistazetta.com\/wp-content\/uploads\/2024\/04\/WhatsApp-Image-2024-04-22-at-19.33.17-500x299.jpeg\" alt=\"\" width=\"500\" height=\"299\" srcset=\"https:\/\/revistazetta.com\/wp-content\/uploads\/2024\/04\/WhatsApp-Image-2024-04-22-at-19.33.17-500x299.jpeg 500w, https:\/\/revistazetta.com\/wp-content\/uploads\/2024\/04\/WhatsApp-Image-2024-04-22-at-19.33.17-1024x612.jpeg 1024w, https:\/\/revistazetta.com\/wp-content\/uploads\/2024\/04\/WhatsApp-Image-2024-04-22-at-19.33.17-250x149.jpeg 250w, https:\/\/revistazetta.com\/wp-content\/uploads\/2024\/04\/WhatsApp-Image-2024-04-22-at-19.33.17-309x186.jpeg 309w, https:\/\/revistazetta.com\/wp-content\/uploads\/2024\/04\/WhatsApp-Image-2024-04-22-at-19.33.17.jpeg 1268w\" sizes=\"auto, (max-width: 500px) 100vw, 500px\" \/><\/p>\n<p>El director del Departamento Administrativo de Tr\u00e1nsito y Transporte, DATT, Jos\u00e9 Ricaurte, explic\u00f3 que todos los d\u00edas se har\u00e1n los operativos con el comando operativo del Tr\u00e1nsito, de la mano del a Polic\u00eda, para recuperar la movilidad en el Centro Hist\u00f3rico en v\u00edas donde no se puede parquear que est\u00e1 se\u00f1alizada. \u201cEs un mensaje que le hacemos a los cartageneros, para que utilicen el sistema de transporte p\u00fablico y alternativo, y as\u00ed avanzar en un Centro donde podamos caminar con tranquilidad\u201d.<\/p>\n<p>La pr\u00f3xima semana comienza la segunda fase que contempla las calles del Cuartel, Cochera del Gobernador, de los 7 Infantes, Carrera 2 (cord\u00f3n interno de las Murallas), Don Sancho y Las B\u00f3vedas.<\/p>\n<p><img loading=\"lazy\" decoding=\"async\" class=\"alignnone size-medium wp-image-53488\" src=\"https:\/\/revistazetta.com\/wp-content\/uploads\/2024\/04\/WhatsApp-Image-2024-04-22-at-19.33.19-500x299.jpeg\" alt=\"\" width=\"500\" height=\"299\" srcset=\"https:\/\/revistazetta.com\/wp-content\/uploads\/2024\/04\/WhatsApp-Image-2024-04-22-at-19.33.19-500x299.jpeg 500w, https:\/\/revistazetta.com\/wp-content\/uploads\/2024\/04\/WhatsApp-Image-2024-04-22-at-19.33.19-1024x612.jpeg 1024w, https:\/\/revistazetta.com\/wp-content\/uploads\/2024\/04\/WhatsApp-Image-2024-04-22-at-19.33.19-250x149.jpeg 250w, https:\/\/revistazetta.com\/wp-content\/uploads\/2024\/04\/WhatsApp-Image-2024-04-22-at-19.33.19-309x186.jpeg 309w, https:\/\/revistazetta.com\/wp-content\/uploads\/2024\/04\/WhatsApp-Image-2024-04-22-at-19.33.19.jpeg 1278w\" sizes=\"auto, (max-width: 500px) 100vw, 500px\" \/> \u00a0<img loading=\"lazy\" decoding=\"async\" class=\"alignnone size-medium wp-image-53486\" src=\"https:\/\/revistazetta.com\/wp-content\/uploads\/2024\/04\/WhatsApp-Image-2024-04-22-at-19.33.18-1-500x299.jpeg\" alt=\"\" width=\"500\" height=\"299\" srcset=\"https:\/\/revistazetta.com\/wp-content\/uploads\/2024\/04\/WhatsApp-Image-2024-04-22-at-19.33.18-1-500x299.jpeg 500w, https:\/\/revistazetta.com\/wp-content\/uploads\/2024\/04\/WhatsApp-Image-2024-04-22-at-19.33.18-1-1024x612.jpeg 1024w, https:\/\/revistazetta.com\/wp-content\/uploads\/2024\/04\/WhatsApp-Image-2024-04-22-at-19.33.18-1-250x149.jpeg 250w, https:\/\/revistazetta.com\/wp-content\/uploads\/2024\/04\/WhatsApp-Image-2024-04-22-at-19.33.18-1-309x186.jpeg 309w, https:\/\/revistazetta.com\/wp-content\/uploads\/2024\/04\/WhatsApp-Image-2024-04-22-at-19.33.18-1.jpeg 1263w\" sizes=\"auto, (max-width: 500px) 100vw, 500px\" \/><\/p>\n<p>&nbsp;<\/p>\n","protected":false},"excerpt":{"rendered":"<p>Durante el primer d\u00eda de la Guerra Frontal contra el Mal Parqueo se impusieron 38 comparendos y 20 veh\u00edculos fueron inmovilizados. Cartagena de Indias, 23 de abril de 2024.- El Departamento Administrativo de Tr\u00e1nsito y Transporte, DATT, comenz\u00f3 la Guerra Frontal contra el Mal Parqueo, con operativos de control en las calles del Tejadillo, de La Universidad, del Tabl\u00f3n, Segunda de Badillo, del Curato, de Las Damas, San Juan de Dios y Baloco. Con el acompa\u00f1amiento de la Polic\u00eda Nacional y un comando operativo del DATT y el apoyo de&#8230; <\/p>\n","protected":false},"author":3,"featured_media":53482,"comment_status":"closed","ping_status":"closed","sticky":false,"template":"","format":"standard","meta":{"footnotes":"","_links_to":"","_links_to_target":""},"categories":[1450,32,87],"tags":[285,296,194],"class_list":["post-53480","post","type-post","status-publish","format-standard","has-post-thumbnail","hentry","category-parasladers","category-actualidad-distrito","category-movilidad","tag-destacada","tag-distrito","tag-movilidad"],"_links":{"self":[{"href":"https:\/\/revistazetta.com\/index.php?rest_route=\/wp\/v2\/posts\/53480","targetHints":{"allow":["GET"]}}],"collection":[{"href":"https:\/\/revistazetta.com\/index.php?rest_route=\/wp\/v2\/posts"}],"about":[{"href":"https:\/\/revistazetta.com\/index.php?rest_route=\/wp\/v2\/types\/post"}],"author":[{"embeddable":true,"href":"https:\/\/revistazetta.com\/index.php?rest_route=\/wp\/v2\/users\/3"}],"replies":[{"embeddable":true,"href":"https:\/\/revistazetta.com\/index.php?rest_route=%2Fwp%2Fv2%2Fcomments&post=53480"}],"version-history":[{"count":0,"href":"https:\/\/revistazetta.com\/index.php?rest_route=\/wp\/v2\/posts\/53480\/revisions"}],"wp:featuredmedia":[{"embeddable":true,"href":"https:\/\/revistazetta.com\/index.php?rest_route=\/wp\/v2\/media\/53482"}],"wp:attachment":[{"href":"https:\/\/revistazetta.com\/index.php?rest_route=%2Fwp%2Fv2%2Fmedia&parent=53480"}],"wp:term":[{"taxonomy":"category","embeddable":true,"href":"https:\/\/revistazetta.com\/index.php?rest_route=%2Fwp%2Fv2%2Fcategories&post=53480"},{"taxonomy":"post_tag","embeddable":true,"href":"https:\/\/revistazetta.com\/index.php?rest_route=%2Fwp%2Fv2%2Ftags&post=53480"}],"curies":[{"name":"wp","href":"https:\/\/api.w.org\/{rel}","templated":true}]}}