{"id":53489,"date":"2024-04-23T05:29:03","date_gmt":"2024-04-23T10:29:03","guid":{"rendered":"https:\/\/revistazetta.com\/?p=53489"},"modified":"2024-04-23T05:29:03","modified_gmt":"2024-04-23T10:29:03","slug":"dumek-puso-en-marcha-mi-primera-chamba-programa-de-practicas-laborales","status":"publish","type":"post","link":"https:\/\/revistazetta.com\/?p=53489","title":{"rendered":"Dumek puso en marcha \u00abMi primera chamba\u00bb, programa de pr\u00e1cticas laborales"},"content":{"rendered":"<p style=\"padding-left: 40px;\"><span style=\"color: #0000ff;\"><em>En esta primera convocatoria podr\u00e1n acceder al programa de pr\u00e1cticas laborales un total de 250 j\u00f3venes, quienes tendr\u00e1n acceso a un subsidio de transporte y alimentaci\u00f3n\u00a0 de medio salario m\u00ednimo mensual legal vigente, S.M.M.L.V., equivalente a $650.000, adem\u00e1s de la dotaci\u00f3n de indumentaria e implementos parael desarrollo de su pr\u00e1ctica en el programa.<\/em><\/span><\/p>\n<p><strong>Cartagena de Indias, 22 de abril de 2024.-<\/strong> En cabeza del alcalde mayor de Cartagena, Dumek Turbay Paz, la Administraci\u00f3n Distrital present\u00f3 este lunes, en ceremonia cumplida en el Palacio de La Aduana, el programa de pr\u00e1cticas laborales \u00abMi primera chamba\u00bb, una iniciativa que apuesta por el acceso al \u00e1mbito laboral de los j\u00f3venes que cursan o que recientemente han culminado un proceso formativo profesional, tecnol\u00f3gico o t\u00e9cnico, en cuyos planes acad\u00e9micos se contemple la pr\u00e1ctica laboral como requisito para optar a la titulaci\u00f3n.<\/p>\n<p><img loading=\"lazy\" decoding=\"async\" class=\"alignnone size-medium wp-image-53491\" src=\"https:\/\/revistazetta.com\/wp-content\/uploads\/2024\/04\/WhatsApp-Image-2024-04-22-at-17.55.00-500x333.jpeg\" alt=\"\" width=\"500\" height=\"333\" srcset=\"https:\/\/revistazetta.com\/wp-content\/uploads\/2024\/04\/WhatsApp-Image-2024-04-22-at-17.55.00-500x333.jpeg 500w, https:\/\/revistazetta.com\/wp-content\/uploads\/2024\/04\/WhatsApp-Image-2024-04-22-at-17.55.00-1024x682.jpeg 1024w, https:\/\/revistazetta.com\/wp-content\/uploads\/2024\/04\/WhatsApp-Image-2024-04-22-at-17.55.00-243x162.jpeg 243w, https:\/\/revistazetta.com\/wp-content\/uploads\/2024\/04\/WhatsApp-Image-2024-04-22-at-17.55.00-1536x1023.jpeg 1536w, https:\/\/revistazetta.com\/wp-content\/uploads\/2024\/04\/WhatsApp-Image-2024-04-22-at-17.55.00.jpeg 1600w\" sizes=\"auto, (max-width: 500px) 100vw, 500px\" \/><\/p>\n<p>Para los j\u00f3venes esta ser\u00e1 una primera experiencia laboral para referenciar en sus hojas de vida y contar\u00e1n, durante su etapa de pr\u00e1cticas, con un reconocimiento a t\u00edtulo de subsidio econ\u00f3mico de sostenimiento en los t\u00e9rminos de Ley.<\/p>\n<p>\u00abMe siento muy contento de este momento. Creo que, sin duda, el gobierno que tengo la posibilidad y el honor de presidir, se encarga de entregarle a la gente buena noticias. Me llena de m\u00e1s satisfacci\u00f3n que hoy lancemos el programa mi Primera Chamba, una oportunidad para que los j\u00f3venes puedan acceder al mundo laboral\u00bb, dijo el alcalde mayor, Dumek Turbay.<\/p>\n<p>En esta primera convocatoria podr\u00e1n acceder al programa de pr\u00e1cticas laborales un total de 250 j\u00f3venes, quienes tendr\u00e1n acceso a un subsidio de transporte y alimentaci\u00f3n\u00a0 de medio salario m\u00ednimo mensual legal vigente, S.M.M.L.V., equivalente a $650.000, adem\u00e1s de la dotaci\u00f3n de indumentaria e implementos para el desarrollo de su pr\u00e1ctica en el programa.<\/p>\n<p>\u00abEn esta primera oportunidad, los 250 j\u00f3venes podr\u00e1n acceder a hacer sus pr\u00e1cticas en diferentes dependencias de la Alcald\u00eda. Por eso los invitamos a inscribirse\u00bb, se\u00f1al\u00f3 Alejandra Espinosa, asesora para la Creaci\u00f3n de Capital Social y Humano.<\/p>\n<p>Por su parte, Yira Morales, directora administrativa de Talento Humano, argument\u00f3 que esta es una gran oportunidad donde \u00ablos mismos j\u00f3venes pueden postularse y hacer todo el proceso con la Alcald\u00eda y es la Universidad la que da el certificado, donde se consta qu\u00e9 semestre y carrera estudia\u00bb.<\/p>\n<p><strong>\u00bfC\u00f3mo postularse?<\/strong><\/p>\n<p>1. Ingresa al enlace <a href=\"https:\/\/miprimerachamba.co\/\" target=\"_blank\" rel=\"noopener\">https:\/\/miprimerachamba.co\/<\/a>.<br \/>\n2. Desliza hasta el bot\u00f3n \u201cReg\u00edstrate\u201d.<br \/>\n3. Rellena las casillas con tus datos personales.<br \/>\n4. Ingresa a la bandeja de entrada del correo que inscribiste. Encontrar\u00e1s un mensaje de cartagena@becasboomerang.com<br \/>\n5. Confirma tu postulaci\u00f3n.<\/p>\n<p><strong>\u00bfQu\u00e9 requisito deben cumplir los j\u00f3venes aspirantes a \u2018Mi primera chamba\u2019?<\/strong><\/p>\n<p>\u00a7 Tener entre 18 &#8211; 28 a\u00f1os de edad.<br \/>\n\u00a7 Ser estudiante activo en etapa de pr\u00e1ctica profesional, tecnol\u00f3gica y\/o t\u00e9cnica de conformidad con lo establecido en el art\u00edculo 4 de la ley 2043 de 2020.<br \/>\n\u00a7 Ser egresados no graduado de uno de los programas acad\u00e9micos requeridos por el escenario de pr\u00e1cticas y cuya finalizaci\u00f3n acad\u00e9mica no sea mayor a 2 a\u00f1os.<br \/>\n\u00a7 Ser residente en el Distrito Tur\u00edstico y Cultural de Cartagena de Indias en estratos 1, 2 y 3.<br \/>\n\u00a7 Contar con un promedio acumulado m\u00ednimo de 3,5 en el programa acad\u00e9mico.<br \/>\n\u00a7 No tener antecedentes fiscales, disciplinarios y judiciales, medidas correctivas, inhabilidades por<br \/>\ndelitos judiciales.<br \/>\n\u00a7 Contar con Sisb\u00e9n vigente.<\/p>\n<p><strong>\u00bfCu\u00e1l ser\u00e1 el cronograma de selecci\u00f3n de j\u00f3venes para acceder a las pr\u00e1cticas laborales \u00abMi primera chamba\u00bb?<\/strong><\/p>\n<p>-19 al 30 de abril<br \/>\nConvocatoria \u2013 Inscripci\u00f3n estudiantes<br \/>\ninteresados.<\/p>\n<p>-2 al 10 de mayo<br \/>\nVerificaci\u00f3n de cumplimiento requisitos<br \/>\nm\u00ednimos y validez documentaci\u00f3n soporte.<\/p>\n<p>-14 al 22 de mayo<br \/>\nEntrevistas grupales a estudiantes<br \/>\npreseleccionados.<\/p>\n<p>-23 al 31 de mayo<br \/>\nReporte de seleccionados y formalizaci\u00f3n<br \/>\nde la vinculaci\u00f3n de los j\u00f3venes.<\/p>\n<p>1 de junio<br \/>\nPresentaci\u00f3n de los pioneros del programa<br \/>\nMi Primera Chamba a la ciudad.<\/p>\n<p><strong>\u00bfCu\u00e1les son los programas acad\u00e9micos que aplican en esta 1\u00aa convocatoria del programa \u00abMi primera Chamba\u00bb?<\/strong><\/p>\n<p>*PROGRAMAS T\u00c9CNICOS CUPOS*<\/p>\n<p>T\u00c9CNICO PROFESIONAL EN GESTI\u00d3N DOCUMENTAL (23)<br \/>\nT\u00c9CNICO PROFESIONAL EN PROCESOS ADMINISTRATIVOS (23)<br \/>\nT\u00c9CNICO PROFESIONAL EN SEGURIDAD Y SALUD EN EL TRABAJO (3)<\/p>\n<p>*PROGRAMAS TECNOL\u00d3GICOS CUPOS*<\/p>\n<p>TECNOLOG\u00cdA EN GESTI\u00d3N AGROPECUARIA (3)<br \/>\nTECNOLOG\u00cdA EN GESTI\u00d3N CONTABLE (4)<br \/>\nTECNOLOG\u00cdA EN SISTEMAS DE INFORMACI\u00d3N Y\/O SOFTWARE (3)<\/p>\n<p>*PROGRAMAS PROFESIONALES CUPOS*<br \/>\nADMINISTRACI\u00d3N DE EMPRESAS (7)<br \/>\nADMINISTRACI\u00d3N FINANCIERA (3)<br \/>\nADMINISTRACI\u00d3N P\u00daBLICA (4)<br \/>\nARQUITECTURA (3)<br \/>\nCIENCIAS POL\u00cdTICAS (7)<br \/>\nCOMUNICACI\u00d3N AUDIOVISUAL (2)<br \/>\nCOMUNICACI\u00d3N SOCIAL (5)<br \/>\nCONTADURIA (6)<br \/>\nDERECHO (63)<br \/>\nECONOMIA (6)<br \/>\nINGENIERIA CIVIL (6)<br \/>\nINGENIERIA MEC\u00c1NICA (1)<br \/>\nINGENIERIA DE ALIMENTOS (2)<br \/>\nINGENIERIA DE SISTEMAS (4)<br \/>\nINGENIERIA INDUSTRIAL (6)<br \/>\nPROFESIONAL EN SEGURIDAD Y SALUD EN EL TRABAJO (5)<br \/>\nTRABAJO SOCIAL (61)<\/p>\n<p>&nbsp;<\/p>\n","protected":false},"excerpt":{"rendered":"<p>En esta primera convocatoria podr\u00e1n acceder al programa de pr\u00e1cticas laborales un total de 250 j\u00f3venes, quienes tendr\u00e1n acceso a un subsidio de transporte y alimentaci\u00f3n\u00a0 de medio salario m\u00ednimo mensual legal vigente, S.M.M.L.V., equivalente a $650.000, adem\u00e1s de la dotaci\u00f3n de indumentaria e implementos parael desarrollo de su pr\u00e1ctica en el programa. Cartagena de Indias, 22 de abril de 2024.- En cabeza del alcalde mayor de Cartagena, Dumek Turbay Paz, la Administraci\u00f3n Distrital present\u00f3 este lunes, en ceremonia cumplida en el Palacio de La Aduana, el programa de pr\u00e1cticas&#8230; <\/p>\n","protected":false},"author":3,"featured_media":53490,"comment_status":"closed","ping_status":"closed","sticky":false,"template":"","format":"standard","meta":{"footnotes":"","_links_to":"","_links_to_target":""},"categories":[85,1450,32],"tags":[111,285,296,74,2045],"class_list":["post-53489","post","type-post","status-publish","format-standard","has-post-thumbnail","hentry","category-cartagena","category-parasladers","category-actualidad-distrito","tag-cartagena","tag-destacada","tag-distrito","tag-dumek-turbay","tag-mi-primera-chamba"],"_links":{"self":[{"href":"https:\/\/revistazetta.com\/index.php?rest_route=\/wp\/v2\/posts\/53489","targetHints":{"allow":["GET"]}}],"collection":[{"href":"https:\/\/revistazetta.com\/index.php?rest_route=\/wp\/v2\/posts"}],"about":[{"href":"https:\/\/revistazetta.com\/index.php?rest_route=\/wp\/v2\/types\/post"}],"author":[{"embeddable":true,"href":"https:\/\/revistazetta.com\/index.php?rest_route=\/wp\/v2\/users\/3"}],"replies":[{"embeddable":true,"href":"https:\/\/revistazetta.com\/index.php?rest_route=%2Fwp%2Fv2%2Fcomments&post=53489"}],"version-history":[{"count":0,"href":"https:\/\/revistazetta.com\/index.php?rest_route=\/wp\/v2\/posts\/53489\/revisions"}],"wp:featuredmedia":[{"embeddable":true,"href":"https:\/\/revistazetta.com\/index.php?rest_route=\/wp\/v2\/media\/53490"}],"wp:attachment":[{"href":"https:\/\/revistazetta.com\/index.php?rest_route=%2Fwp%2Fv2%2Fmedia&parent=53489"}],"wp:term":[{"taxonomy":"category","embeddable":true,"href":"https:\/\/revistazetta.com\/index.php?rest_route=%2Fwp%2Fv2%2Fcategories&post=53489"},{"taxonomy":"post_tag","embeddable":true,"href":"https:\/\/revistazetta.com\/index.php?rest_route=%2Fwp%2Fv2%2Ftags&post=53489"}],"curies":[{"name":"wp","href":"https:\/\/api.w.org\/{rel}","templated":true}]}}