{"id":53628,"date":"2024-05-02T07:57:35","date_gmt":"2024-05-02T12:57:35","guid":{"rendered":"https:\/\/revistazetta.com\/?p=53628"},"modified":"2024-05-02T07:57:35","modified_gmt":"2024-05-02T12:57:35","slug":"hay-que-detener-la-polarizacion-senador-lidio-garcia-sobre-ruptura-de-relaciones-con-israel","status":"publish","type":"post","link":"https:\/\/revistazetta.com\/?p=53628","title":{"rendered":"Hay que detener la polarizaci\u00f3n: Senador Lidio Garc\u00eda sobre ruptura de relaciones con Israel"},"content":{"rendered":"<p><strong>Bogot\u00e1, 2 de abril de 2024.-<\/strong> El presidente de la Comisi\u00f3n de Relaciones Exteriores del Senado, Lidio Garc\u00eda Turbay, calific\u00f3 de \u00abimprocedente\u00bb la decisi\u00f3n del presidente Petro de cortar relaciones diplom\u00e1ticas con Israel, y expres\u00f3 que \u00abrompe con la neutralidad del pa\u00eds y pone en riesgo la seguridad nacional\u00bb<\/p>\n<p>El senador expidi\u00f3 esta declaraci\u00f3n:<\/p>\n<p><em><span style=\"color: #0000ff;\"><b>Senador Lidio Garc\u00eda presidente comisi\u00f3n de Relaciones Internacionales<span class=\"Apple-converted-space\">\u00a0<\/span><\/b><\/span><\/em><\/p>\n<p><em><span style=\"color: #0000ff;\"><b>Es hora de recoger los sesgos y de no fomentarlos<\/b><\/span><\/em><\/p>\n<p><em><span style=\"color: #0000ff;\"><b>Bogot\u00e1, Mayo 2 de 2024.<\/b> Es deber del Jefe del Estado, y de todos los que estamos en esferas p\u00fablicas de decisi\u00f3n, detener la polarizaci\u00f3n y conducir al pa\u00eds por un camino de uni\u00f3n constructora, pues si seguimos en esta profunda divisi\u00f3n, sin respetar las diferencias, dentro de poco seremos un Estado fallido.<span class=\"Apple-converted-space\">\u00a0<\/span><\/span><\/em><\/p>\n<p><em><span style=\"color: #0000ff;\">El anuncio del rompimiento de las relaciones diplom\u00e1ticas con Israel, es improcedente, porque rompe con la neutralidad del pa\u00eds y pone en riesgo la seguridad nacional. Lo que debemos procurar como Rep\u00fablica de paz, es el cese al fuego en esa regi\u00f3n del mundo, y el restablecimiento inmediato de los caminos de entendimiento.<\/span><\/em><\/p>\n","protected":false},"excerpt":{"rendered":"<p>Bogot\u00e1, 2 de abril de 2024.- El presidente de la Comisi\u00f3n de Relaciones Exteriores del Senado, Lidio Garc\u00eda Turbay, calific\u00f3 de \u00abimprocedente\u00bb la decisi\u00f3n del presidente Petro de cortar relaciones diplom\u00e1ticas con Israel, y expres\u00f3 que \u00abrompe con la neutralidad del pa\u00eds y pone en riesgo la seguridad nacional\u00bb El senador expidi\u00f3 esta declaraci\u00f3n: Senador Lidio Garc\u00eda presidente comisi\u00f3n de Relaciones Internacionales\u00a0 Es hora de recoger los sesgos y de no fomentarlos Bogot\u00e1, Mayo 2 de 2024. Es deber del Jefe del Estado, y de todos los que estamos en&#8230; <\/p>\n","protected":false},"author":3,"featured_media":53629,"comment_status":"closed","ping_status":"closed","sticky":false,"template":"","format":"standard","meta":{"footnotes":"","_links_to":"","_links_to_target":""},"categories":[1450,4,82],"tags":[285,2057,448,298,234],"class_list":["post-53628","post","type-post","status-publish","format-standard","has-post-thumbnail","hentry","category-parasladers","category-politica","category-senado","tag-destacada","tag-israel","tag-lidio-garcia","tag-politica","tag-senado"],"_links":{"self":[{"href":"https:\/\/revistazetta.com\/index.php?rest_route=\/wp\/v2\/posts\/53628","targetHints":{"allow":["GET"]}}],"collection":[{"href":"https:\/\/revistazetta.com\/index.php?rest_route=\/wp\/v2\/posts"}],"about":[{"href":"https:\/\/revistazetta.com\/index.php?rest_route=\/wp\/v2\/types\/post"}],"author":[{"embeddable":true,"href":"https:\/\/revistazetta.com\/index.php?rest_route=\/wp\/v2\/users\/3"}],"replies":[{"embeddable":true,"href":"https:\/\/revistazetta.com\/index.php?rest_route=%2Fwp%2Fv2%2Fcomments&post=53628"}],"version-history":[{"count":0,"href":"https:\/\/revistazetta.com\/index.php?rest_route=\/wp\/v2\/posts\/53628\/revisions"}],"wp:featuredmedia":[{"embeddable":true,"href":"https:\/\/revistazetta.com\/index.php?rest_route=\/wp\/v2\/media\/53629"}],"wp:attachment":[{"href":"https:\/\/revistazetta.com\/index.php?rest_route=%2Fwp%2Fv2%2Fmedia&parent=53628"}],"wp:term":[{"taxonomy":"category","embeddable":true,"href":"https:\/\/revistazetta.com\/index.php?rest_route=%2Fwp%2Fv2%2Fcategories&post=53628"},{"taxonomy":"post_tag","embeddable":true,"href":"https:\/\/revistazetta.com\/index.php?rest_route=%2Fwp%2Fv2%2Ftags&post=53628"}],"curies":[{"name":"wp","href":"https:\/\/api.w.org\/{rel}","templated":true}]}}