{"id":53689,"date":"2024-05-10T08:20:11","date_gmt":"2024-05-10T13:20:11","guid":{"rendered":"https:\/\/revistazetta.com\/?p=53689"},"modified":"2024-05-10T08:20:11","modified_gmt":"2024-05-10T13:20:11","slug":"gobernacion-de-bolivar-inaugura-moderno-cdi-en-arjona-beneficiando-a-300-ninos","status":"publish","type":"post","link":"https:\/\/revistazetta.com\/?p=53689","title":{"rendered":"Gobernaci\u00f3n de Bol\u00edvar inaugura moderno CDI en Arjona, beneficiando a 300 ni\u00f1os"},"content":{"rendered":"<p><strong>Arjona, 9 de mayo de 2024.-<\/strong> La Gobernaci\u00f3n de Bol\u00edvar reafirm\u00f3 su compromiso con la primera infancia al inaugurar el Centro de Desarrollo Infantil (CDI) Luz de Esperanza en Arjona, una iniciativa que promete transformar la vida de 300 ni\u00f1os en el norte del departamento. Con una inversi\u00f3n de $3.463.056.551, este moderno centro no solo brindar\u00e1 atenci\u00f3n integral, sino que se muestra como una herramienta clave para el desarrollo infantil en la regi\u00f3n.<\/p>\n<p><img loading=\"lazy\" decoding=\"async\" class=\"alignnone size-medium wp-image-53692\" src=\"https:\/\/revistazetta.com\/wp-content\/uploads\/2024\/05\/WhatsApp-Image-2024-05-09-at-11.53.17-5-500x333.jpeg\" alt=\"\" width=\"500\" height=\"333\" srcset=\"https:\/\/revistazetta.com\/wp-content\/uploads\/2024\/05\/WhatsApp-Image-2024-05-09-at-11.53.17-5-500x333.jpeg 500w, https:\/\/revistazetta.com\/wp-content\/uploads\/2024\/05\/WhatsApp-Image-2024-05-09-at-11.53.17-5-1024x683.jpeg 1024w, https:\/\/revistazetta.com\/wp-content\/uploads\/2024\/05\/WhatsApp-Image-2024-05-09-at-11.53.17-5-243x162.jpeg 243w, https:\/\/revistazetta.com\/wp-content\/uploads\/2024\/05\/WhatsApp-Image-2024-05-09-at-11.53.17-5-1536x1024.jpeg 1536w, https:\/\/revistazetta.com\/wp-content\/uploads\/2024\/05\/WhatsApp-Image-2024-05-09-at-11.53.17-5-2048x1366.jpeg 2048w\" sizes=\"auto, (max-width: 500px) 100vw, 500px\" \/><\/p>\n<p>El CDI Luz de Esperanza representa un hecho significativo en la misi\u00f3n de fortalecer el bienestar y el desarrollo de los ni\u00f1os, ofreciendo un ambiente seguro y enriquecedor donde puedan aprender, crecer y prosperar. Dise\u00f1ado con un enfoque integral en el aprendizaje temprano, la salud, el bienestar y la nutrici\u00f3n, estas instalaciones est\u00e1n preparadas para moldear el futuro de las generaciones venideras.<\/p>\n<p><img loading=\"lazy\" decoding=\"async\" class=\"alignnone size-medium wp-image-53695\" src=\"https:\/\/revistazetta.com\/wp-content\/uploads\/2024\/05\/WhatsApp-Image-2024-05-09-at-11.53.18-3-500x333.jpeg\" alt=\"\" width=\"500\" height=\"333\" srcset=\"https:\/\/revistazetta.com\/wp-content\/uploads\/2024\/05\/WhatsApp-Image-2024-05-09-at-11.53.18-3-500x333.jpeg 500w, https:\/\/revistazetta.com\/wp-content\/uploads\/2024\/05\/WhatsApp-Image-2024-05-09-at-11.53.18-3-1024x683.jpeg 1024w, https:\/\/revistazetta.com\/wp-content\/uploads\/2024\/05\/WhatsApp-Image-2024-05-09-at-11.53.18-3-243x162.jpeg 243w, https:\/\/revistazetta.com\/wp-content\/uploads\/2024\/05\/WhatsApp-Image-2024-05-09-at-11.53.18-3-1536x1024.jpeg 1536w, https:\/\/revistazetta.com\/wp-content\/uploads\/2024\/05\/WhatsApp-Image-2024-05-09-at-11.53.18-3-2048x1366.jpeg 2048w\" sizes=\"auto, (max-width: 500px) 100vw, 500px\" \/><\/p>\n<p>La ceremonia de inauguraci\u00f3n, presidida por Ang\u00e9lica Salas, Primera Gestora Social del Departamento, cont\u00f3 con la presencia de Astrid Eliana C\u00e1ceres, directora del ICBF, y Mar\u00eda Mercedes L\u00f3pez, directora regional. \u00abInauguramos este Centro de Desarrollo Infantil con la convicci\u00f3n de que invertir en la educaci\u00f3n y el bienestar de nuestros ni\u00f1os es fundamental para construir una sociedad m\u00e1s equitativa y pr\u00f3spera\u00bb, destac\u00f3 Salas durante el evento.<\/p>\n<p><img loading=\"lazy\" decoding=\"async\" class=\"alignnone size-medium wp-image-53696\" src=\"https:\/\/revistazetta.com\/wp-content\/uploads\/2024\/05\/WhatsApp-Image-2024-05-09-at-11.53.18-4-500x333.jpeg\" alt=\"\" width=\"500\" height=\"333\" srcset=\"https:\/\/revistazetta.com\/wp-content\/uploads\/2024\/05\/WhatsApp-Image-2024-05-09-at-11.53.18-4-500x333.jpeg 500w, https:\/\/revistazetta.com\/wp-content\/uploads\/2024\/05\/WhatsApp-Image-2024-05-09-at-11.53.18-4-1024x682.jpeg 1024w, https:\/\/revistazetta.com\/wp-content\/uploads\/2024\/05\/WhatsApp-Image-2024-05-09-at-11.53.18-4-243x162.jpeg 243w, https:\/\/revistazetta.com\/wp-content\/uploads\/2024\/05\/WhatsApp-Image-2024-05-09-at-11.53.18-4.jpeg 1280w\" sizes=\"auto, (max-width: 500px) 100vw, 500px\" \/><\/p>\n<p>Con un equipo de educadores altamente capacitados y dedicados, el CDI Luz de Esperanza se posiciona como un basti\u00f3n de cambio en el panorama de la primera infancia, desafiando los ciclos de pobreza y desigualdad que han afectado a muchas comunidades. \u00abArjona se une al movimiento de transformaci\u00f3n en el cuidado de la primera infancia, donde buscamos romper los ciclos de adversidad que han marcado a nuestra regi\u00f3n\u00bb, enfatiz\u00f3 C\u00e1ceres.<\/p>\n<p><img loading=\"lazy\" decoding=\"async\" class=\"alignnone size-medium wp-image-53690\" src=\"https:\/\/revistazetta.com\/wp-content\/uploads\/2024\/05\/WhatsApp-Image-2024-05-09-at-11.53.17-2-500x333.jpeg\" alt=\"\" width=\"500\" height=\"333\" srcset=\"https:\/\/revistazetta.com\/wp-content\/uploads\/2024\/05\/WhatsApp-Image-2024-05-09-at-11.53.17-2-500x333.jpeg 500w, https:\/\/revistazetta.com\/wp-content\/uploads\/2024\/05\/WhatsApp-Image-2024-05-09-at-11.53.17-2-1024x682.jpeg 1024w, https:\/\/revistazetta.com\/wp-content\/uploads\/2024\/05\/WhatsApp-Image-2024-05-09-at-11.53.17-2-243x162.jpeg 243w, https:\/\/revistazetta.com\/wp-content\/uploads\/2024\/05\/WhatsApp-Image-2024-05-09-at-11.53.17-2.jpeg 1280w\" sizes=\"auto, (max-width: 500px) 100vw, 500px\" \/><\/p>\n<p>Este hito no solo celebra la apertura de nuevas instalaciones, sino que tambi\u00e9n representa un compromiso continuo con el desarrollo humano en Bol\u00edvar. \u00abHoy es un d\u00eda de j\u00fabilo para Arjona, ya que inauguramos este CDI que brindar\u00e1 a nuestros ni\u00f1os y ni\u00f1as la oportunidad de crecer en un entorno estimulante y seguro\u00bb, expres\u00f3 Michel P\u00e9rez, Gestora Social municipal.<\/p>\n<p><img loading=\"lazy\" decoding=\"async\" class=\"alignnone size-medium wp-image-53691\" src=\"https:\/\/revistazetta.com\/wp-content\/uploads\/2024\/05\/WhatsApp-Image-2024-05-09-at-11.53.17-3-500x333.jpeg\" alt=\"\" width=\"500\" height=\"333\" srcset=\"https:\/\/revistazetta.com\/wp-content\/uploads\/2024\/05\/WhatsApp-Image-2024-05-09-at-11.53.17-3-500x333.jpeg 500w, https:\/\/revistazetta.com\/wp-content\/uploads\/2024\/05\/WhatsApp-Image-2024-05-09-at-11.53.17-3-1024x683.jpeg 1024w, https:\/\/revistazetta.com\/wp-content\/uploads\/2024\/05\/WhatsApp-Image-2024-05-09-at-11.53.17-3-243x162.jpeg 243w, https:\/\/revistazetta.com\/wp-content\/uploads\/2024\/05\/WhatsApp-Image-2024-05-09-at-11.53.17-3-1536x1024.jpeg 1536w, https:\/\/revistazetta.com\/wp-content\/uploads\/2024\/05\/WhatsApp-Image-2024-05-09-at-11.53.17-3-2048x1366.jpeg 2048w\" sizes=\"auto, (max-width: 500px) 100vw, 500px\" \/><\/p>\n<p>El CDI Luz de Esperanza, equipado con salones amplios, comedor, cocina, oficinas y bater\u00edas sanitarias, est\u00e1 listo para marcar un nuevo cap\u00edtulo en el desarrollo integral de los ni\u00f1os arjoneros, sentando las bases para un futuro lleno de posibilidades y esperanza.<\/p>\n<p><img loading=\"lazy\" decoding=\"async\" class=\"alignnone size-medium wp-image-53693\" src=\"https:\/\/revistazetta.com\/wp-content\/uploads\/2024\/05\/WhatsApp-Image-2024-05-09-at-11.53.18-1-500x333.jpeg\" alt=\"\" width=\"500\" height=\"333\" srcset=\"https:\/\/revistazetta.com\/wp-content\/uploads\/2024\/05\/WhatsApp-Image-2024-05-09-at-11.53.18-1-500x333.jpeg 500w, https:\/\/revistazetta.com\/wp-content\/uploads\/2024\/05\/WhatsApp-Image-2024-05-09-at-11.53.18-1-1024x683.jpeg 1024w, https:\/\/revistazetta.com\/wp-content\/uploads\/2024\/05\/WhatsApp-Image-2024-05-09-at-11.53.18-1-243x162.jpeg 243w, https:\/\/revistazetta.com\/wp-content\/uploads\/2024\/05\/WhatsApp-Image-2024-05-09-at-11.53.18-1-1536x1024.jpeg 1536w, https:\/\/revistazetta.com\/wp-content\/uploads\/2024\/05\/WhatsApp-Image-2024-05-09-at-11.53.18-1-2048x1366.jpeg 2048w\" sizes=\"auto, (max-width: 500px) 100vw, 500px\" \/> <img loading=\"lazy\" decoding=\"async\" class=\"alignnone size-medium wp-image-53694\" src=\"https:\/\/revistazetta.com\/wp-content\/uploads\/2024\/05\/WhatsApp-Image-2024-05-09-at-11.53.18-2-500x333.jpeg\" alt=\"\" width=\"500\" height=\"333\" srcset=\"https:\/\/revistazetta.com\/wp-content\/uploads\/2024\/05\/WhatsApp-Image-2024-05-09-at-11.53.18-2-500x333.jpeg 500w, https:\/\/revistazetta.com\/wp-content\/uploads\/2024\/05\/WhatsApp-Image-2024-05-09-at-11.53.18-2-1024x683.jpeg 1024w, https:\/\/revistazetta.com\/wp-content\/uploads\/2024\/05\/WhatsApp-Image-2024-05-09-at-11.53.18-2-243x162.jpeg 243w, https:\/\/revistazetta.com\/wp-content\/uploads\/2024\/05\/WhatsApp-Image-2024-05-09-at-11.53.18-2-1536x1024.jpeg 1536w, https:\/\/revistazetta.com\/wp-content\/uploads\/2024\/05\/WhatsApp-Image-2024-05-09-at-11.53.18-2-2048x1366.jpeg 2048w\" sizes=\"auto, (max-width: 500px) 100vw, 500px\" \/> \u00a0\u00a0<img loading=\"lazy\" decoding=\"async\" class=\"alignnone size-medium wp-image-53697\" src=\"https:\/\/revistazetta.com\/wp-content\/uploads\/2024\/05\/WhatsApp-Image-2024-05-09-at-11.53.18-500x333.jpeg\" alt=\"\" width=\"500\" height=\"333\" srcset=\"https:\/\/revistazetta.com\/wp-content\/uploads\/2024\/05\/WhatsApp-Image-2024-05-09-at-11.53.18-500x333.jpeg 500w, https:\/\/revistazetta.com\/wp-content\/uploads\/2024\/05\/WhatsApp-Image-2024-05-09-at-11.53.18-1024x683.jpeg 1024w, https:\/\/revistazetta.com\/wp-content\/uploads\/2024\/05\/WhatsApp-Image-2024-05-09-at-11.53.18-243x162.jpeg 243w, https:\/\/revistazetta.com\/wp-content\/uploads\/2024\/05\/WhatsApp-Image-2024-05-09-at-11.53.18-1536x1024.jpeg 1536w, https:\/\/revistazetta.com\/wp-content\/uploads\/2024\/05\/WhatsApp-Image-2024-05-09-at-11.53.18-2048x1366.jpeg 2048w\" sizes=\"auto, (max-width: 500px) 100vw, 500px\" \/><\/p>\n","protected":false},"excerpt":{"rendered":"<p>Arjona, 9 de mayo de 2024.- La Gobernaci\u00f3n de Bol\u00edvar reafirm\u00f3 su compromiso con la primera infancia al inaugurar el Centro de Desarrollo Infantil (CDI) Luz de Esperanza en Arjona, una iniciativa que promete transformar la vida de 300 ni\u00f1os en el norte del departamento. Con una inversi\u00f3n de $3.463.056.551, este moderno centro no solo brindar\u00e1 atenci\u00f3n integral, sino que se muestra como una herramienta clave para el desarrollo infantil en la regi\u00f3n. El CDI Luz de Esperanza representa un hecho significativo en la misi\u00f3n de fortalecer el bienestar y&#8230; <\/p>\n","protected":false},"author":3,"featured_media":53698,"comment_status":"closed","ping_status":"closed","sticky":false,"template":"","format":"standard","meta":{"footnotes":"","_links_to":"","_links_to_target":""},"categories":[33,1450,80],"tags":[73,285,300],"class_list":["post-53689","post","type-post","status-publish","format-standard","has-post-thumbnail","hentry","category-actualidad-bolivar","category-parasladers","category-region","tag-bolivar","tag-destacada","tag-region"],"_links":{"self":[{"href":"https:\/\/revistazetta.com\/index.php?rest_route=\/wp\/v2\/posts\/53689","targetHints":{"allow":["GET"]}}],"collection":[{"href":"https:\/\/revistazetta.com\/index.php?rest_route=\/wp\/v2\/posts"}],"about":[{"href":"https:\/\/revistazetta.com\/index.php?rest_route=\/wp\/v2\/types\/post"}],"author":[{"embeddable":true,"href":"https:\/\/revistazetta.com\/index.php?rest_route=\/wp\/v2\/users\/3"}],"replies":[{"embeddable":true,"href":"https:\/\/revistazetta.com\/index.php?rest_route=%2Fwp%2Fv2%2Fcomments&post=53689"}],"version-history":[{"count":0,"href":"https:\/\/revistazetta.com\/index.php?rest_route=\/wp\/v2\/posts\/53689\/revisions"}],"wp:featuredmedia":[{"embeddable":true,"href":"https:\/\/revistazetta.com\/index.php?rest_route=\/wp\/v2\/media\/53698"}],"wp:attachment":[{"href":"https:\/\/revistazetta.com\/index.php?rest_route=%2Fwp%2Fv2%2Fmedia&parent=53689"}],"wp:term":[{"taxonomy":"category","embeddable":true,"href":"https:\/\/revistazetta.com\/index.php?rest_route=%2Fwp%2Fv2%2Fcategories&post=53689"},{"taxonomy":"post_tag","embeddable":true,"href":"https:\/\/revistazetta.com\/index.php?rest_route=%2Fwp%2Fv2%2Ftags&post=53689"}],"curies":[{"name":"wp","href":"https:\/\/api.w.org\/{rel}","templated":true}]}}