{"id":53811,"date":"2024-05-23T06:42:26","date_gmt":"2024-05-23T11:42:26","guid":{"rendered":"https:\/\/revistazetta.com\/?p=53811"},"modified":"2024-05-23T06:42:26","modified_gmt":"2024-05-23T11:42:26","slug":"cartagena-y-barranquilla-ejes-de-la-region-caribe-encuentro-dumek-turbay-alex-char","status":"publish","type":"post","link":"https:\/\/revistazetta.com\/?p=53811","title":{"rendered":"Cartagena y Barranquilla, ejes de la regi\u00f3n Caribe: Encuentro Dumek Turbay &#8211; \u00c1lex Char"},"content":{"rendered":"<p style=\"padding-left: 40px;\"><span style=\"color: #0000ff;\">El alcalde de Cartagena, Dumek Turbay Paz, resalt\u00f3 la importancia de que dos de las ciudades m\u00e1s importantes del Caribe colombiano tengan la posibilidad de trazar agendas conjuntas a partir de sus experiencias positivas. Se abordaron, con especial atenci\u00f3n, aspectos como recuperaci\u00f3n de puntos cr\u00edticos de Cartagena, siembra de \u00e1rboles para el mejoramiento de calidad del aire y, por ende, un mejor nivel de vida de los cartageneros. Esto a trav\u00e9s de iniciativas como el Plan Maestro de Arborizaci\u00f3n y Arbolado Urbano.<\/span><\/p>\n<p><strong>Barranquilla, 23 de mayo de 2024.-<\/strong> En un enriquecedor ejercicio de intercambio experiencias de gobernanza y gesti\u00f3n p\u00fablica, el alcalde mayor de Cartagena, Dumek Turbay Paz, acompa\u00f1ado por su gabinete distrital, se reuni\u00f3 este mi\u00e9rcoles en Barranquilla con su hom\u00f3logo, \u00c1lex Char, con quien convers\u00f3 en medio de un espacio denominado \u2018Cartagena y Barranquilla construyendo Regi\u00f3n\u2019.<\/p>\n<p>Como parte de la agenda, entre otros aspectos, se abordaron ejes tem\u00e1ticos como Modelo de Desarrollo de Espacio P\u00fablico- Agencia Distrital de Infraestructura (ADI) y Siembra Barranquilla, Modelo Puerta de Oro- Oficina de Estructuraci\u00f3n de Proyectos y operaci\u00f3n de espacios urbanos, mejoramiento en recaudos, instrumentos de gesti\u00f3n y gestores catastrales propios y, finalmente, un recorrido por Ci\u00e9naga de Mallorqu\u00edn.<\/p>\n<p><img loading=\"lazy\" decoding=\"async\" class=\"alignnone size-medium wp-image-53813\" src=\"https:\/\/revistazetta.com\/wp-content\/uploads\/2024\/05\/WhatsApp-Image-2024-05-22-at-17.20.17-1-500x333.jpeg\" alt=\"\" width=\"500\" height=\"333\" srcset=\"https:\/\/revistazetta.com\/wp-content\/uploads\/2024\/05\/WhatsApp-Image-2024-05-22-at-17.20.17-1-500x333.jpeg 500w, https:\/\/revistazetta.com\/wp-content\/uploads\/2024\/05\/WhatsApp-Image-2024-05-22-at-17.20.17-1-1024x682.jpeg 1024w, https:\/\/revistazetta.com\/wp-content\/uploads\/2024\/05\/WhatsApp-Image-2024-05-22-at-17.20.17-1-243x162.jpeg 243w, https:\/\/revistazetta.com\/wp-content\/uploads\/2024\/05\/WhatsApp-Image-2024-05-22-at-17.20.17-1.jpeg 1280w\" sizes=\"auto, (max-width: 500px) 100vw, 500px\" \/><\/p>\n<p>Se abordaron, con especial atenci\u00f3n, aspectos como recuperaci\u00f3n de puntos cr\u00edticos de Cartagena, siembra de \u00e1rboles para el mejoramiento de calidad del aire y, por ende, un mejor nivel de vida de los cartageneros. Esto a trav\u00e9s de iniciativas como el Plan Maestro de Arborizaci\u00f3n y Arbolado Urbano.<\/p>\n<p>Sobre este espacio, desarrollo en la capital del Atl\u00e1ntico, el alcalde de Cartagena, Dumek Turbay Paz, resalt\u00f3 la importancia de que dos de las ciudades m\u00e1s importantes del Caribe colombiano tengan la posibilidad de trazar agendas conjuntas a partir de sus experiencias positivas.<\/p>\n<p>\u201cNosotros hemos mirado para nuestra propia tierra y que podamos encontrar una soluci\u00f3n a lo que creemos deber ser el nivel de soluci\u00f3n a problemas y, de esa forma, transformar para bien a Cartagena, pensando en grande. S\u00ed es posible. Es solo decidirlo. Nos ilusiona y tambi\u00e9n nos pone los pies en la tierra escuchar experiencias, como las contadas por el alcalde \u00c1lex Char, en esta visita a Barranquilla. Queremos que nuestra ciudad est\u00e9 en otro nivel y una muestra de ello es visionar obras como el gran Malec\u00f3n del Mar, que ser\u00e1 el m\u00e1s hermoso del mundo\u201d, resalt\u00f3 Turbay Paz.<\/p>\n<p><img loading=\"lazy\" decoding=\"async\" class=\"alignnone size-medium wp-image-53814\" src=\"https:\/\/revistazetta.com\/wp-content\/uploads\/2024\/05\/WhatsApp-Image-2024-05-22-at-17.20.18-500x333.jpeg\" alt=\"\" width=\"500\" height=\"333\" srcset=\"https:\/\/revistazetta.com\/wp-content\/uploads\/2024\/05\/WhatsApp-Image-2024-05-22-at-17.20.18-500x333.jpeg 500w, https:\/\/revistazetta.com\/wp-content\/uploads\/2024\/05\/WhatsApp-Image-2024-05-22-at-17.20.18-1024x682.jpeg 1024w, https:\/\/revistazetta.com\/wp-content\/uploads\/2024\/05\/WhatsApp-Image-2024-05-22-at-17.20.18-243x162.jpeg 243w, https:\/\/revistazetta.com\/wp-content\/uploads\/2024\/05\/WhatsApp-Image-2024-05-22-at-17.20.18.jpeg 1280w\" sizes=\"auto, (max-width: 500px) 100vw, 500px\" \/><\/p>\n<p>Con respecto al componente ambiental, Turbay Paz a\u00f1adi\u00f3 que \u201cqueremos que todo lo que son los cuerpos de agua, que hist\u00f3ricamente han sido abandonados, que Barranquilla pueda ser un proyecto espejo para recuperarlos, disfrutarlos y que se conviertan en un gran activo. Barranquilla ha planteado lo que nosotros queremos sembrar, que son m\u00e1s de 300 mil \u00e1rboles, y Siembra Barranquilla o Siembra M\u00e1s ha dicho claro que no es solo sembrar, sino saber qu\u00e9 sembrar y c\u00f3mo mantener esa siembra para que esto contribuya a que se bajen las temperaturas, se produzca sombra en estas \u00e9pocas de tanto calor, y que sea una herramienta que contribuya a la integraci\u00f3n en esos espacios de vida, en esos parques, en esos lugares\u201d.<\/p>\n<p>Turbay Paz hizo \u00e9nfasis en que \u201cla apuesta nuestra va a ser fortalecida con este acompa\u00f1amiento que podemos tener a trav\u00e9s de Barranquilla\u201d.<\/p>\n<p>Por su parte, como anfitri\u00f3n del encuentro, el alcalde de Barranquilla, \u00c1lex Char, expres\u00f3 en medio de la jornada que \u201cpara nosotros es un gran honor tenerte (alcalde Dumek Turbay) aqu\u00ed con nosotros y todo tu equipo (\u2026) No hay cosa que me ponga m\u00e1s alegre que Cartagena tenga un gobernante como t\u00fa, Dumek, porque a Cartagena la sentimos todos los colombianos. Cuando sufre Bogot\u00e1, sufre Colombia. Si Cartagena gana, gana Colombia. Tienen en Barranquilla a un hermano, porque as\u00ed lo sentimos\u201d.<\/p>\n<p><img loading=\"lazy\" decoding=\"async\" class=\"alignnone size-medium wp-image-53815\" src=\"https:\/\/revistazetta.com\/wp-content\/uploads\/2024\/05\/WhatsApp-Image-2024-05-22-at-17.20.19-1-444x333.jpeg\" alt=\"\" width=\"444\" height=\"333\" srcset=\"https:\/\/revistazetta.com\/wp-content\/uploads\/2024\/05\/WhatsApp-Image-2024-05-22-at-17.20.19-1-444x333.jpeg 444w, https:\/\/revistazetta.com\/wp-content\/uploads\/2024\/05\/WhatsApp-Image-2024-05-22-at-17.20.19-1-1024x768.jpeg 1024w, https:\/\/revistazetta.com\/wp-content\/uploads\/2024\/05\/WhatsApp-Image-2024-05-22-at-17.20.19-1-216x162.jpeg 216w, https:\/\/revistazetta.com\/wp-content\/uploads\/2024\/05\/WhatsApp-Image-2024-05-22-at-17.20.19-1.jpeg 1280w\" sizes=\"auto, (max-width: 444px) 100vw, 444px\" \/><\/p>\n<p>&nbsp;<\/p>\n","protected":false},"excerpt":{"rendered":"<p>El alcalde de Cartagena, Dumek Turbay Paz, resalt\u00f3 la importancia de que dos de las ciudades m\u00e1s importantes del Caribe colombiano tengan la posibilidad de trazar agendas conjuntas a partir de sus experiencias positivas. Se abordaron, con especial atenci\u00f3n, aspectos como recuperaci\u00f3n de puntos cr\u00edticos de Cartagena, siembra de \u00e1rboles para el mejoramiento de calidad del aire y, por ende, un mejor nivel de vida de los cartageneros. Esto a trav\u00e9s de iniciativas como el Plan Maestro de Arborizaci\u00f3n y Arbolado Urbano. Barranquilla, 23 de mayo de 2024.- En un&#8230; <\/p>\n","protected":false},"author":3,"featured_media":53812,"comment_status":"closed","ping_status":"closed","sticky":false,"template":"","format":"standard","meta":{"footnotes":"","_links_to":"","_links_to_target":""},"categories":[2,34,1450],"tags":[294,660,1045,310,191,285,74],"class_list":["post-53811","post","type-post","status-publish","format-standard","has-post-thumbnail","hentry","category-actualidad","category-actualidad-caribe","category-parasladers","tag-actualidad","tag-alex-char","tag-barranquilla","tag-caribe","tag-cartagena-de-indias","tag-destacada","tag-dumek-turbay"],"_links":{"self":[{"href":"https:\/\/revistazetta.com\/index.php?rest_route=\/wp\/v2\/posts\/53811","targetHints":{"allow":["GET"]}}],"collection":[{"href":"https:\/\/revistazetta.com\/index.php?rest_route=\/wp\/v2\/posts"}],"about":[{"href":"https:\/\/revistazetta.com\/index.php?rest_route=\/wp\/v2\/types\/post"}],"author":[{"embeddable":true,"href":"https:\/\/revistazetta.com\/index.php?rest_route=\/wp\/v2\/users\/3"}],"replies":[{"embeddable":true,"href":"https:\/\/revistazetta.com\/index.php?rest_route=%2Fwp%2Fv2%2Fcomments&post=53811"}],"version-history":[{"count":0,"href":"https:\/\/revistazetta.com\/index.php?rest_route=\/wp\/v2\/posts\/53811\/revisions"}],"wp:featuredmedia":[{"embeddable":true,"href":"https:\/\/revistazetta.com\/index.php?rest_route=\/wp\/v2\/media\/53812"}],"wp:attachment":[{"href":"https:\/\/revistazetta.com\/index.php?rest_route=%2Fwp%2Fv2%2Fmedia&parent=53811"}],"wp:term":[{"taxonomy":"category","embeddable":true,"href":"https:\/\/revistazetta.com\/index.php?rest_route=%2Fwp%2Fv2%2Fcategories&post=53811"},{"taxonomy":"post_tag","embeddable":true,"href":"https:\/\/revistazetta.com\/index.php?rest_route=%2Fwp%2Fv2%2Ftags&post=53811"}],"curies":[{"name":"wp","href":"https:\/\/api.w.org\/{rel}","templated":true}]}}