{"id":53816,"date":"2024-05-23T06:52:41","date_gmt":"2024-05-23T11:52:41","guid":{"rendered":"https:\/\/revistazetta.com\/?p=53816"},"modified":"2024-05-23T06:52:41","modified_gmt":"2024-05-23T11:52:41","slug":"presidente-jac-bocagrande-pidio-en-el-congreso-salvar-proyecto-de-proteccion-costera","status":"publish","type":"post","link":"https:\/\/revistazetta.com\/?p=53816","title":{"rendered":"Presidente JAC Bocagrande pidi\u00f3 en el Congreso salvar proyecto de Protecci\u00f3n Costera"},"content":{"rendered":"<p><strong>Cartagena de Indias, 23 de mayo de 2024.-<\/strong> El presidente de la JAC de Bocagrande, Andr\u00e9s Rico, pidi\u00f3 el concurso del Congreso de la Rep\u00fablica para salvar el proyecto de Protecci\u00f3n Costera de Cartagena, el cual se encuentra a la deriva, sin un futuro claro y a menos de una semana de vencerse el contrato. Al intervenir en una sesi\u00f3n especial, destac\u00f3 la importancia de esta iniciativa que pese a que no est\u00e1 terminada ha demostrado que funciona.<\/p>\n<p>Al intervenir en una sesi\u00f3n especial, destac\u00f3 la importancia de esta iniciativa que pese a que no est\u00e1 terminada ha demostrado que funciona, los espolones protegieron el borde costero en las \u00faltimas dos temporadas de lluvias y el sistema de drenajes ha funcionado parcialmente, pero llevan m\u00e1s de a\u00f1o y medio solicitando al gobierno a trav\u00e9s de la Unidad Nacional para la Gesti\u00f3n de Riesgos y Desastres, la asignaci\u00f3n de nuevos recursos para terminar la obra, pero tal parece que poco o nada le ha importado.<\/p>\n<p><img loading=\"lazy\" decoding=\"async\" class=\"alignnone size-medium wp-image-53818\" src=\"https:\/\/revistazetta.com\/wp-content\/uploads\/2024\/05\/WhatsApp-Image-2024-05-22-at-16.08.50-327x333.jpeg\" alt=\"\" width=\"327\" height=\"333\" srcset=\"https:\/\/revistazetta.com\/wp-content\/uploads\/2024\/05\/WhatsApp-Image-2024-05-22-at-16.08.50-327x333.jpeg 327w, https:\/\/revistazetta.com\/wp-content\/uploads\/2024\/05\/WhatsApp-Image-2024-05-22-at-16.08.50-1007x1024.jpeg 1007w, https:\/\/revistazetta.com\/wp-content\/uploads\/2024\/05\/WhatsApp-Image-2024-05-22-at-16.08.50-159x162.jpeg 159w, https:\/\/revistazetta.com\/wp-content\/uploads\/2024\/05\/WhatsApp-Image-2024-05-22-at-16.08.50-1510x1536.jpeg 1510w, https:\/\/revistazetta.com\/wp-content\/uploads\/2024\/05\/WhatsApp-Image-2024-05-22-at-16.08.50.jpeg 1573w\" sizes=\"auto, (max-width: 327px) 100vw, 327px\" \/><\/p>\n<p>Esta fue su intervenci\u00f3n:<\/p>\n<p><span style=\"color: #0000ff;\"><em>Bogot\u00e1 D.C. Mayo 21 de 2024.<span class=\"Apple-converted-space\">\u00a0<\/span><\/em><\/span><\/p>\n<p><span style=\"color: #0000ff;\"><em><b>INTERVENCION CONGRESO DE LA REPUBLICA<\/b><\/em><\/span><\/p>\n<p><span style=\"color: #0000ff;\"><em>Se\u00f1or Presidente, se\u00f1ores miembros de la Mesa Directiva y honorables congresistas, buenas tardes, en nombre de la Junta de Acci\u00f3n Comunal del Barrio Bocagrande en la ciudad de Cartagena y de sus residentes, reciban todos un saludo afectuoso y lleno de agradecimiento por la disposici\u00f3n en escuchar estas breves l\u00edneas sobre la situaci\u00f3n actual del Proyecto de Protecci\u00f3n Costera que tiene preocupado, no solo, a los vecinos del barrio, sino tambi\u00e9n a los actores de playa, quienes d\u00eda a d\u00eda trabajan para llevar el sustento a sus familias, a los hoteleros y comerciantes de la zona que han visto bajones significativos en sus ingresos, los cuales no compensan las inversiones realizadas por importantes cadenas hoteleras, las cuales confiaron en Cartagena como destino tur\u00edstico, todas esas afectaciones han sido ocasionadas por las m\u00faltiples par\u00e1lisis que ha tenido la obra desde sus inicios.<span class=\"Apple-converted-space\">\u00a0<\/span><\/em><\/span><\/p>\n<p><span style=\"color: #0000ff;\"><em>Como Presidente de la JAC, puedo asegurar que la megaobra de Protecci\u00f3n Costera, ha sido muy esperada por la comunidad desde hace mucho tiempo, y me atrevo a decir, que es la apuesta m\u00e1s ambiciosa en materia de mitigaci\u00f3n de los efectos del Cambio Climatico, en el pa\u00eds, por esa raz\u00f3n, estamos aqu\u00ed, para defenderla. Nos preocupa lo que ha venido pasando con las obras, desde hace poco m\u00e1s de a\u00f1o y medio, hemos sido testigos de los constantes llamados de S.O.S. que se han lanzado para que el Gobierno Nacional, a trav\u00e9s de la Unidad Nacional para la Gesti\u00f3n de Riesgos y Desastres, asuma su responsabilidad y compromiso en el desarrollo del proyecto, del cual es co-financiador, con una inversi\u00f3n may\u00fascula, pero tal parece que poco o nada le ha importado.<span class=\"Apple-converted-space\">\u00a0<\/span><\/em><\/span><\/p>\n<p><span style=\"color: #0000ff;\"><em>Una obra de tal magnitud, tirada a la deriva y sin un futuro claro, es un grifo abierto para la corrupci\u00f3n, pero ese es otro tema, lo m\u00e1s importante es lograr llevarla a puerto seguro, y espantar de una vez y por todas los fantasmas de abandono, desint\u00e9res y desidia son los primeros pinitos para recomponer el rumbo y no seguir manteniendo la incertidumbre que por estos d\u00edas rondan en la ciudad, m\u00e1xime cuando en menos de una semana vence el contrato, lo cual acrecienta a\u00fan m\u00e1s la preocupaci\u00f3n que tenemos por el futuro de este proyecto.<span class=\"Apple-converted-space\">\u00a0<\/span><\/em><\/span><\/p>\n<p><span style=\"color: #0000ff;\"><em>Desenredar esta madeja no es tarea f\u00e1cil, pero la recompensa ser\u00e1 grata: entregarle a Cartagena una obra que la pondr\u00e1 de nuevo en el radar de los destinos de inter\u00e9s para el turismo internacional, con unas playas organizadas y ordenadas que nos<span class=\"Apple-converted-space\">\u00a0<\/span><\/em><\/span><\/p>\n<p><span style=\"color: #0000ff;\"><em>permitan aumentar la competitividad frente a otras ciudades costeras del Caribe, mejorar la calidad de vida de quienes viven en el sector y de quienes viven del turismo, es esa la consigna que deber\u00eda unirnos a todos.<span class=\"Apple-converted-space\">\u00a0<\/span><\/em><\/span><\/p>\n<p><span style=\"color: #0000ff;\"><em>La uni\u00f3n de los involucrados es fundamental para avanzar hacia la entrega final del proyecto, exigiendo condiciones de m\u00e1xima calidad, celeridad y oportunidad, garantizando a todas las partes el cumplimiento de lo estipulado en el contrato de obra y por supuesto de la licencia ambiental que dio vida a este proyecto.<\/em><\/span><\/p>\n<p><span style=\"color: #0000ff;\"><em>La comunidad de Bocagrande, en m\u00ed representada, ha estado y continuar\u00e1 estando interesada en contribuir al proyecto, porque estamos convencidos de su gran impacto ambiental, social, econ\u00f3mico y de reducci\u00f3n de riesgos para la ciudad, as\u00ed lo hemos manifestado y demostrado en m\u00faltiples oportunidades, sentando a la mesa a diferentes actores, para que rememos todos en un mismo sentido y busquemos la manera m\u00e1s expedita de sacar adelante este megaproyecto.<span class=\"Apple-converted-space\">\u00a0<\/span><\/em><\/span><\/p>\n<p><span style=\"color: #0000ff;\"><em>La mejor forma de proteger los intereses de la Naci\u00f3n y sus ciudadanos es cuidando los recursos p\u00fablicos que son invertidos en obras de este tipo, que en muchos casos no son terminadas y por ende tampoco entregadas, pero que en casos como el de Protecci\u00f3n Costera en Cartagena solo requieren de un peque\u00f1o impulso para que retomen el rumbo, sean terminadas y puestas en funcionamiento.<\/em><\/span><\/p>\n<p><span style=\"color: #0000ff;\"><em>El contrato actual de la Fase 1, tiene un avance del 95%, sin embargo, para completar el alcance del dise\u00f1o de esa fase es necesario realizar otras actividades que a fecha de hoy no est\u00e1n incluidas en el contrato, es decir, el relleno de las playas 1, 2 y 3 y de la subestaci\u00f3n de bombeo de aguas lluvias de la cra 1, esta ubicada en la calle 6. En este punto, Cartagena ser\u00eda pionera en lo que la ingenier\u00eda ha denominado, Alcantarillado Pluvial, a trav\u00e9s de los box coulvert que se han instalado y que pese a no haber terminado de instalarse han mitigado las inundaciones con agua lluvia e intrusi\u00f3n de marea en las calles donde ya ha sido instalado.<span class=\"Apple-converted-space\">\u00a0<\/span><\/em><\/span><\/p>\n<p><span style=\"color: #0000ff;\"><em>Para terminar el megaproyecto se necesita la adicion de dineros para hacer lo que no esta incluido de la fase 1 y 2, pero hasta hoy no hay un pronunciamiento de UNGRD sobre la prorroga al contrato, lo que traer\u00eda varias consecuencias: no se completar\u00eda el relleno de arena entre las playas 1, 2 y 3 que casi desaparecieron luego de la temporada de inicio de a\u00f1o que trajo fuertes vientos, se pudo constatar la necesidad del relleno urgente. Si la obra no contin\u00faa tambi\u00e9n quedar\u00edan sin funcionalidad las subestaciones de bombeo de las calles 6 y 8, por lo que solo funcionar\u00edan las ubicadas entre las calles 10 y 15, en consecuencia, no habr\u00eda soluci\u00f3n entre las calles 4 y 10.<span class=\"Apple-converted-space\">\u00a0<\/span><\/em><\/span><\/p>\n<p><span style=\"color: #0000ff;\"><em>En general, el proyecto ha demostrado que funciona, los espolones protegieron el<span class=\"Apple-converted-space\">\u00a0 <\/span>borde costero en las ultimas dos temporadas de lluvias y el sistema de drenajes ha funcionado parcialmente, pese a que a\u00fan no est\u00e1 terminado. Sin embargo, el proyecto requiere ajustes y por supuesto de mantenimiento permanente a futuro, tanto las subestaciones como en los rellenos de arena luego de las temporadas de viento y oleaje, cuando estos superen los est\u00e1ndares dise\u00f1ados por la Universidad de Cartagena.<span class=\"Apple-converted-space\">\u00a0<\/span><\/em><\/span><\/p>\n<p><span style=\"color: #0000ff;\"><em>Quiero cerrar mi intervenci\u00f3n lanzando un llamado de S.O.S. al Gobierno Nacional, a la UNGRD, a ustedes, respetados congresistas, a los Organismos de Control, para que todos desde la institucionalidad y desde su objeto misional, miremos el Proyecto de Protecci\u00f3n Costera de Cartagena, con la importancia que merece, es deber de todos propender por entregarle a la ciudad y al pa\u00eds unas obras de calidad.<span class=\"Apple-converted-space\">\u00a0<\/span><\/em><\/span><\/p>\n<p><span style=\"color: #0000ff;\"><em>A modo de s\u00faplica, no dejemos que estas obras se conviertan en otro de los innumerables elefantes blancos que d\u00eda a d\u00eda vemos en la prensa, no enterremos la inversi\u00f3n ya realizada, m\u00e1s bien un\u00e1monos en un fin com\u00fan que debe ser terminar las obras de este proyecto tan importante.<\/em><\/span><\/p>\n<p><span style=\"color: #0000ff;\"><em><span class=\"Apple-converted-space\">\u00a0<\/span><\/em><\/span><\/p>\n<p><span style=\"color: #0000ff;\"><em><b>ANDRES RICO RIVERA<\/b><\/em><\/span><\/p>\n<p><span style=\"color: #0000ff;\"><em>Presidente JAC Bocagrande<\/em><\/span><\/p>\n","protected":false},"excerpt":{"rendered":"<p>Cartagena de Indias, 23 de mayo de 2024.- El presidente de la JAC de Bocagrande, Andr\u00e9s Rico, pidi\u00f3 el concurso del Congreso de la Rep\u00fablica para salvar el proyecto de Protecci\u00f3n Costera de Cartagena, el cual se encuentra a la deriva, sin un futuro claro y a menos de una semana de vencerse el contrato. Al intervenir en una sesi\u00f3n especial, destac\u00f3 la importancia de esta iniciativa que pese a que no est\u00e1 terminada ha demostrado que funciona. Al intervenir en una sesi\u00f3n especial, destac\u00f3 la importancia de esta iniciativa&#8230; <\/p>\n","protected":false},"author":3,"featured_media":53817,"comment_status":"closed","ping_status":"closed","sticky":false,"template":"","format":"standard","meta":{"footnotes":"","_links_to":"","_links_to_target":""},"categories":[29,1450,4],"tags":[2083,332,285,2084,298],"class_list":["post-53816","post","type-post","status-publish","format-standard","has-post-thumbnail","hentry","category-politica-congreso","category-parasladers","category-politica","tag-andres-rico","tag-congreso","tag-destacada","tag-jac-bocagrande","tag-politica"],"_links":{"self":[{"href":"https:\/\/revistazetta.com\/index.php?rest_route=\/wp\/v2\/posts\/53816","targetHints":{"allow":["GET"]}}],"collection":[{"href":"https:\/\/revistazetta.com\/index.php?rest_route=\/wp\/v2\/posts"}],"about":[{"href":"https:\/\/revistazetta.com\/index.php?rest_route=\/wp\/v2\/types\/post"}],"author":[{"embeddable":true,"href":"https:\/\/revistazetta.com\/index.php?rest_route=\/wp\/v2\/users\/3"}],"replies":[{"embeddable":true,"href":"https:\/\/revistazetta.com\/index.php?rest_route=%2Fwp%2Fv2%2Fcomments&post=53816"}],"version-history":[{"count":0,"href":"https:\/\/revistazetta.com\/index.php?rest_route=\/wp\/v2\/posts\/53816\/revisions"}],"wp:featuredmedia":[{"embeddable":true,"href":"https:\/\/revistazetta.com\/index.php?rest_route=\/wp\/v2\/media\/53817"}],"wp:attachment":[{"href":"https:\/\/revistazetta.com\/index.php?rest_route=%2Fwp%2Fv2%2Fmedia&parent=53816"}],"wp:term":[{"taxonomy":"category","embeddable":true,"href":"https:\/\/revistazetta.com\/index.php?rest_route=%2Fwp%2Fv2%2Fcategories&post=53816"},{"taxonomy":"post_tag","embeddable":true,"href":"https:\/\/revistazetta.com\/index.php?rest_route=%2Fwp%2Fv2%2Ftags&post=53816"}],"curies":[{"name":"wp","href":"https:\/\/api.w.org\/{rel}","templated":true}]}}