{"id":53820,"date":"2024-05-27T18:02:07","date_gmt":"2024-05-27T23:02:07","guid":{"rendered":"https:\/\/revistazetta.com\/?p=53820"},"modified":"2024-05-27T18:02:07","modified_gmt":"2024-05-27T23:02:07","slug":"la-antorcha-de-la-fide-llega-a-colombia-para-celebrar-el-ajedrez","status":"publish","type":"post","link":"https:\/\/revistazetta.com\/?p=53820","title":{"rendered":"La antorcha de la FIDE llega a Colombia para celebrar el ajedrez"},"content":{"rendered":"<p><strong>Medell\u00edn, 27 de mayo de 2024.-<\/strong> El relevo de la antorcha de la FIDE lleg\u00f3 a Medell\u00edn, como parte de las celebraciones del centenario, lo que coincidi\u00f3 con el XVII Campeonato Absoluto de Ajedrez de las Am\u00e9ricas.<\/p>\n<p><img decoding=\"async\" src=\"https:\/\/app.fide.com\/upload\/26584\/2de40e0d504f583cda7465979f958a98.jpg\" alt=\"\" \/><\/p>\n<p>El relevo de la antorcha, un s\u00edmbolo de unidad y el esp\u00edritu de ajedrez, ilumin\u00f3 Medell\u00edn, conocida por su vibrante cultura y apodo de \u00abla ciudad de la primavera eterna\u00bb. El relevo viaj\u00f3 a cinco parques ic\u00f3nicos: la Universidad de Antioquia, el Parque Jorge Eliecer Gait\u00e1n, la Plazuela San Ignacio, la Estaci\u00f3n del Estadio y el Parque de Ajedrez. Cada parque organiz\u00f3 una exposici\u00f3n simult\u00e1nea de ajedrez con grandes maestros y que proporcion\u00f3 oportunidades para la participaci\u00f3n de la comunidad y la promoci\u00f3n del ajedrez.<\/p>\n<p>La vicepresidenta de la Junta de Administraci\u00f3n de la FIDE, Dana Reizniece-Ozola, asumi\u00f3 el papel de portadora de la antorcha, pasando la llama a Jos\u00e9 Carillo Pujol, Presidente Continental para las Am\u00e9ricas, el Vicepresidente de la FIDE Mario Ram\u00edrez Barajas y Weymar Fernando Mu\u00f1oz Mu\u00f1oz, Presidente de la Federaci\u00f3n Colombiana de Ajedrez.<\/p>\n<p><img decoding=\"async\" src=\"https:\/\/app.fide.com\/upload\/26580\/4efdd2f969559e8b1c92e99f32ded48e.jpg\" alt=\"\" \/><\/p>\n<p>\u00abLa llama del ajedrez est\u00e1 viajando por todo el mundo, compartiendo nuestra pasi\u00f3n por el juego con personas de todas partes del mundo. Por un lado, el ajedrez es el deporte m\u00e1s real y de \u00e9lite, por otro lado, tambi\u00e9n es el m\u00e1s democr\u00e1tico, jugado por personas de diferentes edades, g\u00e9neros y estatus social. En otros lugares del mundo y aqu\u00ed hoy celebramos el car\u00e1cter universal del juego\u00bb, coment\u00f3 Dana Reizniece-Ozola.<\/p>\n<p>El relevo culmin\u00f3 en el Parque de Ajedrez, un famoso lugar de ajedrez en Am\u00e9rica Latina, con la iluminaci\u00f3n oficial de la Antorcha de la FIDE. Este gran final fue acompa\u00f1ado por un peque\u00f1o concierto con bailes tradicionales.<\/p>\n<p><img decoding=\"async\" src=\"https:\/\/app.fide.com\/upload\/26581\/3fb5ed13afe8714a7e5d13ee506003dd.jpg\" alt=\"\" \/><\/p>\n<p>Las festividades del centenario van seguidas de una serie de torneos de ajedrez, giras culturales y reuniones ejecutivas entre la FIDE, la Confederaci\u00f3n de Ajedrez para las Am\u00e9ricas (CCA) y la Federaci\u00f3n Colombiana de Ajedrez (FECODAZ). Los aspectos m\u00e1s destacados incluyen exposiciones simult\u00e1neas de los reconocidos Grandes Maestros Veselin Topalov, Alexei Shirov y Nikola Mitkov y un evento especial en la Prisi\u00f3n Juvenil de La Pola.<\/p>\n<p><img decoding=\"async\" src=\"https:\/\/app.fide.com\/upload\/26582\/f99687dd719c4e8bc6a39e946c3d9ef7.jpg\" alt=\"\" \/><\/p>\n<p>El relevo mundial de la antorcha de la FIDE ha viajado por el mundo para ser una celebraci\u00f3n hist\u00f3rica del ajedrez, fomentando la unidad y el entusiasmo por el deporte. Hasta ahora, se ha pasado por la India, Suiza, Ghana, Canad\u00e1 y Marruecos, dejando un rastro de emoci\u00f3n y unidad en el ajedrez. Despu\u00e9s de Colombia, zarpar\u00e1 hacia Rumania, donde se unir\u00e1 a dos eventos importantes: el Campeonato Mundial de Ajedrez por Equipos Escolares y el Grand Chess Tour. La etapa rumana del relevo de la antorcha de ajedrez est\u00e1 programada para el 4 de julio.<\/p>\n","protected":false},"excerpt":{"rendered":"<p>Medell\u00edn, 27 de mayo de 2024.- El relevo de la antorcha de la FIDE lleg\u00f3 a Medell\u00edn, como parte de las celebraciones del centenario, lo que coincidi\u00f3 con el XVII Campeonato Absoluto de Ajedrez de las Am\u00e9ricas. El relevo de la antorcha, un s\u00edmbolo de unidad y el esp\u00edritu de ajedrez, ilumin\u00f3 Medell\u00edn, conocida por su vibrante cultura y apodo de \u00abla ciudad de la primavera eterna\u00bb. El relevo viaj\u00f3 a cinco parques ic\u00f3nicos: la Universidad de Antioquia, el Parque Jorge Eliecer Gait\u00e1n, la Plazuela San Ignacio, la Estaci\u00f3n del&#8230; <\/p>\n","protected":false},"author":3,"featured_media":53821,"comment_status":"closed","ping_status":"closed","sticky":false,"template":"","format":"standard","meta":{"footnotes":"","_links_to":"","_links_to_target":""},"categories":[53],"tags":[381,308],"class_list":["post-53820","post","type-post","status-publish","format-standard","has-post-thumbnail","hentry","category-deportes","tag-ajedrez","tag-deportes"],"_links":{"self":[{"href":"https:\/\/revistazetta.com\/index.php?rest_route=\/wp\/v2\/posts\/53820","targetHints":{"allow":["GET"]}}],"collection":[{"href":"https:\/\/revistazetta.com\/index.php?rest_route=\/wp\/v2\/posts"}],"about":[{"href":"https:\/\/revistazetta.com\/index.php?rest_route=\/wp\/v2\/types\/post"}],"author":[{"embeddable":true,"href":"https:\/\/revistazetta.com\/index.php?rest_route=\/wp\/v2\/users\/3"}],"replies":[{"embeddable":true,"href":"https:\/\/revistazetta.com\/index.php?rest_route=%2Fwp%2Fv2%2Fcomments&post=53820"}],"version-history":[{"count":0,"href":"https:\/\/revistazetta.com\/index.php?rest_route=\/wp\/v2\/posts\/53820\/revisions"}],"wp:featuredmedia":[{"embeddable":true,"href":"https:\/\/revistazetta.com\/index.php?rest_route=\/wp\/v2\/media\/53821"}],"wp:attachment":[{"href":"https:\/\/revistazetta.com\/index.php?rest_route=%2Fwp%2Fv2%2Fmedia&parent=53820"}],"wp:term":[{"taxonomy":"category","embeddable":true,"href":"https:\/\/revistazetta.com\/index.php?rest_route=%2Fwp%2Fv2%2Fcategories&post=53820"},{"taxonomy":"post_tag","embeddable":true,"href":"https:\/\/revistazetta.com\/index.php?rest_route=%2Fwp%2Fv2%2Ftags&post=53820"}],"curies":[{"name":"wp","href":"https:\/\/api.w.org\/{rel}","templated":true}]}}